{"id":370255,"date":"2026-02-25T19:58:15","date_gmt":"2026-02-25T19:58:15","guid":{"rendered":"https:\/\/www.europesays.com\/it\/370255\/"},"modified":"2026-02-25T19:58:15","modified_gmt":"2026-02-25T19:58:15","slug":"ferrari-con-bandiera-iridata-e-alloro-nella-nuova-livrea-delle-499p-2026","status":"publish","type":"post","link":"https:\/\/www.europesays.com\/it\/370255\/","title":{"rendered":"Ferrari con bandiera iridata e alloro nella nuova livrea delle 499P 2026"},"content":{"rendered":"<p>Nella prestigiosa cornice del Museo Enzo Ferrari di Modena, la Ferrari ha presentato la livrea della 499P che si presenter\u00e0 al via del FIA World Endurance Championship 2026 per difendere i titoli Mondiali Piloti e Costruttori conquistati nella passata stagione.<\/p>\n<p>All&#8217;evento, aperto al pubblico, oltre al grande Capo di Ferrari Endurance e Corse Clienti, Antonello Coletta, e dell&#8217;Ingegnere capo Ferdinando Cannizzo, erano presenti anche l&#8217;AD Benedetto Vigna, il Responsabile Commerciale Enrico Galliera e il Responsabile dello Sviluppo per il settore prodotto, Gianmaria Fulgenzi.<\/p>\n<p>Il Cavallino Rampante ha rinunciato al #1 per il suo prototipo ibrido LMH mantenendo il #50 e #51 per i confermatissimi equipaggi formati da Miguel Molina\/Antonio Fuoco\/Nicklas Nielsen e Antonio Giovinazzi\/Alessandro Pier Guidi\/James Calado, Campioni del Mondo in carica.<\/p>\n<p>   <img decoding=\"async\" draggable=\"false\" src=\"https:\/\/www.europesays.com\/it\/wp-content\/uploads\/2026\/02\/fxpgj9-ferrari-499p-2026-teams.jpg\" alt=\"\" loading=\"lazy\" width=\"1200\" height=\"800\"\/> <\/p>\n<p>\u201cLe ambizioni alla vigilia della nuova stagione sono simili a quelle del 2025: cercare\u00a0di fare sempre del nostro meglio, gara dopo gara. Ci saranno otto appuntamenti dove sar\u00e0 importante fare pi\u00f9 punti possibili, in ogni singolo round, e ridurre gli errori, anche perch\u00e9 il livello degli avversari \u00e8 molto alto e la competizione continua a crescere. Abbiamo finito la scorsa stagione in modo positivo, quindi cercheremo di riconfermare questo trend sin dal debutto in Qatar\u201d, ha commentato Fuoco.<\/p>\n<p>Molina aggiunge: \u201cDopo tre anni in cui siamo stati protagonisti di ottimi risultati, terminando fra i primi tre della classifica iridata come equipaggio #50, l\u2019ambizione rimane quella di puntare a vincere il campionato. Attendiamo di vedere in che situazione ci troveremo all&#8217;inizio della stagione&#8221;.<\/p>\n<p>&#8220;Le gare fondamentali saranno la prima in Qatar, perch\u00e9 potr\u00e0 dare le prime indicazioni dopo la pausa invernale, e poi Le Mans, per il suo fascino e la sua storia, ma soprattutto perch\u00e9 i punti attribuiti valgono doppio e servono per poter affrontare al meglio l\u2019ultima parte dell\u2019annata. Le gare pi\u00f9 difficili credo saranno nuovamente San Paolo e Fuji\u201d.<\/p>\n<p>Carico anche Nielsen: \u201cDopo tre anni molto intensi, ora ovviamente vogliamo provare a puntare al Campionato del Mondo. Finora il percorso che abbiamo fatto nella Classe Regina dell\u2019endurance \u00e8 stato incredibile: l\u2019evoluzione che abbiamo visto dal 2023 \u00e8 stata notevole, sotto tutti gli aspetti, e sappiamo di avere una vettura competitiva: dobbiamo proseguire mantenendo questo slancio positivo&#8221;.<\/p>\n<p>&#8220;L\u2019obiettivo \u00e8 anche di migliorarci su piste come Fuji e San Paolo, dove abbiamo sofferto di pi\u00f9 rispetto ad altri circuiti, ma ad aiutarci interverr\u00e0 l\u2019esperienza. Corriamo con la 499P dal 2023 ma c\u2019\u00e8 sempre qualcosa da imparare sia come squadra sia come pilota\u201d.<\/p>\n<p>   <img decoding=\"async\" draggable=\"false\" src=\"https:\/\/www.europesays.com\/it\/wp-content\/uploads\/2026\/02\/qhttit-ferrari-499p-2026-detai.jpg\" alt=\"\" loading=\"lazy\" width=\"1200\" height=\"800\"\/> <\/p>\n<p>Dall&#8217;altro lato del box, c&#8217;\u00e8 ovviamente grande euforia e, al tempo stesso, consapevolezza della responsabilit\u00e0 di dover difendere il Mondiale conseguito con grande merito nel novembre scorso, come sottolinea Pier Guidi.<\/p>\n<p>\u201cRicominciare dopo aver vinto il campionato di sicuro \u00e8 un fatto positivo, una condizione che ci d\u00e0 molta energia, ma allo stesso tempo siamo consapevoli che tutti ripartono di nuovo da zero punti e con le stesse possibilit\u00e0 di far bene&#8221;, analizza il piemontese.<\/p>\n<p>&#8220;Confermarsi Campioni \u00e8 sempre pi\u00f9 complicato che diventarlo, \u00e8 una situazione che ho gi\u00e0 vissuto dopo i successi iridati con le vetture GT. L\u2019obiettivo del 2026 \u00e8 riconfermare quello che abbiamo fatto l&#8217;anno scorso e possibilmente migliorare il risultato di Le Mans dove siamo saliti sul podio, e in quelle tappe dove \u00e8 possibile fare di pi\u00f9. In Qatar lo scorso anno siamo stati molto veloci e speriamo di ripeterci per poter iniziare il campionato con il piede giusto\u201d.<\/p>\n<p>Gli fa eco Calado: \u201cAbbiamo una vettura competitiva e un ottimo team coeso. Per il 2026 il desiderio \u00e8 di provare a vincere nuovamente il campionato, ma siamo consapevoli di quanto la sfida sar\u00e0 dura. Essere costanti in ogni gara in un calendario composto da otto round \u00e8 fondamentale, soprattutto in una prova come la 24h di Le Mans, dove il punteggio \u00e8 doppio e il risultato pu\u00f2 essere determinante per la classifica finale&#8221;.<\/p>\n<p>&#8220;Nel 2025, nonostante la vittoria in campionato, abbiamo commesso alcuni errori nel corso dell\u2019annata e abbiamo ricevuto diverse penalit\u00e0: sono aspetti che dobbiamo tenere in considerazione per il futuro, cercando di migliorarci anche riducendo il numero di errori\u201d.<\/p>\n<p>Giovinazzi conclude: \u201cIl\u00a02025 \u00e8 stato un anno fantastico avendo raggiunto l&#8217;obiettivo che rappresentava il mio sogno fin da bambino: diventare Campione del Mondo con Ferrari. Ci presentiamo ai nastri di partenza nel 2026 da vincitori, ma ripetere quanto fatto la scorsa stagione non sar\u00e0 facile, e sappiamo che tutti gli avversari torneranno in pista con l\u2019obiettivo di batterci&#8221;.<\/p>\n<p>&#8220;Il campionato ripartir\u00e0 dal Qatar, dove nel 2025 abbiamo concluso con una fantastica tripletta Ferrari: il primo round stagionale sar\u00e0 importante per valutare il nostro livello e quello degli avversari. La prova di Le Mans \u00e8 la gara pi\u00f9 importante dell\u2019anno anche se attendo con altrettanta passione anche la 6 Ore di Imola, in Italia, dove nel 2025 abbiamo vinto di fronte ai nostri tifosi\u201d.<\/p>\n<p>   <img decoding=\"async\" draggable=\"false\" src=\"https:\/\/www.europesays.com\/it\/wp-content\/uploads\/2026\/02\/atf3vh-ferrari-499p-2026-front.jpg\" alt=\"\" loading=\"lazy\" width=\"1200\" height=\"800\"\/><br \/>\nLa bandiera iridata torna sul Rosso<\/p>\n<p>La grande novit\u00e0 della livrea che vestir\u00e0 le 499P del team ufficiale Ferrari &#8211; AF Corse riguarda ovviamente i simboli dei Campioni del Mondo. Non il #1, come detto, accantonato come gi\u00e0 anticipato da tempo in favore dei numeri che hanno contraddistinto il ritorno della Casa di Maranello nella Classe Regina del WEC e per non differenziare ulteriormente gli equipaggi che hanno contribuito in egual modo all&#8217;impresa nella classifica Costruttori.<\/p>\n<p>Ci sono quindi gli allori iridati attribuiti dalla FIA ai Campioni del Mondo in carica come simboli evocativi, posti al fianco della ruota anteriore sotto allo scudetto Ferrari e sulla fascia parasole del parabrezza.<\/p>\n<p>Pier Guidi\/Calado\/Giovinazzi godranno anche delle rispettive coroncine poste sopra i loro nomi nella parte alta dell&#8217;abitacolo, nella appendice aerodinamica che sovrasta la portiera, in quanto Campioni in carica piloti.<\/p>\n<p>Per quanto concerne la colorazione, c&#8217;\u00e8 sempre il classico abbinamento con il Giallo Modena che Ferrari ha scelto come omaggio alla mitica 312 P fin dall&#8217;esordio in Classe HYPERCAR nel 2023, ma con una ulteriore evoluzione.<\/p>\n<p>Il Centro Stile Ferrari ha voluto valorizzare ancora di pi\u00f9 la centralit\u00e0 dell\u2019abitacolo, ora contornato dalla doppia fascia, lasciando per la prima volta libero il cerchio centrale del numero sul muso e assumendo una direzione diagonale opposta alle precedenti versioni, con le forme di una freccia con la punta rivolta al posteriore.<\/p>\n<p>Dopo la tinta pi\u00f9 scura dal sapore retr\u00f2 del 2025, per il 2026 la scelta \u00e8 ricaduta sul Rosso Scuderia con una inedita finitura lucida e non pi\u00f9 opaca, utilizzando un trattamento e un colore identici alla SF-26 di F1.<\/p>\n<p>   <img decoding=\"async\" draggable=\"false\" src=\"https:\/\/www.europesays.com\/it\/wp-content\/uploads\/2026\/02\/hwc5pj-ferrari-499p-2026-side-.jpg\" alt=\"\" loading=\"lazy\" width=\"1200\" height=\"800\"\/><br \/>\nUn lavoro di ricalibrazione<\/p>\n<p>Come gi\u00e0 annunciato da tempo, la 499P si presenter\u00e0 ai nastri di partenza nella stessa versione dello scorso anno, dato che i tecnici di Maranello hanno preferito continuare lo sviluppo al simulatore e in pista con quello che avevano in mano &#8211; raccolto sui tracciati dei campionati passati e analizzato a fondo &#8211; e senza spendere ulteriori Joker Evo per aggiornamenti, che magari arriveranno pi\u00f9 avanti.<\/p>\n<p>C&#8217;\u00e8 comunque stato un lavoro di affinamento perch\u00e9 FIA-ACO ed IMSA si sono accordate per far svolgere una nuova omologazione di tutte le vetture costruite secondo i regolamenti LMH e LMDh nella innovativa galleria del vento Windshear situata a Concord, in North Carolina, al fine di avere maggiori dati alla mano per poter lavorare meglio sulla stesura del Balance of Performance.<\/p>\n<p>\u201cLe gare dove abbiamo sofferto nel 2025 sono quelle che ci hanno dato maggiori spunti di miglioramento. A questo si aggiunge il fatto che abbiamo dovuto ri-omologare la vettura, e che utilizzeremo nuovi pneumatici&#8221;, ha detto l&#8217;Ingegner Cannizzo.<\/p>\n<p>&#8220;La Federazione ha deciso di rimisurare tutte le auto in una nuova galleria del vento negli USA: questo ha comportato un riposizionamento della 499P nella finestra di prestazioni, che dovr\u00e0 essere compresa e adattata in termini di assetti. Abbiamo di conseguenza una nuova aerodinamica: seppur con piccoli cambiamenti, differisce in maniera importante sul comportamento della vettura&#8221;.<\/p>\n<p>&#8220;Per ricentrare le prestazioni aerodinamiche nella nuova finestra abbiamo lavorato su alcune aree della 499P, principalmente il fondo, per raggiungere gli obiettivi di resistenza e carico aerodinamico richiesti dal regolamento. La nuova finestra ha comportato una ricalibrazione della mappa aerodinamica, dunque dovremo ritrovare al meglio l\u2019equilibrio che ha sempre contraddistinto la 499P&#8221;.<\/p>\n<p>Inoltre la Michelin introdurr\u00e0 una nuovissima versione delle sue Pilot Sport per i prototipi, dunque tutte le squadre quest&#8217;anno andranno in pista con alcune incognite da scoprire riguardo il comportamento delle tre mescole portate dalla Casa francese di pneumatici.<\/p>\n<p>&#8220;Quanto alle nuove gomme Michelin dovremo ritrovare non solo la correlazione tra la galleria del vento e i dati di pista,\u00a0ma anche tra assetto della vettura e pneumatici stessi&#8221;, prosegue il Responsabile delle vetture endurance di Ferrari.<\/p>\n<p>&#8220;Finora non abbiamo avuto la possibilit\u00e0 di esplorare completamente tutte le mescole, avendo provato fondamentalmente la media. C\u2019\u00e8 un miglioramento in termini di riscaldamento degli pneumatici, ma non abbiamo ancora compreso appieno gli impatti sul bilancio della vettura,\u00a0un lavoro che andremo a completare nel periodo che ci separa dall\u2019inizio del campionato\u201d.<\/p>\n<p>   <img decoding=\"async\" draggable=\"false\" src=\"https:\/\/www.europesays.com\/it\/wp-content\/uploads\/2026\/02\/xhhxl1-ferrari-499p-2026-34fro.jpg\" alt=\"\" loading=\"lazy\" width=\"1200\" height=\"800\"\/> <\/p>\n<p>Coletta chiosa: \u201cL\u2019obiettivo per il 2026 \u00e8 difendere la leadership conquistata nel 2025: un esercizio che non sar\u00e0 semplice\u00a0perch\u00e9 i nostri avversari sono sempre pi\u00f9 competitivi e molti di loro si presentano con vetture evolute,\u00a0mentre noi abbiamo fatto una scelta differente in quanto riteniamo che la competitivit\u00e0 della 499P sia ancora sufficiente per lottare ai massimi livelli&#8221;.<\/p>\n<p>&#8220;Affronteremo la stagione gara per gara con l\u2019intento di portare a casa\u00a0il massimo risultato possibile. La nostra filosofia \u00e8 quella di guardare sempre avanti,\u00a0non fermandoci a vivere di ricordi, nemmeno dopo una stagione indimenticabile come il 2025, quando abbiamo vissuto un\u2019emozione unica riportando a Maranello un titolo iridato nella Classe Regina dell\u2019endurance che mancava da oltre 50 anni&#8221;.<\/p>\n<p>&#8220;Nel 2026, dunque, affronteremo la sfida con la massima concentrazione senza farci condizionare qualora le cose non dovessero andare sempre nel modo migliore possibile. I nostri piloti hanno una grande esperienza, pertanto sono certo che nessuno soffrir\u00e0 la condizione di partire da Campioni del Mondo in carica\u201d.<\/p>\n<p>            Vogliamo la vostra opinione!<\/p>\n<p class=\"mt-auto\">Cosa vorresti vedere su Motorsport.com?<\/p>\n<p>            <a href=\"#\" class=\"ms-link text-link font-bold\">Partecipate al nostro sondaggio di 5 minuti.<\/a><\/p>\n<p class=\"mt-1 text-body\">&#8211; Il team di Motorsport.com<\/p>\n","protected":false},"excerpt":{"rendered":"Nella prestigiosa cornice del Museo Enzo Ferrari di Modena, la Ferrari ha presentato la livrea della 499P che&hellip;\n","protected":false},"author":3,"featured_media":370256,"comment_status":"","ping_status":"","sticky":false,"template":"","format":"standard","meta":{"footnotes":"","_share_on_mastodon":"0"},"categories":[176],"tags":[1537,90,89,31043,13803,245,244,31045,214271],"class_list":["post-370255","post","type-post","status-publish","format-standard","has-post-thumbnail","category-sport","tag-it","tag-italia","tag-italy","tag-le-mans","tag-presentazione-ferrari","tag-sport","tag-sports","tag-wec","tag-wec-ferrari-con-bandiera-iridata-e-alloro-nella-nuova-livrea-delle-499p-2026"],"share_on_mastodon":{"url":"https:\/\/pubeurope.com\/@it\/116133043138636883","error":""},"_links":{"self":[{"href":"https:\/\/www.europesays.com\/it\/wp-json\/wp\/v2\/posts\/370255","targetHints":{"allow":["GET"]}}],"collection":[{"href":"https:\/\/www.europesays.com\/it\/wp-json\/wp\/v2\/posts"}],"about":[{"href":"https:\/\/www.europesays.com\/it\/wp-json\/wp\/v2\/types\/post"}],"author":[{"embeddable":true,"href":"https:\/\/www.europesays.com\/it\/wp-json\/wp\/v2\/users\/3"}],"replies":[{"embeddable":true,"href":"https:\/\/www.europesays.com\/it\/wp-json\/wp\/v2\/comments?post=370255"}],"version-history":[{"count":0,"href":"https:\/\/www.europesays.com\/it\/wp-json\/wp\/v2\/posts\/370255\/revisions"}],"wp:featuredmedia":[{"embeddable":true,"href":"https:\/\/www.europesays.com\/it\/wp-json\/wp\/v2\/media\/370256"}],"wp:attachment":[{"href":"https:\/\/www.europesays.com\/it\/wp-json\/wp\/v2\/media?parent=370255"}],"wp:term":[{"taxonomy":"category","embeddable":true,"href":"https:\/\/www.europesays.com\/it\/wp-json\/wp\/v2\/categories?post=370255"},{"taxonomy":"post_tag","embeddable":true,"href":"https:\/\/www.europesays.com\/it\/wp-json\/wp\/v2\/tags?post=370255"}],"curies":[{"name":"wp","href":"https:\/\/api.w.org\/{rel}","templated":true}]}}