{"id":370569,"date":"2026-02-26T00:44:12","date_gmt":"2026-02-26T00:44:12","guid":{"rendered":"https:\/\/www.europesays.com\/it\/370569\/"},"modified":"2026-02-26T00:44:12","modified_gmt":"2026-02-26T00:44:12","slug":"zelensky-sente-trump-si-a-incontri-tra-leader-orban-alza-la-tensione","status":"publish","type":"post","link":"https:\/\/www.europesays.com\/it\/370569\/","title":{"rendered":"Zelensky sente Trump: \u00abS\u00ec a incontri tra leader\u00bb. Orb\u00e1n alza la tensione"},"content":{"rendered":"<p>    di<br \/>\n    Francesca Basso<\/p>\n<p class=\"summary-art is-line-h-12\">Budapest schiera i soldati: \u00abKiev mina la sicurezza energetica\u00bb. Ma Bruxelles: \u00abNessun rischio  per gli approvvigionamenti di petrolio\u00bb<\/p>\n<p class=\"chapter-paragraph\">DALLA NOSTRA CORRISPONDENTE\u00a0<br \/>BRUXELLES &#8211;<b>\u00a0<\/b><b>La tattica non \u00e8 nuova<\/b> \u2014 opporsi a ogni decisione Ue sull\u2019Ucraina \u2014 ma ora il premier ungherese <b>Viktor Orb\u00e1n<\/b>  sta portando all\u2019estremo la sua strategia anti-Kiev nel tentativo di rimontare nei sondaggi in vista delle elezioni del 12 aprile. Per la prima volta in sedici anni il leader magiaro  rischia di perdere alle urne.<\/p>\n<p>    \u00abNessun rischio\u00bb<\/p>\n<p class=\"chapter-paragraph\">Poco importa, quindi, che ancora ieri la Commissione europea abbia ribadito che \u00abin questa fase, <b>non vi \u00e8 alcun rischio immediato per la sicurezza dell\u2019approvvigionamento\u00bb<\/b> di petrolio da parte di Budapest e Bratislava, nonostante il non funzionamento dell\u2019<b>oleodotto Druzhba<\/b> messo fuori uso dai droni russi il 27 gennaio, perch\u00e9 \u00abla Croazia ha confermato che greggio non russo viene trasportato attraverso l\u2019oleodotto Adria verso Ungheria e Slovacchia\u00bb ed entrambe \u00abdispongono di riserve di petrolio\u00bb. <b>Orb\u00e1n ha deciso di alzare la tensione<\/b>: in un video pubblicato sulla sua pagina Facebook, <b>ha  accusato  l\u2019Ucraina di voler destabilizzare il sistema energetico ungherese<\/b> e ha annunciato di avere ordinato il dispiegamento di soldati e attrezzature per salvaguardare le infrastrutture critiche. Per il premier ungherese la chiusura di Druzhba \u00e8 stata causata da \u00abmotivi politici, non tecnici\u00bb: \u00abVedo che l\u2019Ucraina sta preparando ulteriori azioni per interrompere il funzionamento del sistema energetico ungherese\u00bb, ha aggiunto.    &#13;<br \/>\n&#13;<br \/>\n&#13;<br \/>\n&#13;<br \/>\n&#13;<br \/>\n&#13;<br \/>\n&#13;<br \/>\n&#13;<br \/>\n&#13;<br \/>\n&#13;<br \/>\n&#13;<br \/>\n&#13;<br \/>\n&#13;<br \/>\n&#13;<br \/>\n&#13;<br \/>\n&#13;<br \/>\n&#13;<br \/>\n&#13;<br \/>\n&#13;<br \/>\n&#13;<br \/>\n&#13;<br \/>\n&#13;<br \/>\n&#13;<br \/>\n&#13;<br \/>\n&#13;<br \/>\n&#13;<br \/>\n&#13;<br \/>\n&#13;<br \/>\n&#13;<br \/>\n&#13;<br \/>\n&#13;<br \/>\n&#13;<br \/>\n&#13;<br \/>\n&#13;<br \/>\n&#13;<br \/>\n&#13;<br \/>\n&#13;<br \/>\n&#13;<br \/>\n&#13;<br \/>\n&#13;<br \/>\n&#13;<br \/>\n&#13;<br \/>\n&#13;<br \/>\n&#13;<br \/>\n&#13;<br \/>\n&#13;<br \/>\n&#13;<br \/>\n&#13;<br \/>\n&#13;<br \/>\n&#13;<br \/>\n&#13;<br \/>\n&#13;<br \/>\n&#13;\n<\/p>\n<p>    La scusa<\/p>\n<p class=\"chapter-paragraph\">La scusa della sicurezza energetica  viene usata da Budapest per bloccare il <a href=\"https:\/\/www.corriere.it\/esteri\/26_febbraio_24\/ucraina-anniversario-mesto-6daf4502-b16d-44eb-b8a7-8ecc47351xlk.shtml\" rel=\"nofollow noopener\" target=\"_blank\">prestito Ue da 90 miliardi di euro<\/a>, di cui Kiev ha disperatamente bisogno,  e <b>il 20esimo pacchetto di <a href=\"https:\/\/www.corriere.it\/esteri\/26_febbraio_25\/russia-ucraina-emergenza-fondo-sovrano-esaurimento-15b9449e-bf6a-458c-bfdf-796da27ffxlk.shtml\" rel=\"nofollow noopener\" target=\"_blank\">sanzioni contro Mosca<\/a><\/b>, boicottato anche da Bratislava. Ungheria e Slovacchia, in virt\u00f9 della loro posizione geografica, godono di un\u2019esenzione nelle sanzioni che vietano l\u2019acquisto di petrolio russo. Il greggio di Mosca costa meno. Ora  la Croazia, ha spiegato la Commissione, sta valutando se possa legalmente  accettare greggio russo per rifornire Budapest e Bratislava  alla luce delle sanzioni dell\u2019Ue e degli Usa.<\/p>\n<p>    Gli interessi di Washington<\/p>\n<p class=\"chapter-paragraph\">La Commissione insiste che il prestito  sar\u00e0 sbloccato perch\u00e9 la decisione \u00e8 stata presa a Ventisette ma come non l\u2019ha ancora chiarito.  Non va  sottovalutato \u00e8 il potere di moral suasion che potrebbe esercitare il presidente degli Stati Uniti Trump. <b>Washington ha tutto l\u2019interesse che sia l\u2019Ue a mettere i soldi per Kiev<\/b>,  per il sostegno militare o per la ricostruzione. Qualcosa di muove. Ieri sera il presidente ucraino Zelensky ha riferito di avere avuto un colloquio con Trump sulle questioni che i rispettivi team affronteranno oggi nel bilaterale a Ginevra, ma soprattutto dei \u00abpreparativi\u00bb per il prossimo incontro  negoziale \u00abal completo in formato trilaterale all\u2019inizio di marzo\u00bb, quindi anche con i russi. L\u2019aspettativa  \u00e8 che <b>\u00abl\u2019incontro offra l\u2019opportunit\u00e0 di portare i colloqui a livello di leader<\/b>. Il presidente Trump sostiene questa sequenza di passi \u2014 ha spiegato Zelensky \u2014. \u00c8 l\u2019unico modo per risolvere tutte le questioni complesse e delicate e porre finalmente fine alla guerra\u00bb.<\/p>\n<p class=\"chapter-paragraph\">Intanto<b> l\u2019Assemblea generale dell\u2019Onu<\/b> ha adottato una risoluzione che riafferma il sostegno all\u2019Ucraina,  nonostante le obiezioni degli Usa che si sono astenuti perch\u00e9 volevano un voto separato sulla parte del testo che  ribadisce l\u2019integrit\u00e0 territoriale dell\u2019Ucraina \u00aball\u2019interno dei suoi confini riconosciuti a livello internazionale\u00bb. Inoltre due giorni fa l\u2019ambasciatrice ucraina presso gli Usa, Olha Stefanishyna, ha fatto sapere che in novembre funzionari del dipartimento di Stato si sono lamentati che le forze ucraine avessero danneggiato  il porto russo di Novorossiysk e <b>l\u2019oleodotto che trasporta petrolio Usa, kazako e russo<\/b> dal Kazakistan al  Mar Nero.<\/p>\n<p class=\"is-last-update\" datetime=\"2026-02-25T22:38:54+01:00\">25 febbraio 2026<\/p>\n<p class=\"is-copyright\">\n            \u00a9 RIPRODUZIONE RISERVATA\n        <\/p>\n","protected":false},"excerpt":{"rendered":"di Francesca Basso Budapest schiera i soldati: \u00abKiev mina la sicurezza energetica\u00bb. Ma Bruxelles: \u00abNessun rischio per gli&hellip;\n","protected":false},"author":3,"featured_media":370570,"comment_status":"","ping_status":"","sticky":false,"template":"","format":"standard","meta":{"footnotes":"","_share_on_mastodon":"0"},"categories":[160],"tags":[67615,293,12933,214353,2320,7144,14,164,165,1368,50367,29477,27011,214354,21293,56476,56477,399,400,381,6110,166,382,7,15,50365,3577,9864,115,90728,135,6840,4570,2441,4477,388,4484,7701,863,78142,2099,379,170,997,11,167,12,168,13835,410,161,162,163,4473],"class_list":["post-370569","post","type-post","status-publish","format-standard","has-post-thumbnail","category-mondo","tag-bratislava","tag-bruxelles","tag-budapest","tag-budapest-bratislava","tag-commissione","tag-croazia","tag-cronaca","tag-dal-mondo","tag-dalmondo","tag-decisione","tag-druzhba","tag-energetica","tag-energetico","tag-energetico-ungherese","tag-funzionamento","tag-greggio","tag-greggio-russo","tag-incontro","tag-kiev","tag-leader","tag-livello","tag-mondo","tag-mosca","tag-news","tag-notizie","tag-oleodotto","tag-orban","tag-petrolio","tag-premier","tag-premier-ungherese","tag-presidente","tag-prestito","tag-questioni","tag-rischio","tag-russi","tag-russo","tag-sanzioni","tag-scusa","tag-sicurezza","tag-sicurezza-energetica","tag-sistema","tag-trump","tag-ucraina","tag-ue","tag-ultime-notizie","tag-ultime-notizie-di-mondo","tag-ultimenotizie","tag-ultimenotiziedimondo","tag-ungherese","tag-usa","tag-world","tag-world-news","tag-worldnews","tag-zelensky"],"share_on_mastodon":{"url":"","error":"Validation failed: Text character limit of 500 exceeded"},"_links":{"self":[{"href":"https:\/\/www.europesays.com\/it\/wp-json\/wp\/v2\/posts\/370569","targetHints":{"allow":["GET"]}}],"collection":[{"href":"https:\/\/www.europesays.com\/it\/wp-json\/wp\/v2\/posts"}],"about":[{"href":"https:\/\/www.europesays.com\/it\/wp-json\/wp\/v2\/types\/post"}],"author":[{"embeddable":true,"href":"https:\/\/www.europesays.com\/it\/wp-json\/wp\/v2\/users\/3"}],"replies":[{"embeddable":true,"href":"https:\/\/www.europesays.com\/it\/wp-json\/wp\/v2\/comments?post=370569"}],"version-history":[{"count":0,"href":"https:\/\/www.europesays.com\/it\/wp-json\/wp\/v2\/posts\/370569\/revisions"}],"wp:featuredmedia":[{"embeddable":true,"href":"https:\/\/www.europesays.com\/it\/wp-json\/wp\/v2\/media\/370570"}],"wp:attachment":[{"href":"https:\/\/www.europesays.com\/it\/wp-json\/wp\/v2\/media?parent=370569"}],"wp:term":[{"taxonomy":"category","embeddable":true,"href":"https:\/\/www.europesays.com\/it\/wp-json\/wp\/v2\/categories?post=370569"},{"taxonomy":"post_tag","embeddable":true,"href":"https:\/\/www.europesays.com\/it\/wp-json\/wp\/v2\/tags?post=370569"}],"curies":[{"name":"wp","href":"https:\/\/api.w.org\/{rel}","templated":true}]}}