{"id":370590,"date":"2026-02-26T01:08:17","date_gmt":"2026-02-26T01:08:17","guid":{"rendered":"https:\/\/www.europesays.com\/it\/370590\/"},"modified":"2026-02-26T01:08:17","modified_gmt":"2026-02-26T01:08:17","slug":"sanremo-2026-il-racconto-della-seconda-serata-in-diretta-lomaggio-di-achille-lauro-alle-vittime-di-crans-montana-con-ditonellapiaga-si-chiude-la-gara-poi-lomaggio-a-vanoni-con-la-nipote","status":"publish","type":"post","link":"https:\/\/www.europesays.com\/it\/370590\/","title":{"rendered":"Sanremo 2026, il racconto della seconda serata in diretta | L&#8217;omaggio di Achille Lauro alle vittime di Crans Montana. Con Ditonellapiaga si chiude la gara, poi l&#8217;omaggio a Vanoni con la nipote"},"content":{"rendered":"<p>\t\t\tCalo di ascolti al Festival, Achille Lauro emoziona<\/p>\n<p>(Renato Franco e Andrea Laffranchi)\u00a0La scintilla, il fuoriprogramma, il guizzo. Niente. Il Festival prosegue su un binario di placida tranquillit\u00e0. Troppa. Una seconda serata su cui si allunga l\u2019ombra del debutto che non \u00e8 stato, confermano i numeri Auditel, un granch\u00e9: tre milioni di spettatori in meno, un calo di un quarto rispetto allo scorso anno. Il via con le semifinali dei Giovani: passano il sorriso di Nicol\u00f2 Filippucci con \u00abLaguna\u00bb e il timbro unico di Angelica Bove per \u00abMattone\u00bb. Al centro le 15 canzoni in gara (oggi le altre 15). In chiusura la nuova classifica decisa da Televoto e Radio: in testa (in ordine casuale) ci sono Tommaso Paradiso, Lda e Aka7even, Nayt, Fedez e Masini, Ermal Meta.   I co-conduttori si triplicano. Achille Lauro commuove platea in teatro e divani a casa con \u00abPerdutamente\u00bb, in ricordo dei ragazzi morti a Crans-Montana. Era la canzone preferita di una delle vittime, il 16enne Achille Barosi, che la madre aveva voluto cantare ai funerali a Milano: \u00abLa musica \u2014 ha ricordato Lauro di bianco vestito \u2014 ha il compito di accompagnarci, non \u00e8 solo intrattenimento ma qualcosa di pi\u00f9 viscerale. Se questa cosa ha confortato anche una sola persona, per noi era un dovere\u00bb. Anche con \u00ab16 marzo\u00bb, in duetto con Laura Pausini, Lauro guarda dall\u2019alto la serata.  Pilar Fogliati sa di gi\u00e0 visto ma funziona sempre, l\u2019aristocratica romana \u00e8 un suo cavallo di battaglia: \u00abMa voi fate questa cosa come lavoro? Cio\u00e8 percepite del danaro per fare questa cosa? Sono super fortunate le persone che lavorano, perch\u00e9 sanno cosa fare\u00bb.  Lillo cavalca gli stereotipi del manuale da bravo conduttore: \u00abla splendida cornice dell\u2019Ariston\u00bb, il \u00abvoltiamo pagina\u00bb, un classico dei tg. Quando il comico chiede dove si deve esibire un cantante a Sanremo, Carlo Conti lo interrompe: \u00abAl Teatro Olimpico?\u00bb, con un\u2019allusione alla gaffe dell\u2019ex direttore di Rai Sport Paolo Petrecca che aveva scambiato San Siro con lo stadio di Roma alla cerimonia inaugurale delle Olimpiadi. Certo con questo Lillo (ancora le gag delle pose da balletto) si ride di pi\u00f9 al DopoFestival con Federico Basso&#8230;  Tre milioni di spettatori e il 7% di share in meno. Il Festival \u00e8 partito in salita (o in discesa dipende da che parte si guarda il grafico). La replica dell\u2019impianto della scorsa edizione non ha pagato. Due motivi  saltano all\u2019occhio: la mancanza di un vero show televisivo \u2014 zero improvvisazione, mai un\u2019invenzione che lascia il segno, una scintilla \u2014 e canzoni che faticano. Per le icone come Patty Pravo, la prima dei Big a esibirsi, ci vorrebbe il premio alla carriera, non una canzone come \u00abOpera\u00bb che nei suoi anni d\u2019oro sarebbe stata un lato b. Raffaella Carr\u00e0 sapeva cantare e ballare: l\u2019omaggio di Elettra Lamborghini in \u00abVoil\u00e0\u00bb fa percepire la distanza dall\u2019originale. \u00abItalia Startere pack\u00bb di J-Ax somma i clich\u00e8 del country a quelli dei vizietti all\u2019italiana. La performance di Levante e delle bambole di Pezza \u00e8 meglio delle rispettive canzoni. Bene Nigiotti che con \u00abOgni volta che  non so volare\u00bb ha fra le mani un piccolo film. Su \u00abRomantici\u00bb Tommaso Paradiso chiude gli occhi e la malinconia avvolge i cuori. Convincono la forza tranquilla di Fulminacci, la coerenza di Nayt e l\u2019eleganza house di Ditonellapiaga. Nel complesso siamo fuori fuoco. Colpa del fotografo o del soggetto?  Carlo Conti non sembra turbato: \u00abSono molto contento. Non ho battuto me stesso ma ho lo stesso sorriso e la stessa serenit\u00e0 dello scorso anno. Rimane un risultato altissimo, il Festival sta bene, lo dimostrano questi numeri: \u00e8 il quarto miglior risultato dal 1997 a oggi (in share per\u00f2, non in numero assoluto di spettatori ndr). Io e Amadeus siamo ai primi quattro  posti, sono felice di condividere questo record con lui\u00bb.  \u00c8 onesto e dritto quando gli chiedono se \u2014 nel caso l\u2019erosione dei numeri continuasse \u2014 la colpa sarebbe da addebitare pi\u00f9 alla qualit\u00e0 delle canzoni o alla mancanza dello show: \u00abLa colpa sarebbe del direttore artistico\u00bb.<\/p>\n","protected":false},"excerpt":{"rendered":"Calo di ascolti al Festival, Achille Lauro emoziona (Renato Franco e Andrea Laffranchi)\u00a0La scintilla, il fuoriprogramma, il guizzo.&hellip;\n","protected":false},"author":3,"featured_media":370591,"comment_status":"","ping_status":"","sticky":false,"template":"","format":"standard","meta":{"footnotes":"","_share_on_mastodon":"0"},"categories":[174],"tags":[214373,15933,13555,71344,4008,2700,214374,214375,75278,128510,6509,134958,41478,2852,214362,8807,15066,9063,139625,27251,17065,141129,4291,3666,6381,6512,214363,120217,153225,212519,50322,14096,723,9808,2942,214359,214376,16371,141124,4657,16473,2307,8115,214377,9797,2387,5216,26399,1902,211015,211016,104,475,61919,3220,214378,631,2905,5464,12576,214379,15948,45400,214380,1411,214381,2235,40227,214382,214383,36189,110178,44739,213593,153228,153229,10607,13985,214384,214385,3059,1109,190256,214386,214387,41712,26,11421,2730,214388,3592,139081,1720,214389,203,64252,15588,94308,12856,32942,27815,466,153232,214390,69891,4631,153233,1426,103448,5701,199981,214364,61924,629,105008,204,2503,1537,90,89,24944,2324,10726,40615,61928,214365,31424,51597,42758,33689,9862,214366,214367,4002,45929,114,213595,153234,214368,214369,3334,110181,214370,1539,108692,28075,176110,154077,3090,1294,2508,103268,5917,2949,2298,12282,26344,21056,20811,199488,141130,13758,103441,103452,2466,26347,776,119137,3338,17299,3673,1270,9143,7600,2521,159076,214371,214372,13287,9065,3461,214360,214361,157539,15856,4887,84141,7777,13140,74348,47261,838,140643,22312,27425],"class_list":["post-370590","post","type-post","status-publish","format-standard","has-post-thumbnail","category-intrattenimento","tag-accompagnarci","tag-achille","tag-achille-lauro","tag-aka","tag-amico","tag-andrea","tag-anffas","tag-anffas-spezia","tag-angelica","tag-angelica-bove","tag-apre","tag-ardenzi","tag-ariston","tag-artista","tag-artista-gara","tag-artisti","tag-ascolti","tag-ascolto","tag-ax","tag-ballare","tag-bambole","tag-bambole-pezza","tag-battuto","tag-bel","tag-bianco","tag-big","tag-big-esibirsi","tag-blind","tag-blind-el","tag-blind-el-soniko","tag-bove","tag-brano","tag-calo","tag-canta","tag-cantante","tag-cantante-gara","tag-cantante-gara-ax","tag-cantanti","tag-cantanti-gara","tag-cantare","tag-cantato","tag-cantautore","tag-canzone","tag-canzone-opera","tag-canzoni","tag-carlo","tag-carlo-conti","tag-carra","tag-carriera","tag-carriera-fausto","tag-carriera-fausto-leali","tag-centro","tag-chiede","tag-chiello","tag-chiude","tag-chiude-gara","tag-cinque","tag-colpa","tag-comico","tag-compito","tag-compito-accompagnarci","tag-conduttore","tag-conduttori","tag-confortato","tag-conti","tag-conti-pausini","tag-coppia","tag-coro","tag-coro-anffas","tag-coro-anffas-spezia","tag-country","tag-crans","tag-crans-montana","tag-cruccu","tag-dargen","tag-dargen-amico","tag-debutto","tag-decimo","tag-decimo-cantante","tag-decimo-cantante-gara","tag-deciso","tag-direttore","tag-ditonellapiaga","tag-ditonellapiaga-chiude","tag-ditonellapiaga-chiude-gara","tag-divertente","tag-dovere","tag-duetto","tag-el","tag-el-soniko","tag-elementi","tag-elettra","tag-elettra-lamborghini","tag-elettra-lamborghini-voila","tag-entertainment","tag-ermal","tag-ermal-meta","tag-esibirsi","tag-esibizione","tag-fausto","tag-fausto-leali","tag-fedez","tag-fedez-masini","tag-fedez-masini-ermal","tag-festini","tag-festival","tag-filippucci","tag-finale","tag-fogliati","tag-francesca","tag-francesca-lollobrigida","tag-francesca-lollobrigida-lisa","tag-fulminacci","tag-gara","tag-gazzoli","tag-intrattenimento","tag-introdotto","tag-it","tag-italia","tag-italy","tag-lamborghini","tag-laura","tag-laura-pausini","tag-lauro","tag-lda","tag-lda-aka","tag-levante","tag-lillo","tag-lisa","tag-lisa-vittozzi","tag-lollobrigida","tag-lollobrigida-lisa","tag-lollobrigida-lisa-vittozzi","tag-mamma","tag-masini","tag-matteo","tag-matteo-cruccu","tag-mazzariello","tag-mazzariello-angelica","tag-mazzariello-angelica-bove","tag-meta","tag-montana","tag-mortadella","tag-musica","tag-nayt","tag-nicolo","tag-nicolo-filippucci","tag-nigiotti","tag-notare","tag-numeri","tag-nuove","tag-nuove-proposte","tag-olimpiadi","tag-omaggio","tag-palco","tag-paradiso","tag-patty","tag-patty-pravo","tag-pausini","tag-petrecca","tag-pezza","tag-pezzo","tag-pilar","tag-pilar-fogliati","tag-pochi","tag-pravo","tag-premio","tag-premio-carriera","tag-primi","tag-proposte","tag-quarto","tag-rispetto","tag-sanremo","tag-scaletta","tag-seconda","tag-seconda-serata","tag-seconda-sfida","tag-seconda-sfida-nuove","tag-sera","tag-serata","tag-sfida","tag-sfida-nuove","tag-sfida-nuove-proposte","tag-soniko","tag-spettatori","tag-teatro","tag-televoto","tag-tocca","tag-tommaso","tag-tommaso-paradiso","tag-vanoni","tag-vittime","tag-vittozzi","tag-volare","tag-voluto"],"share_on_mastodon":{"url":"","error":"Validation failed: Text character limit of 500 exceeded"},"_links":{"self":[{"href":"https:\/\/www.europesays.com\/it\/wp-json\/wp\/v2\/posts\/370590","targetHints":{"allow":["GET"]}}],"collection":[{"href":"https:\/\/www.europesays.com\/it\/wp-json\/wp\/v2\/posts"}],"about":[{"href":"https:\/\/www.europesays.com\/it\/wp-json\/wp\/v2\/types\/post"}],"author":[{"embeddable":true,"href":"https:\/\/www.europesays.com\/it\/wp-json\/wp\/v2\/users\/3"}],"replies":[{"embeddable":true,"href":"https:\/\/www.europesays.com\/it\/wp-json\/wp\/v2\/comments?post=370590"}],"version-history":[{"count":0,"href":"https:\/\/www.europesays.com\/it\/wp-json\/wp\/v2\/posts\/370590\/revisions"}],"wp:featuredmedia":[{"embeddable":true,"href":"https:\/\/www.europesays.com\/it\/wp-json\/wp\/v2\/media\/370591"}],"wp:attachment":[{"href":"https:\/\/www.europesays.com\/it\/wp-json\/wp\/v2\/media?parent=370590"}],"wp:term":[{"taxonomy":"category","embeddable":true,"href":"https:\/\/www.europesays.com\/it\/wp-json\/wp\/v2\/categories?post=370590"},{"taxonomy":"post_tag","embeddable":true,"href":"https:\/\/www.europesays.com\/it\/wp-json\/wp\/v2\/tags?post=370590"}],"curies":[{"name":"wp","href":"https:\/\/api.w.org\/{rel}","templated":true}]}}