{"id":370647,"date":"2026-02-26T02:00:13","date_gmt":"2026-02-26T02:00:13","guid":{"rendered":"https:\/\/www.europesays.com\/it\/370647\/"},"modified":"2026-02-26T02:00:13","modified_gmt":"2026-02-26T02:00:13","slug":"lisa-vittozzi-ospite-sul-palco-di-sanremo-eta-dove-vive-carriera-successi-medaglie-altezza-peso-il-messaggero","status":"publish","type":"post","link":"https:\/\/www.europesays.com\/it\/370647\/","title":{"rendered":"Lisa Vittozzi, ospite sul palco di Sanremo: et\u00e0, dove vive, carriera, successi, medaglie, altezza, peso &#8211; Il Messaggero"},"content":{"rendered":"<ol>\n<li><a href=\"https:\/\/news.google.com\/rss\/articles\/CBMipwFBVV95cUxQekV6cnF3bUxZNGZUTUM1Z2FvdzBfalZLMzNwYzdpTEpUbVcxQlZHbW1BcVFDVjN5d3prbjhMZS1vMVRtQzNjcVdVNVdCd0pobDFtM21wMWVEMGcyWHhWaTYtdjgtS2hXajA2bDRlZnc5YVIwdDM3NU1qM0UwYkZrdzhnSmJlUDhNUk1KOVJhT1lGa25BQUJJb0dETlB3M3pYbDAwSFhiTdIBrAFBVV95cUxQTWhLR2NPY2FuNURVU1AwMDVCRk1rNE5nMk5Od29pSHFRWlhRZXFkWXFPWGtTNDJaUUpxVVY3TEVDYWVYaUZFeWZfWHVHSEF4VzFhdWhnWkl6SEJSV1h6QTlaZHhaMl9GdEdscGRiT0t1TEVxV3lqQXppMkNzazF5VmpCMTI3dW85ZVlsc3B3UUk5SVBwb2xlNnNiVWpiVlNpTkk4Um5MY0E4OWgz?oc=5\" target=\"_blank\" rel=\"nofollow noopener\">Lisa Vittozzi, ospite sul palco di Sanremo: et\u00e0, dove vive, carriera, successi, medaglie, altezza, peso<\/a>&nbsp;&nbsp;Il Messaggero<\/li>\n<li><a href=\"https:\/\/news.google.com\/rss\/articles\/CBMizAFBVV95cUxPb1JRNU1Fa20telpsT1FlOHVXR0daaUcxNnBMMU5obm1IOHBOWmZDbUt2WUN2b0Q4Z3BwcTNIX1RjdHFUS1h0LUMxdmhDQ1Z4eFZfWXBRYzdQRzY3TjRDZnQxaXlsRWlXeXcyWmdaeFpfVW5BUzVlSWZjYUh3UUEzX2dzNnhFUFhLbVlVc3AzRmhNSVNjQ3c4c3ZvYXl4QlNkaHJUQzR6VDltbDZfdklXRDVoVUFVaXFSNzdsa1c1dVkxRzFNdmxsdHpXUnPSAdIBQVVfeXFMT3NWUFNTdEhmbnJjOFRWMXNMUTBXZUtzb0pCV29MNU5VV3lER21JbEtQcURLY2xjWE5OWDlrbkd3aDVJNnpVNnB4cjJzSEJoQURYNHVRTWZBUTBPRkR3OC1jSktsUjVBamVVczZHOW1XX0xMU3kxN1Z5RE82bHA4NTc5NUhTOTZncV9XWmY0NEdSWW5BdjdrVmZGdUdDaVlZLXRXOXhld2VCWmNiZkVSVlowZ054TXhGTFk4by0tV2hndlg3b3FmX3FIemVwdks0TEtR?oc=5\" target=\"_blank\" rel=\"nofollow noopener\">Perch\u00e9 Arianna Fontana non sar\u00e0 al Festival di Sanremo? Cosa \u00e8 successo<\/a>&nbsp;&nbsp;Corriere della Sera<\/li>\n<li><a href=\"https:\/\/news.google.com\/rss\/articles\/CBMi1AFBVV95cUxQNDhVUTJuMnpPN25kXzVlMjVrMzdVbUZwNEwyR0VOSVhwemVRc0lyUTBTQk9NX0h3eE0xTEt5UjBVT1RLVDZZOWVLYWdJMTlPaUVVdG5YTEZYZlNvb2NDcWhBbGlIY3J4dkFQbXhmOWFNVl9KOFAxaFQ4cFkxdFRwSGZWV1RHeTlmb3ZiRGl2QThSeC11S3FhQ2R2WEllSXlNMTdNMHdZMlNXbE1PQUNNYi11b1hxVWlBQnprdWo3NmZUQ3dTcGRUMkZfY294QVNrd2dvTNIB2gFBVV95cUxPblJpelEyQmZyNFdoYmUyUWJLMXR4YjdCcFAyTktCckpPcjAyai1HVWxRamVZakpydmhqbmh5VGtqdGluUkdYZ1JYandGSWkxV2htbGRMY2Rob3M5WWFtbGlkVDhFQmNheHRjVnZKaXd1akZEcFZxSFJtc2ZZeDdGR1VGWFoxd1BDWHk4NXdDenVRb0FfVkxhNEd1MmZhV2VFMUJ1M2dTT2FMdDMxOEtEaloyam1SZFBwRXN0SG12MWRfQlVFUElieXlVVjlRT2p3WHlFREZEVjhWUQ?oc=5\" target=\"_blank\" rel=\"nofollow noopener\">Gli applausi di Sanremo per Lollobrigida e Vittozzi: &#8220;Che emozione mio figlio in tribuna&#8221;<\/a>&nbsp;&nbsp;La Gazzetta dello Sport<\/li>\n<li><a href=\"https:\/\/news.google.com\/rss\/articles\/CBMihwJBVV95cUxQWlU1YUhnSGUtanRldDNJbm9DTG9LREwtRVFtM1FkdWE3VlBLS1VlY01CNGl0V29TNkgxQk4wclVod1NGV3dXdzZvODVIYjlQTTM3VzZGVWVlUkwxZ28zZmRmYXVJempSdHNMYnFrZHZJcEJqWWtkZ0dJZFhNazE5aWUwNXo3Yk93czhGbWpJd25Kd2hNc0kzZE1qOUV6ZzBNdUJiV1hSajMtTzh2VWVjZy00a1lCUS1Salc1R2NEZmZ6bTd3bnFpSHB0TnVhQVJDQ2U2dmtuU2VGbmU1dmJLWFA0aHlINUNWLWhBbXJpNnVWeW42V0FwMS1ZREptbDZ5QU1fazZONNIBjAJBVV95cUxPQVBCbk9uSEZTSkJBdmg0MG9vRXJBc3JqXzZyNldsVFBNa1ZSWlhDdVg1ZXYxWUhyRVZPamNrUF9yRFMySTdGaVRha2IwZEh4UU4zQW96Yno5bWN5SEdEVnV6eFgtYUNEQ1hlVkNHTzAxdzNfRVdrYmxET0JsTUtwdVNra0tHdnhLakMxRmxmQ2VsQ2YwMWJjb3Q1b0tLbndKejA2VFhWcmVSeFVWSGx3bWlZYmI5TnJVQThxUWZpSWVJMVdBV25zc3dMVFBobTNHVDNYbFgwMUNPbjNjejNvX0I0Wm5mSUpuZUtHenlQcWhIclM5M0U2WWhsQVczVWhrQi1xamZiQzZJbFBU?oc=5\" target=\"_blank\" rel=\"nofollow noopener\">Milano Cortina sul palco dell&#8217;Ariston: campionesse Olimpiche e atleti Paralimpici ospiti a Sanremo<\/a>&nbsp;&nbsp;RaiNews<\/li>\n<li><a href=\"https:\/\/news.google.com\/rss\/articles\/CBMiwgJBVV95cUxPOUZhOW1Cb09FTnFNbmF6Z3dLckF6enpCMHBBWnNGMndqX3BCbERTSFRHN0tXWmZVQW9MaWg3cjJPTzhfQ212LUotNW8wNFN6LXc3MnRxbEZKeXp4cG1pUWlSYW1ETHh4azZpRVZlVmJYMmFPMWx1ckYzc3lGRDRLR29sSWg2emF6eU5DcWlfNHRoeDQ0YXpWU19Bdlh3Z0l1blBqb05ZNnNkellacXFabFRRdlhqWFdRSUlGZWttdXB2amV4WTVqRGhhWG5EVDZmdEZFekpsbWxGNWpFaVJBcHliNHZkM0lBSEt3U2ttRGRRVXR0NGF0a1RnMFlHMjdRWVp2aDJ6R0Npd0NBQjZVOEduek9lQWFoUWdLZ3Z2dUN5Zkx0bWpEdnZKTl9uTnBUQVFEV1hjUHBkN3puVy1Bd2tR?oc=5\" target=\"_blank\" rel=\"nofollow noopener\">A Sanremo le campionesse Lollobrigida e Vittozzi e l&#8217;appello degli atleti paralimpici<\/a>&nbsp;&nbsp;ANSA<\/li>\n<\/ol>\n","protected":false},"excerpt":{"rendered":"Lisa Vittozzi, ospite sul palco di Sanremo: et\u00e0, dove vive, carriera, successi, medaglie, altezza, peso&nbsp;&nbsp;Il Messaggero Perch\u00e9 Arianna&hellip;\n","protected":false},"author":3,"featured_media":370648,"comment_status":"","ping_status":"","sticky":false,"template":"","format":"standard","meta":{"footnotes":"","_share_on_mastodon":"0"},"categories":[176],"tags":[1537,90,89,33689,147521,27473,212348,245,244],"class_list":["post-370647","post","type-post","status-publish","format-standard","has-post-thumbnail","category-sport","tag-it","tag-italia","tag-italy","tag-lisa-vittozzi","tag-olimpiadi-milano-cortina","tag-sanremo-2026","tag-scaletta-sanremo","tag-sport","tag-sports"],"share_on_mastodon":{"url":"https:\/\/pubeurope.com\/@it\/116134466355785514","error":""},"_links":{"self":[{"href":"https:\/\/www.europesays.com\/it\/wp-json\/wp\/v2\/posts\/370647","targetHints":{"allow":["GET"]}}],"collection":[{"href":"https:\/\/www.europesays.com\/it\/wp-json\/wp\/v2\/posts"}],"about":[{"href":"https:\/\/www.europesays.com\/it\/wp-json\/wp\/v2\/types\/post"}],"author":[{"embeddable":true,"href":"https:\/\/www.europesays.com\/it\/wp-json\/wp\/v2\/users\/3"}],"replies":[{"embeddable":true,"href":"https:\/\/www.europesays.com\/it\/wp-json\/wp\/v2\/comments?post=370647"}],"version-history":[{"count":0,"href":"https:\/\/www.europesays.com\/it\/wp-json\/wp\/v2\/posts\/370647\/revisions"}],"wp:featuredmedia":[{"embeddable":true,"href":"https:\/\/www.europesays.com\/it\/wp-json\/wp\/v2\/media\/370648"}],"wp:attachment":[{"href":"https:\/\/www.europesays.com\/it\/wp-json\/wp\/v2\/media?parent=370647"}],"wp:term":[{"taxonomy":"category","embeddable":true,"href":"https:\/\/www.europesays.com\/it\/wp-json\/wp\/v2\/categories?post=370647"},{"taxonomy":"post_tag","embeddable":true,"href":"https:\/\/www.europesays.com\/it\/wp-json\/wp\/v2\/tags?post=370647"}],"curies":[{"name":"wp","href":"https:\/\/api.w.org\/{rel}","templated":true}]}}