{"id":370763,"date":"2026-02-26T04:22:09","date_gmt":"2026-02-26T04:22:09","guid":{"rendered":"https:\/\/www.europesays.com\/it\/370763\/"},"modified":"2026-02-26T04:22:09","modified_gmt":"2026-02-26T04:22:09","slug":"cinque-ospedali-lombardi-tra-i-migliori-al-mondo-nella-classifica-di-newsweek-fontana-continueremo-a-investire-in-strutture-tecnologie-e-innovazione","status":"publish","type":"post","link":"https:\/\/www.europesays.com\/it\/370763\/","title":{"rendered":"Cinque ospedali lombardi tra i migliori al mondo nella classifica di Newsweek. Fontana: \u00abContinueremo a investire in strutture, tecnologie e innovazione\u00bb"},"content":{"rendered":"<p>    di<br \/>\n    Redazione Milano<\/p>\n<p class=\"summary-art is-line-h-12\">L&#8217;ospedale di Niguarda di Milano al 43\u00b0 posto, l&#8217;Humanitas di Rozzano al 51\u00b0, il San Raffaele al 57\u00b0, il Papa Giovanni XXIII di Bergamo al 104\u00b0 posto, il San Mattero di Pavia al 134\u00b0<\/p>\n<p class=\"chapter-paragraph\">La Lombardia si conferma ai vertici della sanit\u00e0 internazionale. Nella <b>classifica <\/b>\u00abWorld&#8217;s Best Hospitals 2026\u00bb pubblicata oggi da <b>Newsweek<\/b>, sono <b>cinque gli ospedali lombardi presenti tra i primi otto in Italia. <\/b>Un risultato che consolida il ruolo della Lombardia come punto di riferimento nazionale e internazionale per qualit\u00e0 delle cure, innovazione tecnologica e integrazione tra assistenza e ricerca. Tra gli ospedali lombardi in classifica figurano: 43\u00b0 posto mondiale &#8211; Grande Ospedale Metropolitano <b>Niguarda <\/b>(Milano), 51\u00b0 posto mondiale &#8211; Istituto Clinico <b>Humanitas <\/b>(Rozzano), 57\u00b0 posto mondiale &#8211; Ospedale <b>San Raffaele &#8211;<\/b> Gruppo San Donato (Milano), 104\u00b0 posto mondiale &#8211; Ospedale <b>Papa Giovanni XXIII <\/b>(Bergamo), 134\u00b0 posto mondiale &#8211; Ospedale <b>Policlinico San Matteo<\/b> (Pavia).<\/p>\n<p class=\"chapter-paragraph\">Nella graduatoria italiana sono inoltre presenti il Policlinico Universitario A. <b>Gemelli <\/b>di Roma (33\u00b0), il Policlinico <b>Sant&#8217;Orsola-Malpighi <\/b>di Bologna (76\u00b0), l&#8217;Azienda Ospedale<b> Universit\u00e0 Padova<\/b> (127\u00b0), l&#8217;Azienda Ospedaliera Universitaria Integrata Verona &#8211; Ospedale <b>Borgo Trento <\/b>(142\u00b0), l&#8217;Azienda Ospedaliero-Universitaria <b>Careggi <\/b>di Firenze (192\u00b0), l&#8217;AOU<b> Policlinico di Modena <\/b>(198\u00b0), l&#8217;Azienda Ospedaliera Universitari<b>a Sant&#8217;Andrea di Roma<\/b> (203\u00b0) e il Presidio Ospedaliero <b>Molinette <\/b>&#8211; Citt\u00e0 della Salute e della Scienza di Torino (221\u00b0).    &#13;<br \/>\n&#13;<br \/>\n&#13;<br \/>\n&#13;<br \/>\n&#13;<br \/>\n&#13;<br \/>\n&#13;<br \/>\n&#13;<br \/>\n&#13;<br \/>\n&#13;<br \/>\n&#13;<br \/>\n&#13;<br \/>\n&#13;<br \/>\n&#13;<br \/>\n&#13;<br \/>\n&#13;<br \/>\n&#13;<br \/>\n&#13;<br \/>\n&#13;<br \/>\n&#13;<br \/>\n&#13;<br \/>\n&#13;<br \/>\n&#13;<br \/>\n&#13;<br \/>\n&#13;<br \/>\n&#13;<br \/>\n&#13;<br \/>\n&#13;<br \/>\n&#13;<br \/>\n&#13;<br \/>\n&#13;<br \/>\n&#13;<br \/>\n&#13;<br \/>\n&#13;<br \/>\n&#13;<br \/>\n&#13;<br \/>\n&#13;<br \/>\n&#13;<br \/>\n&#13;<br \/>\n&#13;<br \/>\n&#13;<br \/>\n&#13;<br \/>\n&#13;<br \/>\n&#13;<br \/>\n&#13;<br \/>\n&#13;<br \/>\n&#13;<br \/>\n&#13;<br \/>\n&#13;<br \/>\n&#13;<br \/>\n&#13;<br \/>\n&#13;<br \/>\n&#13;\n<\/p>\n<p class=\"chapter-paragraph\"><b>\u00abCinque ospedali lombardi tra i primi otto in Italia e tre tra i primi cento al mondo <\/b>&#8211; ha dichiarato il presidente della Regione Lombardia,<b> Attilio Fontana<\/b> &#8211; rappresentano un risultato che conferma la solidit\u00e0 del nostro sistema sanitario. \u00c8 un<b> riconoscimento al lavoro quotidiano<\/b> di medici, infermieri, ricercatori e di tutto il personale sanitario che opera con professionalit\u00e0 e dedizione. <b>Continueremo a investire<\/b> in strutture, tecnologie e innovazione per garantire ai cittadini cure sempre pi\u00f9 efficaci e moderne\u00bb.\u00a0<\/p>\n<p class=\"chapter-paragraph\">\u00abRiteniamo ancora pi\u00f9 significativo del posizionamento nelle classifiche internazionali il giudizio espresso quotidianamente dai <b>cittadini che si affidano alle nostre strutture <\/b>&#8211; ha dichiarato l&#8217;assessore regionale al Welfare, <b>Guido Bertolaso<\/b> -. \u00c8 a loro che dobbiamo risposte concrete, qualit\u00e0 dell&#8217;assistenza e continuit\u00e0 delle cure. Per questo non ci stancheremo mai di rafforzare la <b>collaborazione <\/b>tra tutte le componenti del sistema sanitario lombardo e di promuovere una piena <b>integrazione con il territorio<\/b>, che rappresenta il vero obiettivo strategico verso cui siamo orientati. Accogliamo questi risultati con soddisfazione, ma senza alcun trionfalismo: la priorit\u00e0 resta migliorare ogni giorno i servizi offerti ai cittadini\u00bb.<\/p>\n<p class=\"chapter-paragraph\">La graduatoria di Newsweek si basa su <b>parametri <\/b>che includono qualit\u00e0 delle cure, reputazione professionale, indicatori di performance e sicurezza del paziente, offrendo una valutazione indipendente e autorevole dei migliori ospedali a livello globale. La valutazione di quest&#8217;anno comprende <b>ospedali di 32 Paesi: <\/b>Australia, Austria, Belgio, Brasile, Canada, Cile, Colombia, Danimarca, Finlandia, Francia, Germania, India, Israele, Italia, Giappone, Malesia, Messico, Paesi Bassi, Norvegia, Filippine, Arabia Saudita, Singapore, Corea del Sud, Spagna, Svezia, Svizzera, Taiwan, Tailandia, Turchia, Emirati Arabi Uniti, Regno Unito e Stati Uniti d&#8217;America. Questi Paesi sono stati selezionati utilizzando molteplici criteri di comparabilit\u00e0, tra cui la dimensione della popolazione, l&#8217;aspettativa di vita, il tenore di vita, la densit\u00e0 ospedaliera e la disponibilit\u00e0 di dati affidabili.<\/p>\n<p class=\"is-mr-t-20 is-mr-b-20\"><b><br \/>\n                    <a href=\"https:\/\/milano.corriere.it\/?intcmp=Notizielocali_nd_010623_corriere_ss_milano\" target=\"_blank\" rel=\"nofollow noopener\">Vai a tutte le notizie di Milano<\/a><br \/>\n            <\/b><\/p>\n<p class=\"chapter-paragraph\"><b><a href=\"https:\/\/www.corriere.it\/newsletter\/?theme=41&amp;intcmp=IIIcolonna_NL_CorMilano\" target=\"_blank\" rel=\"nofollow noopener\">Iscriviti alla newsletter di Corriere Milano<\/a><\/b><\/p>\n<p class=\"is-last-update\" datetime=\"2026-02-25T20:20:41+01:00\">25 febbraio 2026<\/p>\n<p class=\"is-copyright\">\n            \u00a9 RIPRODUZIONE RISERVATA\n        <\/p>\n","protected":false},"excerpt":{"rendered":"di Redazione Milano L&#8217;ospedale di Niguarda di Milano al 43\u00b0 posto, l&#8217;Humanitas di Rozzano al 51\u00b0, il San&hellip;\n","protected":false},"author":3,"featured_media":370764,"comment_status":"","ping_status":"","sticky":false,"template":"","format":"standard","meta":{"footnotes":"","_share_on_mastodon":"0"},"categories":[79],"tags":[8152,4072,37433,214539,1687,631,214537,214538,1064,1932,4385,1087,214540,214541,14,93,94,2339,766,53013,2759,10654,214542,16013,20504,54885,4909,1537,90,89,28063,5762,28,1353,214535,7,72771,15,812,2890,214536,13610,857,17131,3338,4963,532,11609,5106,11,84,91,12,85,92,148565],"class_list":["post-370763","post","type-post","status-publish","format-standard","has-post-thumbnail","category-italia","tag-assistenza","tag-azienda","tag-azienda-ospedaliera","tag-azienda-ospedaliera-universitaria","tag-bergamo","tag-cinque","tag-cinque-ospedali","tag-cinque-ospedali-lombardi","tag-cittadini","tag-classifica","tag-conferma","tag-continueremo","tag-continueremo-investire","tag-continueremo-investire-strutture","tag-cronaca","tag-cronaca-italiana","tag-cronacaitaliana","tag-cure","tag-dichiarato","tag-fontana","tag-giovanni","tag-giovanni-xxiii","tag-giovanni-xxiii-bergamo","tag-graduatoria","tag-humanitas","tag-humanitas-rozzano","tag-innovazione","tag-it","tag-italia","tag-italy","tag-lombardi","tag-lombardia","tag-milano","tag-mondiale","tag-mondiale-ospedale","tag-news","tag-newsweek","tag-notizie","tag-ospedale","tag-ospedali","tag-ospedali-lombardi","tag-ospedaliera","tag-paesi","tag-policlinico","tag-primi","tag-qualita","tag-san","tag-sanitario","tag-strutture","tag-ultime-notizie","tag-ultime-notizie-e-news-di-oggi","tag-ultime-notizie-italia","tag-ultimenotizie","tag-ultimenotizieenewsdioggi","tag-ultimenotizieitalia","tag-universitaria"],"share_on_mastodon":{"url":"","error":"Validation failed: Text character limit of 500 exceeded"},"_links":{"self":[{"href":"https:\/\/www.europesays.com\/it\/wp-json\/wp\/v2\/posts\/370763","targetHints":{"allow":["GET"]}}],"collection":[{"href":"https:\/\/www.europesays.com\/it\/wp-json\/wp\/v2\/posts"}],"about":[{"href":"https:\/\/www.europesays.com\/it\/wp-json\/wp\/v2\/types\/post"}],"author":[{"embeddable":true,"href":"https:\/\/www.europesays.com\/it\/wp-json\/wp\/v2\/users\/3"}],"replies":[{"embeddable":true,"href":"https:\/\/www.europesays.com\/it\/wp-json\/wp\/v2\/comments?post=370763"}],"version-history":[{"count":0,"href":"https:\/\/www.europesays.com\/it\/wp-json\/wp\/v2\/posts\/370763\/revisions"}],"wp:featuredmedia":[{"embeddable":true,"href":"https:\/\/www.europesays.com\/it\/wp-json\/wp\/v2\/media\/370764"}],"wp:attachment":[{"href":"https:\/\/www.europesays.com\/it\/wp-json\/wp\/v2\/media?parent=370763"}],"wp:term":[{"taxonomy":"category","embeddable":true,"href":"https:\/\/www.europesays.com\/it\/wp-json\/wp\/v2\/categories?post=370763"},{"taxonomy":"post_tag","embeddable":true,"href":"https:\/\/www.europesays.com\/it\/wp-json\/wp\/v2\/tags?post=370763"}],"curies":[{"name":"wp","href":"https:\/\/api.w.org\/{rel}","templated":true}]}}