{"id":370855,"date":"2026-02-26T06:37:12","date_gmt":"2026-02-26T06:37:12","guid":{"rendered":"https:\/\/www.europesays.com\/it\/370855\/"},"modified":"2026-02-26T06:37:12","modified_gmt":"2026-02-26T06:37:12","slug":"iran-le-ultime-notizie-in-diretta-witkoff-a-ginevra-per-incontro-usa-iran-trump-teheran-ha-gia-missili-in-grado-di-colpire-leuropa-e-presto-potra-raggiungere-noi-la-replica-b","status":"publish","type":"post","link":"https:\/\/www.europesays.com\/it\/370855\/","title":{"rendered":"Iran, le ultime notizie in diretta | Witkoff a Ginevra per incontro Usa-Iran. Trump: \u00abTeheran ha gi\u00e0 missili in grado di colpire l&#8217;Europa e presto potr\u00e0 raggiungere noi\u00bb. La replica: \u00abBugie\u00bb"},"content":{"rendered":"<p>\t\t\tI media iraniani d&#8217;opposizione: \u00abKhamenei \u00e8 stato traferito in un rifugio sotterraneo a Teheran\u00bb<\/p>\n<p>La guida suprema dell&#8217;Iran, ayatollah Ali Khamenei, sarebbe stata trasferita in un rifugio sotterraneo nella capitale Teheran, come misura precauzionale nell&#8217;eventualit\u00e0 di un possibile attacco militare dagli Stati Uniti. Lo scrive \u00abIran International\u00bb, emittente vicina all&#8217;opposizione con sede a Londra, citando una fonte informata, secondo cui i funzionari che vogliono incontrare Khamenei vengono condotti sul posto \u00abcon gli occhi bendati per evitare che la sua posizione venga rivelata\u00bb. Secondo quanto riferito a \u00abIran International\u00bb da un membro del Corpo dei guardiani della rivoluzione islamica (Irgc, i pasdaran) l&#8217;obiettivo \u00e8 garantire che la posizione del nascondiglio non venga divulgata. La stessa fonte ha detto che, tra le ultime persone condotte nel nascondiglio c&#8217;\u00e8 Ali Larijani, il capo del Consiglio di sicurezza nazionale della Repubblica islamica, che si sarebbe recato a incontrare Khamenei prima del suo ultimo viaggio in Oman. Dopo la guerra dei 12 giorni di giugno scorso, questa sarebbe la seconda volta che Khamenei si nasconde in un bunker a Teheran, in seguito alle valutazioni di alti funzionari militari e della sicurezza sulla possibilit\u00e0 di un prossimo attacco Usa. Secondo quanto riferito dalle fonti consultate da \u00abIran International\u00bb, Massoud Khamenei, il terzo figlio della guida suprema, \u00e8 responsabile della gestione delle attivit\u00e0 quotidiane di routine dell&#8217;ufficio dell&#8217;ayatollah, mentre Mojtaba Khamenei, l&#8217;altro figlio, \u00e8 in contatto con funzionari governativi.\u00a0<\/p>\n","protected":false},"excerpt":{"rendered":"I media iraniani d&#8217;opposizione: \u00abKhamenei \u00e8 stato traferito in un rifugio sotterraneo a Teheran\u00bb La guida suprema dell&#8217;Iran,&hellip;\n","protected":false},"author":3,"featured_media":370856,"comment_status":"","ping_status":"","sticky":false,"template":"","format":"standard","meta":{"footnotes":"","_share_on_mastodon":"0"},"categories":[160],"tags":[579,214563,9558,6508,214023,214024,2017,536,183684,214025,214026,7961,2540,3077,214564,787,214027,214028,765,107659,2482,170196,481,182577,214031,76667,214032,12276,6478,214033,2225,213884,483,6385,1065,9789,2803,1416,14,164,165,766,767,214038,214039,5631,7085,806,1113,206,4726,4222,5056,6394,6936,5969,2828,77,399,41666,884,327,4552,10155,764,178562,849,885,72,1204,6410,7673,7629,794,888,10476,166,4475,7,15,853,10139,9864,332,135,11265,897,979,6437,4309,111,981,982,4576,24414,10162,3720,3800,8693,8694,993,379,11,167,12,168,3414,410,190624,14664,2668,8636,161,162,163],"class_list":["post-370855","post","type-post","status-publish","format-standard","has-post-thumbnail","category-mondo","tag-accordo","tag-accordo-indeterminato","tag-ali","tag-americane","tag-americane-bersagli","tag-americane-bersagli-regione","tag-americani","tag-americano","tag-apparati","tag-apparati-irrinunciabili","tag-apparati-irrinunciabili-rappresentano","tag-armi","tag-arrivati","tag-arrivato","tag-arrivato-ginevra","tag-attacchi","tag-attacchi-tengono","tag-attacchi-tengono-tiro","tag-attacco","tag-ayatollah","tag-azione","tag-azione-militare","tag-basi","tag-basi-americane","tag-basi-americane-bersagli","tag-bersagli","tag-bersagli-regione","tag-bugie","tag-caccia","tag-caccia-americani","tag-chilometri","tag-chilometri-shahab","tag-cio","tag-citando","tag-colloqui","tag-colpire","tag-conoscenza","tag-consiglieri","tag-cronaca","tag-dal-mondo","tag-dalmondo","tag-dichiarato","tag-difesa","tag-difesa-permettono","tag-difesa-permettono-rispondere","tag-diretta","tag-diretto","tag-diritto","tag-donald","tag-donald-trump","tag-economica","tag-economici","tag-esperti","tag-fonte","tag-funzionari","tag-funzionario","tag-ginevra","tag-guerra","tag-incontro","tag-indeterminato","tag-international","tag-intervento","tag-inviato","tag-inviato-speciale","tag-iran","tag-iran-international","tag-iraniani","tag-islamica","tag-israele","tag-khamenei","tag-medio","tag-medio-oriente","tag-mezzi","tag-militare","tag-militari","tag-missili","tag-mondo","tag-negoziati","tag-news","tag-notizie","tag-nucleare","tag-oriente","tag-petrolio","tag-politico","tag-presidente","tag-presidente-uniti","tag-programma","tag-programma-nucleare","tag-raggiungere","tag-regime","tag-regione","tag-repubblica","tag-repubblica-islamica","tag-round","tag-serio","tag-speciale","tag-statunitense","tag-statunitensi","tag-steve","tag-steve-witkoff","tag-teheran","tag-trump","tag-ultime-notizie","tag-ultime-notizie-di-mondo","tag-ultimenotizie","tag-ultimenotiziedimondo","tag-uniti","tag-usa","tag-usa-iran","tag-vance","tag-vogliono","tag-witkoff","tag-world","tag-world-news","tag-worldnews"],"share_on_mastodon":{"url":"","error":"Validation failed: Text character limit of 500 exceeded"},"_links":{"self":[{"href":"https:\/\/www.europesays.com\/it\/wp-json\/wp\/v2\/posts\/370855","targetHints":{"allow":["GET"]}}],"collection":[{"href":"https:\/\/www.europesays.com\/it\/wp-json\/wp\/v2\/posts"}],"about":[{"href":"https:\/\/www.europesays.com\/it\/wp-json\/wp\/v2\/types\/post"}],"author":[{"embeddable":true,"href":"https:\/\/www.europesays.com\/it\/wp-json\/wp\/v2\/users\/3"}],"replies":[{"embeddable":true,"href":"https:\/\/www.europesays.com\/it\/wp-json\/wp\/v2\/comments?post=370855"}],"version-history":[{"count":0,"href":"https:\/\/www.europesays.com\/it\/wp-json\/wp\/v2\/posts\/370855\/revisions"}],"wp:featuredmedia":[{"embeddable":true,"href":"https:\/\/www.europesays.com\/it\/wp-json\/wp\/v2\/media\/370856"}],"wp:attachment":[{"href":"https:\/\/www.europesays.com\/it\/wp-json\/wp\/v2\/media?parent=370855"}],"wp:term":[{"taxonomy":"category","embeddable":true,"href":"https:\/\/www.europesays.com\/it\/wp-json\/wp\/v2\/categories?post=370855"},{"taxonomy":"post_tag","embeddable":true,"href":"https:\/\/www.europesays.com\/it\/wp-json\/wp\/v2\/tags?post=370855"}],"curies":[{"name":"wp","href":"https:\/\/api.w.org\/{rel}","templated":true}]}}