{"id":370969,"date":"2026-02-26T08:33:12","date_gmt":"2026-02-26T08:33:12","guid":{"rendered":"https:\/\/www.europesays.com\/it\/370969\/"},"modified":"2026-02-26T08:33:12","modified_gmt":"2026-02-26T08:33:12","slug":"anna-arnaudo-esclusa-dai-gruppi-sportivi-militari-per-una-legge-del-ventennio-il-caso-della-campionessa-di-cuneo-in-parlamento","status":"publish","type":"post","link":"https:\/\/www.europesays.com\/it\/370969\/","title":{"rendered":"Anna Arnaudo esclusa dai gruppi sportivi militari per una legge del Ventennio: il caso della campionessa di Cuneo in Parlamento"},"content":{"rendered":"<p>    di<br \/>\n    Mattia Aimola<\/p>\n<p class=\"summary-art is-line-h-12\">il deputato Pd Mauro Berruto, gi\u00e0 ct della Nazionale maschile di pallavolo ha presentato un ordine del giorno al decreto Milleproroghe per superare l\u2019esclusione degli atleti con diabete<\/p>\n<p class=\"chapter-paragraph\">\u00ab\u00c8 una norma fuori dalla storia\u00bb. <b>Mauro Berruto <\/b>ha portato nell\u2019aula della Camera la vicenda della torinese <b>Anna Arnaudo<\/b>, trasformando una storia personale in un caso politico nazionale.\u00a0Deputato del Partito Democratico, gi\u00e0 <b>commissario tecnico della Nazionale maschile di pallavolo<\/b>, bronzo olimpico a Londra 2012, Berruto ha presentato un ordine del giorno al <b>decreto Milleproroghe <\/b>per superare <b>l\u2019esclusione degli atleti con diabete dai gruppi sportivi militari<\/b>, prevista da una disposizione che risale al 1932, quando al governo c\u2019erano il fascismo e Benito Mussolini. Una proposta che ha raccolto un sostegno unanime. \u00abNon succede spesso che si trovi un accordo cos\u00ec ampio. Si \u00e8 creato un margine d\u2019azione che ora va sfruttato. Il Ministero della Difesa deve sciogliere le riserve\u00bb.<\/p>\n<p>    La Storia di Anna<\/p>\n<p class=\"chapter-paragraph\">La storia di Anna Arnaudo <b><a href=\"https:\/\/torino.corriere.it\/notizie\/cronaca\/26_gennaio_04\/non-posso-vivere-di-sport-a-causa-di-una-legge-del-fascismo-la-storia-di-anna-arnaudo-atleta-e-dottoranda-di-25-anni-del-a453f03a-545e-406e-b70d-5c46f8e82xlk.shtml\" rel=\"nofollow noopener\" target=\"_blank\">era stata raccontata per la prima volta a gennaio dal Corriere Torino<\/a><\/b>. 25 anni, nata a <b>Cuneo <\/b>nel 2000, <b>mezzofondista della Nazionale italiana<\/b> e tesserata per il CUS Torino. Specialista delle lunghe distanze, <b>\u00e8 stata campionessa italiana dei 5 mila e 10 mila metri<\/b>. Parallelamente porta avanti un percorso accademico di eccellenza:<b> laureata con lode in Ingegneria informatica<\/b>, \u00e8 oggi dottoranda in Intelligenza artificiale al Politecnico di Torino, inserita nel programma dual career riservato agli atleti di alto livello. Una doppia identit\u00e0, atleta e ricercatrice, che racconta disciplina e visione. \u00abNella mia situazione \u00e8 complicato \u2014 aveva spiegato \u2014. Non posso accedere ai gruppi sportivi militari e quindi avere uno stipendio come altri colleghi. \u00c8 una disparit\u00e0 che stiamo cercando di superare\u00bb. Arnaudo non chiede corsie preferenziali, ma parit\u00e0 di opportunit\u00e0.    &#13;<br \/>\n&#13;<br \/>\n&#13;<br \/>\n&#13;<br \/>\n&#13;<br \/>\n&#13;<br \/>\n&#13;<br \/>\n&#13;<br \/>\n&#13;<br \/>\n&#13;<br \/>\n&#13;<br \/>\n&#13;<br \/>\n&#13;<br \/>\n&#13;<br \/>\n&#13;<br \/>\n&#13;<br \/>\n&#13;<br \/>\n&#13;<br \/>\n&#13;<br \/>\n&#13;<br \/>\n&#13;<br \/>\n&#13;<br \/>\n&#13;<br \/>\n&#13;<br \/>\n&#13;<br \/>\n&#13;<br \/>\n&#13;<br \/>\n&#13;<br \/>\n&#13;<br \/>\n&#13;<br \/>\n&#13;<br \/>\n&#13;<br \/>\n&#13;<br \/>\n&#13;<br \/>\n&#13;<br \/>\n&#13;<br \/>\n&#13;<br \/>\n&#13;<br \/>\n&#13;<br \/>\n&#13;<br \/>\n&#13;<br \/>\n&#13;<br \/>\n&#13;<br \/>\n&#13;<br \/>\n&#13;<br \/>\n&#13;<br \/>\n&#13;<br \/>\n&#13;<br \/>\n&#13;<br \/>\n&#13;<br \/>\n&#13;<br \/>\n&#13;<br \/>\n&#13;\n<\/p>\n<p>    Il caso in Parlamento<\/p>\n<p class=\"chapter-paragraph\">Dopo il suo toccante racconto si \u00e8 attivato un circuito fatto di interlocuzioni istituzionali e prese di posizione che ha portato il tema fino a Montecitorio. Un passaggio non simbolico: perch\u00e9 in Italia l\u2019accesso ai gruppi sportivi militari rappresenta, per molte discipline, la condizione per poter vivere di sport ad alto livello. \u00abBasta guardare i numeri \u2014 ricorda l\u2019esponente del Pd \u2014 delle olimpiadi di Cortina: <b>su 30 medaglie olimpiche, 18 arrivano dai gruppi sportivi militari<\/b>. Senza quel sostegno economico e organizzativo molte specialit\u00e0 restano nell\u2019amatorialit\u00e0\u00bb. Il punto non \u00e8 solo giuridico, ma sostanziale: chi \u00e8 fuori da quei corpi spesso deve scegliere tra carriera sportiva e stabilit\u00e0 professionale.<\/p>\n<p>    Una legge datata<\/p>\n<p class=\"chapter-paragraph\">Il nodo, per Berruto, \u00e8 anche culturale. \u00ab\u00c8 una discriminazione superata dai fatti. La medicina e la scienza hanno fatto passi enormi. Lo sport internazionale \u00e8 pieno di esempi\u00bb. E cita Alexander Zverev, numero 4 del ranking mondiale del tennis; il Team Novo Nordisk, formazione professionistica composta interamente da corridori con diabete; e la pallavolista azzurra Alice Degradi. \u00abUn tifoso guarda Zverev e non si accorge di nulla. Conta la prestazione, non la condizione clinica\u00bb. nLo stesso Berruto, nella sua carriera di allenatore, ha seguito atleti con diabete. \u00abNegli anni Novanta ho lavorato a Torino con Zden\u011bk Kal\u00e1b, e in Finlandia con Urpo Sivula. In un\u2019epoca in cui l\u2019assistenza era meno evoluta di oggi. Erano ragazzi di grande precisione e disciplina. Se non me l\u2019avessero detto, non me ne sarei accorto\u00bb.\u00a0Dopo il risultato ottenuto in parlamento Berruto ha immediatamente avvisato Arnaudo.\u00a0\u00abL\u2019ho sentita ancora ieri, Anna non combatte solo per s\u00e9 \u2014 sottolinea l\u2019ex ct \u2014. Lo fa per i ragazzi, per gli adolescenti che vogliono sognare una carriera sportiva. L\u2019accesso ai gruppi permette di immaginare un futuro olimpico\u00bb. Il valore, insiste il deputato, \u00e8 anche simbolico: \u00aboffrire un modello possibile a chi cresce convivendo con una patologia cronica e non deve sentirsi escluso a priori\u00bb. Ora la questione passa al Ministero della Difesa. L\u2019unanimit\u00e0 parlamentare rappresenta un segnale politico forte, ma servir\u00e0 un atto amministrativo per tradurre l\u2019indirizzo in realt\u00e0. \u00abChieder\u00f2 al ministro Crosetto di dare seguito a questa espressione comune \u2014 ribadisce Berruto \u2014. Non vedo ostacoli insormontabili\u00bb.<\/p>\n<p class=\"is-mr-t-20 is-mr-b-20\"><b><br \/>\n                    <a href=\"https:\/\/torino.corriere.it\/?intcmp=Notizielocali_nd_010623_corriere_ss_nd\" target=\"_blank\" rel=\"nofollow noopener\">Vai a tutte le notizie di Torino<\/a><br \/>\n            <\/b><\/p>\n<p class=\"chapter-paragraph\"><b><a href=\"https:\/\/www.corriere.it\/newsletter\/?theme=35&amp;intcmp=IIIcolonna_NL_CorTorino\" target=\"_blank\" rel=\"nofollow noopener\">Iscriviti alla newsletter di Corriere Torino<\/a><\/b><\/p>\n<p class=\"is-last-update\" datetime=\"2026-02-26T08:38:08+01:00\">26 febbraio 2026 ( modifica il 26 febbraio 2026 | 08:38)<\/p>\n<p class=\"is-copyright\">\n            \u00a9 RIPRODUZIONE RISERVATA\n        <\/p>\n","protected":false},"excerpt":{"rendered":"di Mattia Aimola il deputato Pd Mauro Berruto, gi\u00e0 ct della Nazionale maschile di pallavolo ha presentato un&hellip;\n","protected":false},"author":3,"featured_media":370970,"comment_status":"","ping_status":"","sticky":false,"template":"","format":"standard","meta":{"footnotes":"","_share_on_mastodon":"0"},"categories":[1474],"tags":[2748,214609,4197,10798,6050,177097,177098,214608,1859,54128,19478,1902,76825,2490,5886,14017,2582,212848,214610,16922,9548,767,1972,32571,214611,214612,4067,177104,177105,1537,90,4945,89,1207,6110,23167,214613,26758,81832,888,150114,214614,214615,851,8111,245,19255,214607,244,1567,33500,1641,1869],"class_list":["post-370969","post","type-post","status-publish","format-standard","has-post-thumbnail","category-volley","tag-accesso","tag-accesso-gruppi","tag-alto","tag-alto-livello","tag-anna","tag-anna-arnaudo","tag-arnaudo","tag-atleti-diabete","tag-atleti","tag-berruto","tag-campionessa","tag-carriera","tag-carriera-sportiva","tag-condizione","tag-ct","tag-cuneo","tag-decreto","tag-decreto-milleproroghe","tag-decreto-milleproroghe-superare","tag-deputato","tag-diabete","tag-difesa","tag-disciplina","tag-esclusione","tag-esclusione-atleti","tag-esclusione-atleti-diabete","tag-gruppi","tag-gruppi-sportivi","tag-gruppi-sportivi-militari","tag-it","tag-italia","tag-italiana","tag-italy","tag-legge","tag-livello","tag-maschile","tag-maschile-pallavolo","tag-mauro","tag-mauro-berruto","tag-militari","tag-milleproroghe","tag-milleproroghe-superare","tag-milleproroghe-superare-esclusione","tag-ministero","tag-parlamento","tag-sport","tag-sportivi","tag-sportivi-militari","tag-sports","tag-storia","tag-superare","tag-torino","tag-volley"],"share_on_mastodon":{"url":"","error":"Validation failed: Text character limit of 500 exceeded"},"_links":{"self":[{"href":"https:\/\/www.europesays.com\/it\/wp-json\/wp\/v2\/posts\/370969","targetHints":{"allow":["GET"]}}],"collection":[{"href":"https:\/\/www.europesays.com\/it\/wp-json\/wp\/v2\/posts"}],"about":[{"href":"https:\/\/www.europesays.com\/it\/wp-json\/wp\/v2\/types\/post"}],"author":[{"embeddable":true,"href":"https:\/\/www.europesays.com\/it\/wp-json\/wp\/v2\/users\/3"}],"replies":[{"embeddable":true,"href":"https:\/\/www.europesays.com\/it\/wp-json\/wp\/v2\/comments?post=370969"}],"version-history":[{"count":0,"href":"https:\/\/www.europesays.com\/it\/wp-json\/wp\/v2\/posts\/370969\/revisions"}],"wp:featuredmedia":[{"embeddable":true,"href":"https:\/\/www.europesays.com\/it\/wp-json\/wp\/v2\/media\/370970"}],"wp:attachment":[{"href":"https:\/\/www.europesays.com\/it\/wp-json\/wp\/v2\/media?parent=370969"}],"wp:term":[{"taxonomy":"category","embeddable":true,"href":"https:\/\/www.europesays.com\/it\/wp-json\/wp\/v2\/categories?post=370969"},{"taxonomy":"post_tag","embeddable":true,"href":"https:\/\/www.europesays.com\/it\/wp-json\/wp\/v2\/tags?post=370969"}],"curies":[{"name":"wp","href":"https:\/\/api.w.org\/{rel}","templated":true}]}}