{"id":371362,"date":"2026-02-26T14:35:10","date_gmt":"2026-02-26T14:35:10","guid":{"rendered":"https:\/\/www.europesays.com\/it\/371362\/"},"modified":"2026-02-26T14:35:10","modified_gmt":"2026-02-26T14:35:10","slug":"news-calhanoglu-bremer-mctominay-dybala-gabbia-solet-anguissa-soule-davis-de-bruyne-le-novita","status":"publish","type":"post","link":"https:\/\/www.europesays.com\/it\/371362\/","title":{"rendered":"NEWS \u2013 Calhanoglu, Bremer, McTominay, Dybala, Gabbia, Solet, Anguissa, Soul\u00e9, Davis, De Bruyne: le novit\u00e0"},"content":{"rendered":"<p><strong>JUVE<\/strong> &#8211; La Juve dovr\u00e0 archiviare in fretta l&#8217;uscita dolorosa dalla Champions col Galatasaray. Nel prossimo turno affronter\u00e0 la Roma all&#8217;Olimpico. Queste le novit\u00e0 dopo la gara di ieri secondo il Corriere dello Sport: &#8220;<strong>A Roma senza Locatelli.<\/strong> Nella sfida di domenica all\u2019Olimpico che mette in palio un pezzo di quarto posto, la Juve non potr\u00e0 contare sul capitano, ammonito contro il Como e squalificato essendo in diffida. Al posto di Locatelli dovrebbe toccare a Koopmeiners affiancare Khephren Thuram. <strong>Il tecnico ritrover\u00e0 in ogni caso due pedine importanti come Cambiaso e Cabal<\/strong>, assenti per squalifica ieri sera contro il Galatasaray per squalifica. L\u2019azzurro sar\u00e0 sicuramente titolare all\u2019Olimpico sulla sinistra, in modo da consentire a McKennie di agire pi\u00f9 vicino all\u2019area avversaria, come predilige Spalletti. <strong>In difesa \u00e8 pronto a tornare dal primo minuto pure Bremer,<\/strong> rientrato ieri tra i convocati e inizialmente in panchina contro il Gala&#8221;.<\/p>\n<p><strong>NAPOLI<\/strong> &#8211; Buone notizie per Conte e il Napoli dopo il test amichevole disputato ieri, come scrive il Mattino: &#8220;45 minuti, che non sono tutto ma sono comunque tanto. A un ritmo che ancora sostenuto non e ovviamente, ma rivedere in campo <strong>Anguissa<\/strong> a tre mesi dall&#8217;ultima volta fa comunque la differenza. Marted\u00ec era tornato in gruppo, ieri la presenza con il Giugliano, <strong>oggi e domani la speranza di confermare le ottime sensazioni degli ultimi giorni<\/strong>. Il camerunese \u00e8 andato in campo ancora una volta con vistose fasciature &#8211; il taping, che gli atleti conoscono bene, particolari fasce o bende adesive per il recupero muscolare &#8211; che saranno un &#8220;decoro&#8221; presente anche nei prossimi giorni. <strong>C&#8217;\u00e8 la massima precauzione per lui<\/strong>, perch\u00e8 nessuno vuole fare voli pindarici: rivedere presente Anguissa \u00e8 il risultato di un grande lavoro corale dello staff medico che in queste settimane non ha mai perso di vista l&#8217;obiettivo finale ben oltre tutti i problemi alla schiena ravvisati. A non scendere in campo, invece, sono stati <strong>Scott McTominay e Kevin De Bruyne<\/strong>: il belga \u00e8 ancora alle prese con le manovre di recupero verso la piena possibilit\u00e0 di essere convocabile. C&#8217;\u00e8 speranza di poterlo <strong>rivedere in gruppo la prossima settimana<\/strong> e quindi tra i convocati di Napoli-Torino, ma senza strafare. Anche il Lecce, sempre in casa la settimana successiva, pu\u00f2 essere una opzione importante per il ritorno tra i convocati. <strong>Ancora fuori McTominay, non a disposizione per Conte<\/strong>. Lo scozzese sente ancora dolore alla coscia, non riesce a correre con naturalezza o a calciare il pallone nel modo migliore. Come anticipato in queste ore, la sua assenza con il Giugliano ieri era stata gi\u00e0 messa in conto. Ma \u00e8 anche una indicazione: sar\u00e0 difficile &#8211; per non dire impossibile &#8211; rivederlo in campo sabato a Verona. La data del suo rientro si sposta ancora in avanti, sperando di poterlo <strong>rivedere almeno al Maradona contro il Torino<\/strong>. La sua assenza sta pesando e non poco, il suo rientro sar\u00e0 la chiusura di un ciclo. In attesa di svuotare per intero l&#8217;infermeria&#8221;.<\/p>\n<p><strong>MILAN<\/strong> &#8211; Il Milan, dopo la brutta sconfitta con il Parma, nel prossimo turno affronter\u00e0 la Cremonese. Queste le novit\u00e0 dall&#8217;infermeria secondo La Gazzetta dello Sport: &#8220;<strong>Da valutare in vista della Cremonese resta il solo Gabbia<\/strong>, che ha lavorato a parte mentre ieri la squadra si allenava prima di mattina e poi al pomeriggio&#8221;.<\/p>\n<p><strong>ROMA<\/strong> &#8211; La Roma continua a lavorare in vista del big match di domenica contro la Juve. Come riporta il Corriere dello Sport, &#8220;Anche ieri <strong>Soul\u00e9 e Dybala hanno svolto un lavoro terapeutico<\/strong>: il primo sta cercando di venire a capo della pubalgia che lo tormenta da dicembre, il secondo registra progressi sull\u2019infiammazione al ginocchio che lo tiene fermo dal 26 gennaio, ma non ancora sufficienti per riaggregarsi al gruppo. La seduta di ieri, a Trigoria, non \u00e8 stata ancora quella buona per il ritorno a pieno regime dei due fantasisti, mentre ha continuato a <strong>lavorare in parte coi compagni El Shaarawy<\/strong>. Hermoso, Ferguson e Dovbyk sono ancora out. \u00a0Il monitoraggio, nel suo di Soul\u00e9, \u00e8 giornaliero. <strong>Paulo ha invece fissato a domani, antivigilia del match, il rientro, sempre che non ci siano ricadute.<\/strong> Di sicuro, nel giro di 48 ore, il tecnico avr\u00e0 le idee chiare: se nella giornata di venerd\u00ec mancheranno entrambi all\u2019appello, la formazione anti Spalletti sar\u00e0 fatta senza di loro&#8221;.<\/p>\n<p><strong>UDINESE<\/strong> &#8211; Ieri \u00e8 arrivato l&#8217;esito degli esami sostenuti da Solet, queste le ultime sul difensore dell&#8217;Udinese secondo quanto si legge sul Messaggero Veneto: &#8220;<strong>Sar\u00e0 assente luned\u00ec con la Fiorentina e poi a Bergamo<\/strong> nella successiva trasferta in casa dell&#8217;Atalanta, con la speranza di tornare per la sfida alla Juventus al momento calendarizzata il 15 marzo, ma ancora da confermare in attesa degli anticipi e dei posticipi delle prossime giornate. \u00c8 questo il conto presentato ieri a <strong>Oumar Solet<\/strong> dalla \u00abdistrazione al muscolo pettineo dell&#8217;adduttore destro\u00bb, il referto degli accertamenti strumentali che ha quindi sentenziato sul rischio corso luned\u00ec sera al Dall&#8217;Ara, dove Solet si \u00e8 rifatto male dopo pochi minuti nello stesso identico punto in cui si era infortunato nel finale di partita col Sassuolo. <strong>Davis<\/strong>, tra oggi e domani \u00e8 previsto il suo rientro in gruppo dopo la leggera lesione all&#8217;adduttore. Intanto ieri Hassane <strong>Kamara<\/strong> ha mosso i primi passi verso il rientro dopo la fascite plantare al piede destro che lo fermato dallo scorso 17 gennaio&#8221;.<\/p>\n<p><b>BOLOGNA &#8211;<\/b>Dopo la vittoria nella gara d&#8217;andata, il <strong>Bologna<\/strong> deve confermarsi nella gara casalinga contro il <strong>Brann<\/strong>: l&#8217;obiettivo \u00e8 quello di andare avanti in Europa League. <strong>Italiano<\/strong> punta ancora sul 4-3-3 che ha dato buone indicazioni nelle ultime gare. Davanti a <strong>Skorupski<\/strong> dovrebbero giocare Joao Mario, Vitik, <strong>Lucumi<\/strong> e Zortea. In mediana il trio Moro, Freuler e <strong>Ferguson<\/strong>. Qualche dubbio in pi\u00f9 per quanto riguarda il reparto offensivo: <strong>Bernardeschi<\/strong> dovrebbe partire dal 1&#8242; sulla destra, <strong>Castro<\/strong> al centro (in vantaggio su Dallinga) e Cambiaghi a sinistra con Rowe in corsa per un posto da titolare.<\/p>\n<p><strong>FIORENTINA<\/strong> &#8211; Dopo la rotonda vittoria nell&#8217;andata del playoff in casa dello Jagiellonia, la Fiorentina non vuole distrazioni nel ritorno. Vanoli punta sul 4-1-4-1 con qualche cambio nella formazione. <strong>In porta dovrebbe giocare Lezzerini<\/strong>, in difesa a destra Dodo, Comuzzo e Pongracic i centrali, Gosens a sinistra (in vantaggio su Balbo). <strong>In regia Ndour<\/strong>, poi linea a 4 con <strong>Harrison a destra (in ballottaggio con Solomon)<\/strong>, Mandragora e Fabbian in mezzo e Fazzini a sinistra. <strong>Davanti dovrebbe toccare a Piccoli.\u00a0<\/strong><\/p>\n<p class=\"is-copyright\">\u00a9 RIPRODUZIONE RISERVATA<\/p>\n","protected":false},"excerpt":{"rendered":"JUVE &#8211; La Juve dovr\u00e0 archiviare in fretta l&#8217;uscita dolorosa dalla Champions col Galatasaray. Nel prossimo turno affronter\u00e0&hellip;\n","protected":false},"author":3,"featured_media":371363,"comment_status":"","ping_status":"","sticky":false,"template":"","format":"standard","meta":{"footnotes":"","_share_on_mastodon":"0"},"categories":[1452],"tags":[62885,7918,1961,57037,5263,586,27704,4701,6090,17512,721,563,1856,921,1969,3705,4021,7080,2790,2944,10111,4864,8393,6297,9849,277,4702,3177,3257,767,1690,1112,6018,214794,18967,3766,209068,209069,7168,1426,2263,1740,1974,24659,2246,629,1837,193016,214795,1280,1281,2614,1889,2754,91369,350,1537,90,89,565,50651,3479,248,7462,20400,17211,4262,79850,3674,3675,33885,987,13287,315,1739,43820,13635,14057,245,244,19627,907,6370],"class_list":["post-371362","post","type-post","status-publish","format-standard","has-post-thumbnail","category-calcio","tag-adduttore","tag-affrontera","tag-andata","tag-anguissa","tag-assenza","tag-bologna","tag-bremer","tag-bruyne","tag-buona","tag-buone","tag-calcio","tag-calhanoglu","tag-campionato","tag-campo","tag-champions","tag-como","tag-compagni","tag-confermare","tag-conte","tag-conto","tag-convocati","tag-corriere","tag-corriere-sport","tag-cremonese","tag-davis","tag-de","tag-de-bruyne","tag-destra","tag-destro","tag-difesa","tag-domani","tag-domenica","tag-dovrebbe","tag-dovrebbe-toccare","tag-dybala","tag-europee","tag-europee-prossimo","tag-europee-prossimo-turno","tag-ferguson","tag-finale","tag-fiorentina","tag-football","tag-formazione","tag-gabbia","tag-galatasaray","tag-gara","tag-gare","tag-gare-europee","tag-gare-europee-prossimo","tag-gazzetta","tag-gazzetta-sport","tag-gennaio","tag-giocare","tag-giugliano","tag-infermeria","tag-inter","tag-it","tag-italia","tag-italy","tag-juve","tag-mctominay","tag-minuti","tag-napoli","tag-novita","tag-olimpico","tag-possibili","tag-prossimo","tag-prossimo-turno","tag-rientro","tag-ritorno","tag-rivedere","tag-roma","tag-sera","tag-sinistra","tag-soccer","tag-solet","tag-soule","tag-speranza","tag-sport","tag-sports","tag-turno","tag-ultime","tag-vista"],"share_on_mastodon":{"url":"","error":"Validation failed: Text character limit of 500 exceeded"},"_links":{"self":[{"href":"https:\/\/www.europesays.com\/it\/wp-json\/wp\/v2\/posts\/371362","targetHints":{"allow":["GET"]}}],"collection":[{"href":"https:\/\/www.europesays.com\/it\/wp-json\/wp\/v2\/posts"}],"about":[{"href":"https:\/\/www.europesays.com\/it\/wp-json\/wp\/v2\/types\/post"}],"author":[{"embeddable":true,"href":"https:\/\/www.europesays.com\/it\/wp-json\/wp\/v2\/users\/3"}],"replies":[{"embeddable":true,"href":"https:\/\/www.europesays.com\/it\/wp-json\/wp\/v2\/comments?post=371362"}],"version-history":[{"count":0,"href":"https:\/\/www.europesays.com\/it\/wp-json\/wp\/v2\/posts\/371362\/revisions"}],"wp:featuredmedia":[{"embeddable":true,"href":"https:\/\/www.europesays.com\/it\/wp-json\/wp\/v2\/media\/371363"}],"wp:attachment":[{"href":"https:\/\/www.europesays.com\/it\/wp-json\/wp\/v2\/media?parent=371362"}],"wp:term":[{"taxonomy":"category","embeddable":true,"href":"https:\/\/www.europesays.com\/it\/wp-json\/wp\/v2\/categories?post=371362"},{"taxonomy":"post_tag","embeddable":true,"href":"https:\/\/www.europesays.com\/it\/wp-json\/wp\/v2\/tags?post=371362"}],"curies":[{"name":"wp","href":"https:\/\/api.w.org\/{rel}","templated":true}]}}