{"id":371757,"date":"2026-02-26T20:28:08","date_gmt":"2026-02-26T20:28:08","guid":{"rendered":"https:\/\/www.europesays.com\/it\/371757\/"},"modified":"2026-02-26T20:28:08","modified_gmt":"2026-02-26T20:28:08","slug":"chi-e-giulia-peditto-la-fidanzata-di-dargen-damico","status":"publish","type":"post","link":"https:\/\/www.europesays.com\/it\/371757\/","title":{"rendered":"Chi \u00e8 Giulia Peditto, la fidanzata di Dargen D&#8217;Amico"},"content":{"rendered":"<p>Mentre sul palco di Sanremo 2026 <strong>Dargen D\u2019Amico<\/strong> d\u00e0 spettacolo con il suo stile unico e le riflessioni del brano AI AI, c\u2019\u00e8 una presenza silenziosa che riemerge e che lo accompagna da anni. <strong>Giulia Peditto<\/strong>, 33enne con una brillante carriera nel mondo del benessere, \u00e8 la donna al fianco di uno degli artisti pi\u00f9 riservati d\u2019Italia. \u00a0Jacopo D\u2019Amico \u2013 questo il vero nome di Dargen \u2013 ha sempre scelto di proteggere il suo mondo privato dietro gli iconici occhiali da sole.\n<\/p>\n<p>Dalla Brianza al mondo dello yoga<\/p>\n<p><strong>Classe 1993<\/strong>, nata da madre italiana e padre senegalese, Giulia Peditto \u00e8 cresciuta in un piccolo comune della Brianza. Ospite del Tedx a Biella nel 2023, nel suo speech Yoga take away\u00a0ha raccontato con grande onest\u00e0 di aver vissuto il <strong>peso del razzismo<\/strong>, quella sensazione di essere \u201cdiversa\u201d in un contesto provinciale che ancora faticava ad accogliere la multiculturalit\u00e0.<\/p>\n<p>Quella bambina che cercava il proprio spazio, oggi \u00e8 diventata una donna consapevole che ha fatto dell\u2019inclusivit\u00e0 e dell\u2019accoglienza i pilastri della propria <strong>vita professionale<\/strong>. Il suo incontro con lo yoga non \u00e8 stato un colpo di fulmine ed \u00e8 sempre lei a raccontarlo. Giulia Peditto ha descritto il suo primo approccio allo <a href=\"https:\/\/dilei.it\/benessere\/video\/yoga-creativita\/2120288\/\" rel=\"nofollow noopener\" target=\"_blank\">yoga<\/a> come una vera delusione, sentendosi lontana da una disciplina che percepiva come troppo statica. Ma si \u00e8 dovuta ricredere.<\/p>\n<p>Viaggiare tra Bali, Filippine, Giappone e India \u00e8 stato una vera scoperta. A Rishikesh, nel 2019, Giulia ha trovato la sua dimensione, diventando un\u2019insegnante certificata e fondando, poi, <strong>Hagu Yoga Studio<\/strong>, una scuola online che promuove uno yoga \u201cdemocratico\u201d e accessibile a tutti, lontano dalle pose perfette da social e improntato al reale benessere fisico ed emotivo, che lei stessa definisce \u201cla guida che avrei voluto trovare tanti anni fa, quando ho iniziato il mio percorso di scoperta dello yoga\u201d. Oggi \u201cinsegno yoga per lavoro, passione e scelta di vita\u201d, afferma con grande orgoglio.<\/p>\n<p>Il legame speciale con Dargen D\u2019Amico<\/p>\n<p>La sua storia d\u2019amore con Dargen D\u2019Amico \u00e8 blindatissima.\u00a0Sarebbe iniziato tutto <strong>intorno al 2021<\/strong> e, da allora, le apparizioni pubbliche della coppia si contano sulle dita di una mano. Nonostante la popolarit\u00e0 travolgente del rapper, la coppia ha scelto di <strong>non trasformare questo legame in \u201ccibo per gossip\u201d<\/strong>, preferendo vivere la quotidianit\u00e0 milanese lontano da occhi indiscreti.<\/p>\n<blockquote class=\"instagram-media\" data-instgrm-captioned=\"\" data-instgrm-permalink=\"https:\/\/www.instagram.com\/p\/CZpKytJM4d6\/?utm_source=ig_embed&amp;utm_campaign=loading\" data-instgrm-version=\"14\" style=\" background:#FFF; border:0; border-radius:3px; box-shadow:0 0 1px 0 rgba(0,0,0,0.5),0 1px 10px 0 rgba(0,0,0,0.15); margin: 1px; max-width:100%; min-width:326px; padding:0; width:99.375%; width:-webkit-calc(100% - 2px); width:calc(100% - 2px);\"\/>\n<p>Le prime, rare conferme del loro amore risalgono al Festival di Sanremo 2022, quando alcune foto li ritraevano insieme dietro le quinte, complici e sereni. Anche nell\u2019ultimo <strong>Sanremo 2026<\/strong>, Giulia Peditto ha scelto di fare il tifo per il suo compagno in gara con il <a href=\"https:\/\/dilei.it\/spettacolo\/sanremo-2026-dargen-damico-ai-ai-testo\/2106464\/\" rel=\"nofollow noopener\" target=\"_blank\">brano AI AI<\/a>, seppur con discrezione.<\/p>\n<p>L\u2019amicizia con Chiara Ferragni<\/p>\n<p>Oltre al legame con Dargen D\u2019Amico, sappiamo che Giulia \u00e8 una <strong>persona molto vicina<\/strong> a <a href=\"https:\/\/dilei.it\/star-e-vip\/chiara-ferragni\/\" rel=\"nofollow noopener\" target=\"_blank\">Chiara Ferragni<\/a>. La loro \u00e8 un\u2019amicizia storica, che le ha viste spesso protagoniste di storie condivise du Instagram tra brunch milanesi, vacanze sulla neve e momenti in famiglia. Lontana da ogni mondanit\u00e0, non ha fatto mancare il proprio sostegno all\u2019amica quando \u00e8 uscita la docuserie The Ferragnez, presentandosi sul red carpet della premi\u00e8re <strong>tra le amiche pi\u00f9 intime<\/strong> dell\u2019imprenditrice e influencer.<\/p>\n<p class=\"tp04__text\">\n\t\t\t\tScopri i personaggi in trend, le storie del momento e molto altro.<br \/>Dove? Sul <a href=\"https:\/\/whatsapp.com\/channel\/0029Vb68mVyHVvTWezDm7d0R\" target=\"_blank\" rel=\"noopener nofollow\">canale WhatsApp di DiLei!<\/a>\n\t\t\t<\/p>\n<p>\t\t\t<a class=\"buttonCall\" href=\"https:\/\/whatsapp.com\/channel\/0029Vb68mVyHVvTWezDm7d0R\" target=\"_blank\" rel=\"noopener nofollow\" title=\"Seguici su WhatsApp\"><br \/>\n\t\t\t\tSeguici su WhatsApp<br \/>\n\t\t\t<\/a><\/p>\n<p>\t<script async src=\"\/\/www.instagram.com\/embed.js\"><\/script><\/p>\n","protected":false},"excerpt":{"rendered":"Mentre sul palco di Sanremo 2026 Dargen D\u2019Amico d\u00e0 spettacolo con il suo stile unico e le riflessioni&hellip;\n","protected":false},"author":3,"featured_media":371758,"comment_status":"","ping_status":"","sticky":false,"template":"","format":"standard","meta":{"footnotes":"","_share_on_mastodon":"0"},"categories":[1451],"tags":[1621,1620,181386,203,204,1537,90,89,27473,86,41928],"class_list":["post-371757","post","type-post","status-publish","format-standard","has-post-thumbnail","category-celebrita","tag-celebrita","tag-celebrities","tag-dargen-damico","tag-entertainment","tag-intrattenimento","tag-it","tag-italia","tag-italy","tag-sanremo-2026","tag-vip","tag-yoga"],"share_on_mastodon":{"url":"https:\/\/pubeurope.com\/@it\/116138823242236994","error":""},"_links":{"self":[{"href":"https:\/\/www.europesays.com\/it\/wp-json\/wp\/v2\/posts\/371757","targetHints":{"allow":["GET"]}}],"collection":[{"href":"https:\/\/www.europesays.com\/it\/wp-json\/wp\/v2\/posts"}],"about":[{"href":"https:\/\/www.europesays.com\/it\/wp-json\/wp\/v2\/types\/post"}],"author":[{"embeddable":true,"href":"https:\/\/www.europesays.com\/it\/wp-json\/wp\/v2\/users\/3"}],"replies":[{"embeddable":true,"href":"https:\/\/www.europesays.com\/it\/wp-json\/wp\/v2\/comments?post=371757"}],"version-history":[{"count":0,"href":"https:\/\/www.europesays.com\/it\/wp-json\/wp\/v2\/posts\/371757\/revisions"}],"wp:featuredmedia":[{"embeddable":true,"href":"https:\/\/www.europesays.com\/it\/wp-json\/wp\/v2\/media\/371758"}],"wp:attachment":[{"href":"https:\/\/www.europesays.com\/it\/wp-json\/wp\/v2\/media?parent=371757"}],"wp:term":[{"taxonomy":"category","embeddable":true,"href":"https:\/\/www.europesays.com\/it\/wp-json\/wp\/v2\/categories?post=371757"},{"taxonomy":"post_tag","embeddable":true,"href":"https:\/\/www.europesays.com\/it\/wp-json\/wp\/v2\/tags?post=371757"}],"curies":[{"name":"wp","href":"https:\/\/api.w.org\/{rel}","templated":true}]}}