{"id":372208,"date":"2026-02-27T03:50:16","date_gmt":"2026-02-27T03:50:16","guid":{"rendered":"https:\/\/www.europesays.com\/it\/372208\/"},"modified":"2026-02-27T03:50:16","modified_gmt":"2026-02-27T03:50:16","slug":"fincantieri-e-navantia-rafforzano-la-loro-cooperazione-per-lo-sviluppo-del-programma-european-patrol-corvette-epc","status":"publish","type":"post","link":"https:\/\/www.europesays.com\/it\/372208\/","title":{"rendered":"Fincantieri e Navantia rafforzano la loro cooperazione per lo sviluppo del programma European Patrol Corvette (EPC)"},"content":{"rendered":"<p>Il gruppo cantieristico italiano Fincantieri ed il costruttore navale spagnolo Navantia hanno sottoscritto un Memorandum of Understanding (MoU) per coordinare ed eseguire congiuntamente il progetto\u00a0European Patrol Corvette\u00a0(EPC).<\/p>\n<p><img loading=\"lazy\" decoding=\"async\" width=\"1024\" height=\"576\" alt=\"\" class=\"wp-image-65362 lazyload\" src=\"https:\/\/www.europesays.com\/it\/wp-content\/uploads\/2026\/02\/image-5-65-1024x576.jpg\"  data- data-eio-rwidth=\"1024\" data-eio-rheight=\"576\"\/><\/p>\n<p>La corvetta europea EPC rientra nel quadro PESCO, tra le iniziative di difesa europea pi\u00f9 ambiziose, ed \u00e8 supportato dal Fondo Europeo per la Difesa (European Defence Fund \u2013 EDF), attraverso il programma Multi Mission Patrol Corvette (MMPC). Obiettivo del progetto \u00e8 concepire e sviluppare una corvetta modulare, multiruolo e interoperabile, guidata da Italia, Spagna, Francia e Grecia, con il coinvolgimento di 46 aziende di 12 Paesi.<\/p>\n<p>Il programma \u00e8 attualmente nella Call 1, approvata dall\u2019EDF nel bando 2021. Questa fase punta a ottenere un progetto certificato e a realizzare una piattaforma prototipale per ciascuna delle due versioni previste:\u00a0Full Combat Multipurpose\u00a0(versione da combattimento) e\u00a0Long Range Multipurpose\u00a0(pattugliatrice). Nella Call 2023, l\u2019EDF ha stanziato 154 milioni di euro per la fase successiva dell\u2019EPC (Call 2), dedicata alla progettazione e all\u2019avvio della prototipazione.<\/p>\n<p>Con l\u2019Mou, Fincantieri e Navantia si impegnano a gestire ed eseguire congiuntamente il programma tramite una joint venture che sar\u00e0 aperta alla partecipazione degli altri partner del progetto. Inoltre, le due societ\u00e0 guideranno l\u2019avanzamento del programma collaborando alla progettazione della versione\u00a0Full Combat Multipurpose\u00a0dell\u2019EPC e valuteranno congiuntamente opportunit\u00e0 di export verso altri partner europei. La costituzione della joint venture sar\u00e0 subordinata al perfezionamento della documentazione contrattuale e al soddisfacimento delle condizioni sospensive di prassi. \u00a0<\/p>\n<p>L\u2019intervento di Pierroberto Folgiero, AD e DG di Fincantieri<\/p>\n<p>\u201cQuesto accordo rappresenta un passo decisivo nel programma EPC, un progetto che incarna lo spirito di cooperazione e di eccellenza tecnologica europee. Unendo le forze con Navantia, non rispondiamo solo alle esigenze delle nostre Marine, ma poniamo le basi per un nuovo standard nella difesa marittima europea. L\u2019EPC \u00e8 pi\u00f9 di una nave: \u00e8 una piattaforma strategica per interoperabilit\u00e0, innovazione e sicurezza, capace di rafforzare le capacit\u00e0 operative dell\u2019Europa nel suo complesso. La nostra joint venture testimonia la capacit\u00e0 dell\u2019industria di promuovere progresso e coesione, trasformando la visione in soluzioni concrete per il futuro della difesa europea\u00bb,\u00a0ha dichiarato\u00a0<strong>Pierroberto Folgiero,<\/strong>\u00a0<strong>Amministratore Delegato e Direttore Generale di<\/strong>\u00a0<strong>Fincantieri<\/strong>.<\/p>\n<p><img loading=\"lazy\" decoding=\"async\" width=\"1024\" height=\"654\" alt=\"\" class=\"wp-image-65361 lazyload\" src=\"https:\/\/www.europesays.com\/it\/wp-content\/uploads\/2026\/02\/Ricardo-Dominguez-Pierroberto-Folgiero-1024x654.jpg\"  data- data-eio-rwidth=\"1024\" data-eio-rheight=\"654\"\/>Le parole di Ricardo Dom\u00ednguez,\u00a0Presidente di\u00a0Navantia.<\/p>\n<p>\u201cL\u2019industria riveste un ruolo fondamentale nella costruzione della difesa europea. Con questa collaborazione, Navantia e Fincantieri danno un impulso significativo alle capacit\u00e0 di difesa del Continente. Lavoreremo insieme per definire una nuova classe di corvette multiruolo, innovative, interoperabili e cyber-sicure, in grado di soddisfare i requisiti non solo della Armada Espa\u00f1ola e della Marina Militare, ma anche di altre Marine europee\u201d, ha commentato\u00a0<strong>Ricardo Dom\u00ednguez,<\/strong>\u00a0<strong>Presidente di<\/strong>\u00a0<strong>Navantia<\/strong>.<\/p>\n<p>Fonte e foto credit @Fincantieri<\/p>\n","protected":false},"excerpt":{"rendered":"Il gruppo cantieristico italiano Fincantieri ed il costruttore navale spagnolo Navantia hanno sottoscritto un Memorandum of Understanding (MoU)&hellip;\n","protected":false},"author":3,"featured_media":372209,"comment_status":"","ping_status":"","sticky":false,"template":"","format":"standard","meta":{"footnotes":"","_share_on_mastodon":"0"},"categories":[172],"tags":[178,177,215227,3724,1537,90,89,201858,6059],"class_list":["post-372208","post","type-post","status-publish","format-standard","has-post-thumbnail","category-affari","tag-affari","tag-business","tag-european-patrol-corvette","tag-fincantieri","tag-it","tag-italia","tag-italy","tag-navantia","tag-spagna"],"share_on_mastodon":{"url":"https:\/\/pubeurope.com\/@it\/116140561225329898","error":""},"_links":{"self":[{"href":"https:\/\/www.europesays.com\/it\/wp-json\/wp\/v2\/posts\/372208","targetHints":{"allow":["GET"]}}],"collection":[{"href":"https:\/\/www.europesays.com\/it\/wp-json\/wp\/v2\/posts"}],"about":[{"href":"https:\/\/www.europesays.com\/it\/wp-json\/wp\/v2\/types\/post"}],"author":[{"embeddable":true,"href":"https:\/\/www.europesays.com\/it\/wp-json\/wp\/v2\/users\/3"}],"replies":[{"embeddable":true,"href":"https:\/\/www.europesays.com\/it\/wp-json\/wp\/v2\/comments?post=372208"}],"version-history":[{"count":0,"href":"https:\/\/www.europesays.com\/it\/wp-json\/wp\/v2\/posts\/372208\/revisions"}],"wp:featuredmedia":[{"embeddable":true,"href":"https:\/\/www.europesays.com\/it\/wp-json\/wp\/v2\/media\/372209"}],"wp:attachment":[{"href":"https:\/\/www.europesays.com\/it\/wp-json\/wp\/v2\/media?parent=372208"}],"wp:term":[{"taxonomy":"category","embeddable":true,"href":"https:\/\/www.europesays.com\/it\/wp-json\/wp\/v2\/categories?post=372208"},{"taxonomy":"post_tag","embeddable":true,"href":"https:\/\/www.europesays.com\/it\/wp-json\/wp\/v2\/tags?post=372208"}],"curies":[{"name":"wp","href":"https:\/\/api.w.org\/{rel}","templated":true}]}}