{"id":372290,"date":"2026-02-27T05:38:19","date_gmt":"2026-02-27T05:38:19","guid":{"rendered":"https:\/\/www.europesays.com\/it\/372290\/"},"modified":"2026-02-27T05:38:19","modified_gmt":"2026-02-27T05:38:19","slug":"incentivi-auto-elettriche-ue-quali-modelli-restano-fuori","status":"publish","type":"post","link":"https:\/\/www.europesays.com\/it\/372290\/","title":{"rendered":"Incentivi auto elettriche Ue: quali modelli restano fuori"},"content":{"rendered":"<p>Attesa per oggi (gioved\u00ec 26 febbraio 2026), la proposta della Commissione europea di vincolare al <strong>\u201cmade in Ue\u201d<\/strong> gli <strong>incentivi statali all\u2019acquisto<\/strong> di auto elettriche slitta a <strong>mercoled\u00ec 4 marzo<\/strong>. A dichiarare il rinvio \u00e8 Stephane Sejourne, commissario per il Mercato interno.<\/p>\n<blockquote>\n<p>\u201cCi auguriamo \u2013 aggiunge un anonimo portavoce dell\u2019Esecutivo all\u2019agenzia di stampa Reuters \u2013 che questa settimana aggiuntiva di discussioni interne ci consenta di rendere la proposta ancora pi\u00f9 solida\u201d.<\/p>\n<\/blockquote>\n<p>L\u2019Europa alle auto europee<\/p>\n<p>Ma facciamo un recap. \u00c8 del 17 febbraio la notizia \u2013 riportata dal Financial Times (FT) \u2013 che la <strong>Commissione europea<\/strong> prepara un pacchetto di riforme chiamato <strong>Industrial Accelerator Act<\/strong> (<strong>IAA<\/strong>). Nel testo spuntano le <a href=\"https:\/\/insideevs.it\/news\/787540\/incentivi-auto-elettriche-ue\/\" data-inline-widget=\"internal-links\" data-type-id=\"0\" data-params=\"%7B%22article_edition_id%22%3A%22787540%22%2C%22section%22%3A%221%22%2C%22alias%22%3A%22incentivi-auto-elettriche-ue%22%7D\" rel=\"nofollow noopener\" target=\"_blank\">nuove condizioni per accedere ai bonus veicoli elettrici dell\u2019Europa politica<\/a>.<\/p>\n<p>Due i criteri da rispettare: <strong>assemblaggio della vettura all\u2019interno dell\u2019Unione<\/strong> e <strong>origine europea di almeno il 70% dei componenti montati<\/strong>, a eccezione delle batterie, ancora legate alla manifattura cinese, coreana o, in generale, asiatica.<\/p>\n<p>        <img decoding=\"async\" src=\"https:\/\/www.europesays.com\/it\/wp-content\/uploads\/2025\/07\/16x9-tr.png\" alt=\"Renault Twingo E-Tech Elettrica (2026)\" width=\"16\" height=\"9\" loading=\"lazy\"\/><\/p>\n<p>Il motore della nuova Renault Twingo elettrica<\/p>\n<p>Foto di: Renault<\/p>\n<p>Una volta approvate (senza modifiche), le nuove regole si applicherebbero sia alle <strong>auto elettriche<\/strong> al 100%, sia alle <strong>auto ibride plug-in<\/strong>\u00a0che alle <strong>auto a\u00a0idrogeno<\/strong>. Si tratterebbe, in ogni caso, di una <a href=\"https:\/\/insideevs.it\/news\/787613\/auto-elettriche-europa-incentivi-ecar\/\" data-inline-widget=\"internal-links\" data-type-id=\"0\" data-params=\"%7B%22article_edition_id%22%3A%22787613%22%2C%22section%22%3A%221%22%2C%22alias%22%3A%22auto-elettriche-europa-incentivi-ecar%22%7D\" rel=\"nofollow noopener\" target=\"_blank\">misura protezionistica<\/a> ideata per contrastare il dominio della Cina e i dazi dell\u2019America trumpiana.<\/p>\n<p>Non sono comunque mancate le critiche, come quelle di <a href=\"https:\/\/insideevs.it\/bmw\/i3-rex\/\" data-inline-widget=\"internal-links\" rel=\"nofollow noopener\" target=\"_blank\">BMW<\/a> e <a href=\"https:\/\/insideevs.it\/mercedes-benz\/\" data-inline-widget=\"internal-links\" rel=\"nofollow noopener\" target=\"_blank\">Mercedes<\/a>, che temono ritorsioni da parte di Pechino e Washington DC. Storce il naso anche Microlino, che commenta l\u2019altra proposta dell\u2019Unione europea, ossia quella di <a href=\"https:\/\/insideevs.it\/news\/781990\/e-car-piccole-auto-elettriche-europa-2035\/\" data-inline-widget=\"internal-links\" data-type-id=\"0\" data-params=\"%7B%22article_edition_id%22%3A%22781990%22%2C%22section%22%3A%221%22%2C%22alias%22%3A%22e-car-piccole-auto-elettriche-europa-2035%22%7D\" rel=\"nofollow noopener\" target=\"_blank\">stimolare la produzione interna<\/a> di <a href=\"https:\/\/insideevs.it\/news\/782606\/e-car-modelli-renault-stellantis\/\" data-inline-widget=\"internal-links\" data-type-id=\"0\" data-params=\"%7B%22article_edition_id%22%3A%22782606%22%2C%22section%22%3A%221%22%2C%22alias%22%3A%22e-car-modelli-renault-stellantis%22%7D\" rel=\"nofollow noopener\" target=\"_blank\">auto elettriche compatte<\/a>, le cosiddette <strong>Small Affordable Cars<\/strong> (conosciute anche come <strong>e-car<\/strong>), attraverso un meccanismo di supercrediti verdi alle aziende.<\/p>\n<blockquote>\n<p>\u201cLa proposta include le citycar sotto i 4,2 metri, introducendo una nuova classe M1e con \u2018supercrediti\u2019 nel calcolo delle emissioni di flotta, ma continua a escludere la categoria L7e, alla quale appartengono le <a href=\"https:\/\/insideevs.it\/features\/786262\/incentivi-microcar-elettriche-prezzi\/\" data-inline-widget=\"internal-links\" data-type-id=\"0\" data-params=\"%7B%22article_edition_id%22%3A%22786262%22%2C%22section%22%3A%223%22%2C%22alias%22%3A%22incentivi-microcar-elettriche-prezzi%22%7D\" rel=\"nofollow noopener\" target=\"_blank\">microcar elettriche<\/a> come Microlino.<\/p>\n<p>\u00c8 una contraddizione evidente: da una parte, si dichiara di voler <a href=\"https:\/\/insideevs.it\/news\/786115\/incentivi-quadricicli-elettrici-colonnine-ricarica\/\" data-inline-widget=\"internal-links\" data-type-id=\"0\" data-params=\"%7B%22article_edition_id%22%3A%22786115%22%2C%22section%22%3A%221%22%2C%22alias%22%3A%22incentivi-quadricicli-elettrici-colonnine-ricarica%22%7D\" rel=\"nofollow noopener\" target=\"_blank\">incentivare le auto elettriche economiche e urbane<\/a>, dall\u2019altra parte si lasciano fuori proprio i veicoli pi\u00f9 leggeri ed efficienti oggi disponibili sul mercato europeo\u201d.<\/p>\n<\/blockquote>\n<p>        <img decoding=\"async\" src=\"https:\/\/www.europesays.com\/it\/wp-content\/uploads\/2025\/07\/16x9-tr.png\" alt=\"Micro Microlino\" width=\"16\" height=\"9\" loading=\"lazy\"\/><\/p>\n<p>Microlino protesta contro i supercrediti verdi alla produzione di Small Affordable Cars<\/p>\n<p>Foto di: Micro<\/p>\n<p>        <img decoding=\"async\" src=\"https:\/\/www.europesays.com\/it\/wp-content\/uploads\/2025\/07\/16x9-tr.png\" alt=\"Tesla Model 3 Performance 2024\" width=\"16\" height=\"9\" loading=\"lazy\"\/><\/p>\n<p>Tesla Model 3 \u00e8 fuori dai futuri incentivi Ue<\/p>\n<p>        <img decoding=\"async\" src=\"https:\/\/www.europesays.com\/it\/wp-content\/uploads\/2025\/07\/16x9-tr.png\" alt=\"Recensione Kia EV3 (2025)\" width=\"16\" height=\"9\" loading=\"lazy\"\/><\/p>\n<p>Esclusa dai bonus anche la Kia EV3<\/p>\n<p>Foto di: InsideEVs<\/p>\n<p>Tesla e Kia fuori<\/p>\n<p>C\u2019\u00e8 poi un altro nodo da sciogliere: quanti <strong>modelli<\/strong> sarebbero attualmente in linea con l\u2019IAA? prendiamo i <a href=\"https:\/\/insideevs.it\/news\/786467\/auto-elettriche-vendite-europa-2025\/\" data-inline-widget=\"internal-links\" data-type-id=\"0\" data-params=\"%7B%22article_edition_id%22%3A%22786467%22%2C%22section%22%3A%221%22%2C%22alias%22%3A%22auto-elettriche-vendite-europa-2025%22%7D\" rel=\"nofollow noopener\" target=\"_blank\">10 pi\u00f9 venduti in Europa nel 2025<\/a>. Non sappiamo quanti rispettino la quota \u201cmade in Ue\u201d del 70% dei componenti, perch\u00e9 la questione \u00e8 allo studio delle stesse Case e perch\u00e9 i contratti coi fornitori sono spesso coperti da accordi di riservatezza. Possiamo per\u00f2 vedere quali vengono assemblati nell\u2019Unione.<\/p>\n<ul>\n<li><a href=\"https:\/\/insideevs.it\/tesla\/model-y\/\" data-inline-widget=\"internal-links\" rel=\"nofollow noopener\" target=\"_blank\">Tesla Model Y<\/a>: Berlino, Germania (Ue)<\/li>\n<li>Skoda Elroq: Mlad\u00e1 Boleslav, Repubblica Ceca (Ue)<\/li>\n<li><a href=\"https:\/\/insideevs.it\/tesla\/model-3\/\" data-inline-widget=\"internal-links\" rel=\"nofollow noopener\" target=\"_blank\">Tesla Model 3<\/a>: Shanghai, Cina (non Ue)<\/li>\n<li>Renault 5: Douai, Francia (Ue)<\/li>\n<li><a href=\"https:\/\/insideevs.it\/volkswagen\/id.4\/\" data-inline-widget=\"internal-links\" rel=\"nofollow noopener\" target=\"_blank\">Volkswagen ID.4<\/a>: Zwickau ed Emden, Germania (Ue)<\/li>\n<li><a href=\"https:\/\/insideevs.it\/volkswagen\/id-3\/\" data-inline-widget=\"internal-links\" rel=\"nofollow noopener\" target=\"_blank\">Volkswagen ID.3<\/a>: Zwickau, Germania (Ue)<\/li>\n<li>Volkswagen ID.7: Emden, Germania (Ue)<\/li>\n<li><a href=\"https:\/\/insideevs.it\/bmw\/ix1\/\" data-inline-widget=\"internal-links\" rel=\"nofollow noopener\" target=\"_blank\">BMW iX1<\/a>: Regensburg, Germania (Ue)<\/li>\n<li>Kia EV3: Gwangmyeong, Corea del Sud (non Ue)<\/li>\n<li><a href=\"https:\/\/insideevs.it\/skoda\/enyaq-iv\/\" data-inline-widget=\"internal-links\" rel=\"nofollow noopener\" target=\"_blank\">Skoda Enyaq<\/a>: Mlad\u00e1 Boleslav, Repubblica Ceca (Ue)<\/li>\n<\/ul>\n<p>Al momento, quindi, resterebbero <strong>escluse dagli incentivi le Tesla Model 3 e Kia EV3<\/strong>. Il rinvio della presentazione potrebbe fare luce su punti ancora oscuri e andare incontro ad alcuni produttori.<\/p>\n","protected":false},"excerpt":{"rendered":"Attesa per oggi (gioved\u00ec 26 febbraio 2026), la proposta della Commissione europea di vincolare al \u201cmade in Ue\u201d&hellip;\n","protected":false},"author":3,"featured_media":372291,"comment_status":"","ping_status":"","sticky":false,"template":"","format":"standard","meta":{"footnotes":"","_share_on_mastodon":"0"},"categories":[172],"tags":[178,1518,7227,177,15097,1537,90,89],"class_list":["post-372290","post","type-post","status-publish","format-standard","has-post-thumbnail","category-affari","tag-affari","tag-anticipazioni","tag-auto-europee","tag-business","tag-ecobonus","tag-it","tag-italia","tag-italy"],"share_on_mastodon":{"url":"https:\/\/pubeurope.com\/@it\/116140986044132631","error":""},"_links":{"self":[{"href":"https:\/\/www.europesays.com\/it\/wp-json\/wp\/v2\/posts\/372290","targetHints":{"allow":["GET"]}}],"collection":[{"href":"https:\/\/www.europesays.com\/it\/wp-json\/wp\/v2\/posts"}],"about":[{"href":"https:\/\/www.europesays.com\/it\/wp-json\/wp\/v2\/types\/post"}],"author":[{"embeddable":true,"href":"https:\/\/www.europesays.com\/it\/wp-json\/wp\/v2\/users\/3"}],"replies":[{"embeddable":true,"href":"https:\/\/www.europesays.com\/it\/wp-json\/wp\/v2\/comments?post=372290"}],"version-history":[{"count":0,"href":"https:\/\/www.europesays.com\/it\/wp-json\/wp\/v2\/posts\/372290\/revisions"}],"wp:featuredmedia":[{"embeddable":true,"href":"https:\/\/www.europesays.com\/it\/wp-json\/wp\/v2\/media\/372291"}],"wp:attachment":[{"href":"https:\/\/www.europesays.com\/it\/wp-json\/wp\/v2\/media?parent=372290"}],"wp:term":[{"taxonomy":"category","embeddable":true,"href":"https:\/\/www.europesays.com\/it\/wp-json\/wp\/v2\/categories?post=372290"},{"taxonomy":"post_tag","embeddable":true,"href":"https:\/\/www.europesays.com\/it\/wp-json\/wp\/v2\/tags?post=372290"}],"curies":[{"name":"wp","href":"https:\/\/api.w.org\/{rel}","templated":true}]}}