{"id":372953,"date":"2026-02-27T15:48:15","date_gmt":"2026-02-27T15:48:15","guid":{"rendered":"https:\/\/www.europesays.com\/it\/372953\/"},"modified":"2026-02-27T15:48:15","modified_gmt":"2026-02-27T15:48:15","slug":"repubblica-inter-portiere-caso-da-risolvere-zero-sconti-su-vicario","status":"publish","type":"post","link":"https:\/\/www.europesays.com\/it\/372953\/","title":{"rendered":"Repubblica &#8211; Inter, portiere caso da risolvere: Zero sconti su Vicario"},"content":{"rendered":"<p>Il portiere \u00e8 in scadenza di contratto e non rinnover\u00e0 il contratto coi nerazzurri. In pole position per raccogliere la sua eredit\u00e0 c&#8217;\u00e8 Vicario<\/p>\n<p>Tra i giocatori che saluteranno l&#8217;Inter a fine stagione ci sar\u00e0 anche Yann Sommer. Il portiere svizzero \u00e8 in scadenza di contratto e non rinnover\u00e0 il contratto coi nerazzurri. In pole position per raccogliere la sua eredit\u00e0 c&#8217;\u00e8 Gugliemo <a href=\"https:\/\/www.fcinter1908.it\/calciomercato\/mercato-inter\/tottenham-sostituto-dumfries\/\" rel=\"nofollow noopener\" target=\"_blank\">Vicario<\/a>.<\/p>\n<p>&#8220;L\u2019Inter ha davanti un bivio tecnico-amministrativo: prolungare l\u2019orizzonte dell\u2019esistente (Sommer) oppure investire su un titolare di medio periodo. Vicario risponde alla seconda ipotesi perch\u00e9 unisce et\u00e0 (29), esperienza ad alto livello e una traiettoria gi\u00e0 verificata: crescita in Serie A, salto all\u2019estero, impatto immediato. Non \u00e8 un profilo \u201cda rilancio\u201d e non \u00e8 un\u2019operazione da sconto (Il Tottenham chiede 30 milioni di euro): \u00e8 un portiere sotto contratto lungo, con un club proprietario che non ha interesse a svendere&#8221;, spiega Repubblica.<\/p>\n<p>&#8220;Qui sta il punto centrale della trattativa: il Tottenham non tratta per necessit\u00e0, tratta solo a condizioni utili. Questo sposta il discorso su cifre importanti e su formule poco creative: o si entra su un prezzo pieno, oppure il dossier resta in sospeso. In Serie A, dove il mercato \u00e8 spesso costruito su prestiti, riscatti dilazionati e incastri, un affare di questo tipo costringe a scegliere prima le priorit\u00e0. Se la porta diventa priorit\u00e0, allora altre caselle devono uscire dal perimetro della spesa&#8221;.<\/p>\n<p>CONCORRENZA\u2014 \u00a0<\/p>\n<p>&#8220;Sul tavolo resta la variabile concorrenza. Un portiere italiano di quel livello, gi\u00e0 pronto per un club che vuole vincere subito, \u00e8 un target naturale per pi\u00f9 squadre. Se pi\u00f9 interlocutori si muovono nello stesso spazio, i tempi si stringono e il potere negoziale del venditore cresce. In quel caso l\u2019Inter deve scegliere se trasformare l\u2019interesse in un\u2019azione rapida o se spostare l\u2019obiettivo su un profilo diverso, evitando trattative lunghe che consumano settimane senza produrre un esito&#8221;.<\/p>\n<p>INVESTIMENTO\u2014 \u00a0<\/p>\n<p>&#8220;Vicario, quindi, non \u00e8 una \u201csuggestione\u201d: \u00e8 un dossier che obbliga a decidere come costruire il prossimo ciclo. La porta, in un club che compete su pi\u00f9 fronti, non \u00e8 un dettaglio. \u00c8 un investimento che si misura in punti, in partite europee indirizzate, in stagioni rese pi\u00f9 semplici. E l\u2019Inter, se vuole che la prossima estate non sia un rinvio, deve trasformare questa discussione in una scelta concreta: o si finanzia la certezza, oppure si accetta la gestione anno per anno&#8221;, chiude Repubblica.<\/p>\n<p class=\"is-copyright\">\u00a9 RIPRODUZIONE RISERVATA<\/p>\n","protected":false},"excerpt":{"rendered":"Il portiere \u00e8 in scadenza di contratto e non rinnover\u00e0 il contratto coi nerazzurri. In pole position per&hellip;\n","protected":false},"author":3,"featured_media":372954,"comment_status":"","ping_status":"","sticky":false,"template":"","format":"standard","meta":{"footnotes":"","_share_on_mastodon":"0"},"categories":[1452],"tags":[36585,721,554,678,6693,215622,215623,215624,215625,9260,10899,1740,350,215626,5292,16265,1537,90,89,6110,609,215627,215628,16590,16619,215629,98,2855,16620,215630,215631,981,1739,245,244,66824],"class_list":["post-372953","post","type-post","status-publish","format-standard","has-post-thumbnail","category-calcio","tag-bivio","tag-calcio","tag-club","tag-concorrenza","tag-contratto","tag-contratto-nerazzurri","tag-contratto-nerazzurri-pole","tag-contratto-rinnovera","tag-contratto-rinnovera-contratto","tag-dossier","tag-eredita","tag-football","tag-inter","tag-inter-bivio","tag-interesse","tag-investimento","tag-it","tag-italia","tag-italy","tag-livello","tag-nerazzurri","tag-nerazzurri-pole","tag-nerazzurri-pole-position","tag-pole","tag-pole-position","tag-pole-position-raccogliere","tag-porta","tag-portiere","tag-position","tag-position-raccogliere","tag-position-raccogliere-eredita","tag-repubblica","tag-soccer","tag-sport","tag-sports","tag-vicario"],"share_on_mastodon":{"url":"","error":"Validation failed: Text character limit of 500 exceeded"},"_links":{"self":[{"href":"https:\/\/www.europesays.com\/it\/wp-json\/wp\/v2\/posts\/372953","targetHints":{"allow":["GET"]}}],"collection":[{"href":"https:\/\/www.europesays.com\/it\/wp-json\/wp\/v2\/posts"}],"about":[{"href":"https:\/\/www.europesays.com\/it\/wp-json\/wp\/v2\/types\/post"}],"author":[{"embeddable":true,"href":"https:\/\/www.europesays.com\/it\/wp-json\/wp\/v2\/users\/3"}],"replies":[{"embeddable":true,"href":"https:\/\/www.europesays.com\/it\/wp-json\/wp\/v2\/comments?post=372953"}],"version-history":[{"count":0,"href":"https:\/\/www.europesays.com\/it\/wp-json\/wp\/v2\/posts\/372953\/revisions"}],"wp:featuredmedia":[{"embeddable":true,"href":"https:\/\/www.europesays.com\/it\/wp-json\/wp\/v2\/media\/372954"}],"wp:attachment":[{"href":"https:\/\/www.europesays.com\/it\/wp-json\/wp\/v2\/media?parent=372953"}],"wp:term":[{"taxonomy":"category","embeddable":true,"href":"https:\/\/www.europesays.com\/it\/wp-json\/wp\/v2\/categories?post=372953"},{"taxonomy":"post_tag","embeddable":true,"href":"https:\/\/www.europesays.com\/it\/wp-json\/wp\/v2\/tags?post=372953"}],"curies":[{"name":"wp","href":"https:\/\/api.w.org\/{rel}","templated":true}]}}