{"id":3730,"date":"2025-07-23T18:15:10","date_gmt":"2025-07-23T18:15:10","guid":{"rendered":"https:\/\/www.europesays.com\/it\/3730\/"},"modified":"2025-07-23T18:15:10","modified_gmt":"2025-07-23T18:15:10","slug":"cubone-di-san-giovanni-lavori-verso-la-conclusione-a-settembre-la-consegna","status":"publish","type":"post","link":"https:\/\/www.europesays.com\/it\/3730\/","title":{"rendered":"Cubone di San Giovanni, lavori verso la conclusione: a settembre la consegna"},"content":{"rendered":"<p>Il \u201ccubone\u201d di San Giovanni \u00e8 \u201cpraticamente pronto\u201d. Prima di arrivare all&#8217;annuncio di fine lavori manca ancora la posa del pavimento della palestra in legno, ma gran parte del cantiere \u00e8 ormai terminato. Chi transita quotidianamente per piazzale Gioberti o lungo viale Raffaello Sanzio si sar\u00e0 accorto, ormai da settimane, che le facciate dell&#8217;edificio sono state rivestite con motivi che richiamano gli alberi e i lati sono stati dipinti con colori meno impattanti rispetto a quel cemento armato che, fino a poco tempo fa, campeggiava nel rione e che ha contribuito alla nascita dell&#8217;appellativo \u201ccubone\u201d.\u00a0<\/p>\n<p>Fine lavori entro l&#8217;autunno<\/p>\n<p>Dopo anni di stallo &#8211; su tutti pesavano i finanziamenti stanziati all&#8217;epoca e non sufficienti per il completamento dell&#8217;opera, ma questa \u00e8 un&#8217;altra storia -, ecco che la citt\u00e0 di Trieste (e in particolar modo il rione di San Giovanni) potr\u00e0 contare su un nuovo complesso sportivo, con attrezzature e un impianto di ultima generazione. Raggiunta telefonicamente, l&#8217;assessore ai Lavori pubblici del Comune di Trieste Elisa Lodi ha spiegato gli step successivi: \u201cEntro la fine di ottobre contiamo di avere la palestra pronta e consegnata. In un primo momento &#8211; con ogni probabilit\u00e0 tutta la stagione sportiva 2025-2026 &#8211; la struttura la gestiremo noi come Comune, mentre successivamente faremo un affidamento al futuro concessionario\u201d.\u00a0<\/p>\n<p>Tribuna, spogliatoi e la gestione<\/p>\n<p>La palestra &#8211; sul quale va ancora deciso il canone di affitto &#8211; vede gi\u00e0 oggi alcune societ\u00e0 sportive di Trieste interessate alla gestione. Per il momento sui nomi rimane il massimo riserbo, ma ci\u00f2 che si sa \u00e8 che verr\u00e0 omologata per la pallavolo e la pallacanestro. Inoltre, verr\u00e0 disegnato anche il campo da calcio a cinque, cos\u00ec da poter ospitare anche match di calcetto indoor. \u201cCi saranno pi\u00f9 spogliatoi &#8211; continua la Lodi -, per permettere un interscambio di discipline, e una tribuna in grado di accogliere il pubblico\u201d. Il responsabile unico del procedimento \u00e8 Giulio Bernetti, al quale va aggiunto l&#8217;impegno del tecnico del Comune Ingrid Umek.\u00a0<\/p>\n<p>Un&#8217;area verde vicina alla palestra<\/p>\n<p>Ulteriormente, al futuro concessionario verr\u00e0 chiesto di garantire l&#8217;orario mattutino per le scuole. Il complesso non avr\u00e0 barriere architettoniche (che permetter\u00e0 anche lo svolgimento di partite di baskin, ad esempio) e, ha concluso l&#8217;assessore, \u201cnei pressi della struttura verr\u00e0 realizzata, grazie ai fondi Pinqua, un&#8217;area verde\u201d. L&#8217;ingresso sar\u00e0 da piazzale Gioberti. Prossima settimana \u00e8 in programma una riunione con la Commissione che si occupa della gestione delle palestre.\u00a0<\/p>\n<p>\u00a0<\/p>\n<p>\u00a0<\/p>\n<p>\u00a0<\/p>\n","protected":false},"excerpt":{"rendered":"Il \u201ccubone\u201d di San Giovanni \u00e8 \u201cpraticamente pronto\u201d. Prima di arrivare all&#8217;annuncio di fine lavori manca ancora la&hellip;\n","protected":false},"author":3,"featured_media":3731,"comment_status":"","ping_status":"","sticky":false,"template":"","format":"standard","meta":{"footnotes":""},"categories":[175],"tags":[6688,239,1537,90,89,2398,240,6687],"class_list":{"0":"post-3730","1":"post","2":"type-post","3":"status-publish","4":"format-standard","5":"has-post-thumbnail","7":"category-salute","8":"tag-cubone","9":"tag-health","10":"tag-it","11":"tag-italia","12":"tag-italy","13":"tag-palestre","14":"tag-salute","15":"tag-trieste"},"share_on_mastodon":{"url":"","error":""},"_links":{"self":[{"href":"https:\/\/www.europesays.com\/it\/wp-json\/wp\/v2\/posts\/3730","targetHints":{"allow":["GET"]}}],"collection":[{"href":"https:\/\/www.europesays.com\/it\/wp-json\/wp\/v2\/posts"}],"about":[{"href":"https:\/\/www.europesays.com\/it\/wp-json\/wp\/v2\/types\/post"}],"author":[{"embeddable":true,"href":"https:\/\/www.europesays.com\/it\/wp-json\/wp\/v2\/users\/3"}],"replies":[{"embeddable":true,"href":"https:\/\/www.europesays.com\/it\/wp-json\/wp\/v2\/comments?post=3730"}],"version-history":[{"count":0,"href":"https:\/\/www.europesays.com\/it\/wp-json\/wp\/v2\/posts\/3730\/revisions"}],"wp:featuredmedia":[{"embeddable":true,"href":"https:\/\/www.europesays.com\/it\/wp-json\/wp\/v2\/media\/3731"}],"wp:attachment":[{"href":"https:\/\/www.europesays.com\/it\/wp-json\/wp\/v2\/media?parent=3730"}],"wp:term":[{"taxonomy":"category","embeddable":true,"href":"https:\/\/www.europesays.com\/it\/wp-json\/wp\/v2\/categories?post=3730"},{"taxonomy":"post_tag","embeddable":true,"href":"https:\/\/www.europesays.com\/it\/wp-json\/wp\/v2\/tags?post=3730"}],"curies":[{"name":"wp","href":"https:\/\/api.w.org\/{rel}","templated":true}]}}