{"id":373100,"date":"2026-02-27T17:49:13","date_gmt":"2026-02-27T17:49:13","guid":{"rendered":"https:\/\/www.europesays.com\/it\/373100\/"},"modified":"2026-02-27T17:49:13","modified_gmt":"2026-02-27T17:49:13","slug":"milano-tram-deraglia-e-finisce-contro-un-palazzo-due-morti-e-almeno-40-feriti-e-arrivato-velocissimo-poi-lo-schianto","status":"publish","type":"post","link":"https:\/\/www.europesays.com\/it\/373100\/","title":{"rendered":"Milano, tram deraglia e finisce contro un palazzo: due morti e almeno 40 feriti. \u00ab\u00c8 arrivato velocissimo, poi lo schianto\u00bb"},"content":{"rendered":"<p>    di<br \/>\n    Cesare Giuzzi, Pierpaolo Lio, Tommaso Pellizzari<\/p>\n<p class=\"summary-art is-line-h-12\">Il tram numero 9 \u00e8 uscito dai binari nel pomeriggio di venerd\u00ec, intorno alle 16, mentre si trovava in viale Vittorio Veneto: una persona \u00e8 morta, una quarantina i feriti, alcuni dei quali gravi. Sul posto il sindaco Sala<\/p>\n<p class=\"chapter-paragraph\">\u00c8 arrivato velocissimo, si \u00e8 capito subito che qualcosa non andava.\u00a0<b>Un tram della linea 9<\/b>, di<b> ultima generazione<\/b>, stava percorrendo <b>viale Vittorio Veneto a Milano<\/b>, proveniente da piazza della Repubblica e diretto verso piazza Oberdan e deragliando si \u00e8 schiantato contro un palazzo:<b><a href=\"https:\/\/milano.corriere.it\/notizie\/cronaca\/26_febbraio_27\/inchiesta-incidente-tram-milano-malore-conducente-824c4153-d32c-4d58-a9a5-046903e15xlk.shtml\" rel=\"nofollow noopener\" target=\"_blank\"> due\u00a0morti<\/a>\u00a0e 40 feriti<\/b>. Sul posto tante ambulanze, il sindaco Sala\u00a0 e il procuratore Viola.<\/p>\n<p class=\"chapter-paragraph\">Erano circa le 16 di oggi, venerd\u00ec 27 febbraio. Arrivato all\u2019incrocio con via Lazzaretto, dove uno scambio consente anche una deviazione a sinistra delle rotaie, il mezzo (teoricamente destinato ad andare dritto) ha invece imboccato la svolta.    &#13;<br \/>\n&#13;<br \/>\n&#13;<br \/>\n&#13;<br \/>\n&#13;<br \/>\n&#13;<br \/>\n&#13;<br \/>\n&#13;<br \/>\n&#13;<br \/>\n&#13;<br \/>\n&#13;<br \/>\n&#13;<br \/>\n&#13;<br \/>\n&#13;<br \/>\n&#13;<br \/>\n&#13;<br \/>\n&#13;<br \/>\n&#13;<br \/>\n&#13;<br \/>\n&#13;<br \/>\n&#13;<br \/>\n&#13;<br \/>\n&#13;<br \/>\n&#13;<br \/>\n&#13;<br \/>\n&#13;<br \/>\n&#13;<br \/>\n&#13;<br \/>\n&#13;<br \/>\n&#13;<br \/>\n&#13;<br \/>\n&#13;<br \/>\n&#13;<br \/>\n&#13;<br \/>\n&#13;<br \/>\n&#13;<br \/>\n&#13;<br \/>\n&#13;<br \/>\n&#13;<br \/>\n&#13;<br \/>\n&#13;<br \/>\n&#13;<br \/>\n&#13;<br \/>\n&#13;<br \/>\n&#13;<br \/>\n&#13;<br \/>\n&#13;<br \/>\n&#13;<br \/>\n&#13;<br \/>\n&#13;<br \/>\n&#13;<br \/>\n&#13;<br \/>\n&#13;\n<\/p>\n<p class=\"chapter-paragraph\">Ma, appunto, era troppo veloce. Ha deragliato ed \u00e8 andato a sbattere contro un edificio sull\u2019angolo, abbattendo il semaforo e sfondando la vetrina di un ristorante.\u00a0<\/p>\n<p class=\"chapter-paragraph\"><b>Due persone sono morte, un uomo del &#8217;66 e un altro senza fissa dimora non ancora identificato. Almeno 40 sono le persone rimaste ferite, alcune delle quali in modo grave e trasportate agli ospedali Policlinico e Niguarda.\u00a0<\/b><\/p>\n<p class=\"chapter-paragraph\">Alcune persone sono rimaste incastrate all&#8217;interno del mezzo di trasporto. Non \u00e8 chiaro se stessero attraversando la strada e il mezzo abbia dovuto fare una brusca frenata o una manovra improvvisa per evitarle.<\/p>\n<p class=\"chapter-paragraph\">Sul posto sono intervenuti numerosi mezzi di soccorso &#8211; ambulanze, vigili del fuoco e polizia municipale.<\/p>\n<p class=\"chapter-paragraph\"><b>\u00abHo pensato al terremoto.<\/b> Ero\u00a0seduto e sono finito per terra, insieme agli altri passeggeri.\u00a0\u00c8 stato terribile\u00bb ha detto uno dei passeggeri. \u00abPer fortuna ho soltanto battuto un ginocchio, ma l&#8217;uomo accanto\u00a0a me perdeva sangue dalla testa &#8211; prosegue &#8211; ci ho messo un po&#8217;\u00a0a rialzarmi e a scendere\u00bb.<\/p>\n<p class=\"chapter-paragraph\">\u00ab<b>Abbiamo sentito qualcosa sotto<\/b>, poi il tram \u00e8 deragliato e siamo stati tutti sballottati\u00bb, ha detto una donna che era sul tram. \u00abIl tram ha virato, ha preso una certa velocit\u00e0 e ha colpito un edificio. Ero salita alla fermata prima, quella di Repubblica, <b>ero in piedi vicino all&#8217;autista. Mi sono venuti tutti addosso\u00bb.<\/b><\/p>\n<p class=\"chapter-paragraph\">Il tram era del nuovo modello\u00a0<b>Tramlink<\/b>, che ha iniziato a circolare da poche settimane a Milano: uno\u00a0dei <b>primi <\/b><b>tram bidirezionali nella storia della citt\u00e0, <\/b>con\u00a0due cabine di guida, una per estremit\u00e0, che permettono di invertire il senso di marcia in caso di necessit\u00e0. Il tram \u00e8 lungo 25 metri, composto da tre carrozze comunicanti, con 66 posti a sedere.<\/p>\n<p class=\"chapter-paragraph\">Tra le prime ipotesi al vaglio degli inquirenti ci sono quelle di <b>un malore del conducente del tram <\/b>o di un guasto del sistema di scambio che \u00e8 stato trovato \u00abchiuso\u00bb, ossia in posizione di svolta verso via Lazzaretto. Il convoglio doveva proseguire dritto lungo viale Vittorio Veneto. In quel tratto i binari si trovano in un\u2019area protetta da un lato dal marciapiede e dall\u2019altro da lei aiuole dei Bastioni di Porta Venezia. Lo scambio viene attivato solo dai guidatori del tram della linea.<\/p>\n<p class=\"chapter-paragraph\">\u00abIn attesa di comprendere come sia potuto accadere un fatto tanto grave che, purtroppo, dalle prime notizie, ha provocato il <b>decesso di due persone<\/b>, ringrazio la macchina del soccorso dell\u2019emergenza entrata prontamente in funzione per garantire assistenza a tutti i cittadini rimasti coinvolti nell\u2019incidente\u00bb. Cos\u00ec, l\u2019assessore lombardo al Welfare, Guido Bertolaso commenta lo schianto del tram. AREU, l\u2019Agenzia Regionale Emergenza Urgenza, comunica che, ad ora, sul posto sono intervenute: 3 automediche, 1 auto infermieristica, 13 ambulanze e 2 mezzi di coordinamento maxiemergenze.\u00a0 (Sara Bettoni)<\/p>\n<p>        <img decoding=\"async\" loading=\"lazy\" alt=\"Milano, tram deraglia e finisce contro un palazzo: almeno 8 feriti molto gravi. \u00ab\u00c8 arrivato velocissimo, poi lo schianto\u00bb\" src=\"https:\/\/dimages2.corriereobjects.it\/files\/image_572_856_h\/uploads\/2026\/02\/27\/69a1bf7037e25.jpeg\" data-full-src=\"https:\/\/www.europesays.com\/it\/wp-content\/uploads\/2026\/02\/69a1bf7037e25.jpeg\"\/><\/p>\n<p class=\"chapter-paragraph\">\u00abATM \u00e8 profondamente scossa per il gravissimo incidente di questo pomeriggio in viale Vittorio Veneto a Milano &#8211; scrive in una nota l&#8217;azienda di trasporti -. In questo momento di immenso dolore, il pensiero dell\u2019Azienda va prima di tutto alla famiglia delle persone che hanno perso la vita e a tutti i feriti. A loro rivolgiamo tutta la nostra vicinanza. <b>ATM<\/b> \u00e8 gi\u00e0 al lavoro e a disposizione delle autorit\u00e0 giudiziarie per stabilire con precisione la causa e la <b>dinamica dell\u2019incidente<\/b> e mette a disposizione ogni informazione e strumento <b>utili alle indagini<\/b>\u00bb.<br \/>Articolo in aggiornamento&#8230;<\/p>\n<p>        <img decoding=\"async\" loading=\"lazy\" alt=\"Milano, tram deraglia e finisce contro un palazzo: ci sono dei feriti. \u00ab\u00c8 arrivato velocissimo, poi lo schianto\u00bb\" src=\"https:\/\/dimages2.corriereobjects.it\/files\/image_572_856_h\/uploads\/2026\/02\/27\/69a1b992b0b77.jpeg\" data-full-src=\"https:\/\/www.europesays.com\/it\/wp-content\/uploads\/2026\/02\/69a1b992b0b77.jpeg\"\/><\/p>\n<p class=\"is-mr-t-20 is-mr-b-20\"><b><br \/>\n                    <a href=\"https:\/\/milano.corriere.it\/?intcmp=Notizielocali_nd_010623_corriere_ss_milano\" target=\"_blank\" rel=\"nofollow noopener\">Vai a tutte le notizie di Milano<\/a><br \/>\n            <\/b><\/p>\n<p class=\"chapter-paragraph\"><b><a href=\"https:\/\/www.corriere.it\/newsletter\/?theme=41&amp;intcmp=IIIcolonna_NL_CorMilano\" target=\"_blank\" rel=\"nofollow noopener\">Iscriviti alla newsletter di Corriere Milano<\/a><\/b><\/p>\n<p class=\"is-last-update\" datetime=\"2026-02-27T18:45:17+01:00\">27 febbraio 2026 ( modifica il 27 febbraio 2026 | 18:45)<\/p>\n<p class=\"is-copyright\">\n            \u00a9 RIPRODUZIONE RISERVATA\n        <\/p>\n","protected":false},"excerpt":{"rendered":"di Cesare Giuzzi, Pierpaolo Lio, Tommaso Pellizzari Il tram numero 9 \u00e8 uscito dai binari nel pomeriggio di&hellip;\n","protected":false},"author":3,"featured_media":373101,"comment_status":"","ping_status":"","sticky":false,"template":"","format":"standard","meta":{"footnotes":"","_share_on_mastodon":"0"},"categories":[79],"tags":[3960,839,6029,3077,215668,19029,4072,8980,14,93,94,15664,6258,32336,4487,450,826,830,298,1537,90,89,167070,4781,7629,28,770,7,15,330,215669,11021,5543,427,4425,981,4573,18,4578,22469,215670,19,39417,11115,24285,11,84,91,12,85,92,108,9776,215666,215667,10023,54233],"class_list":["post-373100","post","type-post","status-publish","format-standard","has-post-thumbnail","category-italia","tag-alcune","tag-almeno","tag-ambulanze","tag-arrivato","tag-arrivato-velocissimo","tag-atm","tag-azienda","tag-binari","tag-cronaca","tag-cronaca-italiana","tag-cronacaitaliana","tag-deragliato","tag-disposizione","tag-dritto","tag-edificio","tag-emergenza","tag-feriti","tag-grave","tag-incidente","tag-it","tag-italia","tag-italy","tag-lazzaretto","tag-linea","tag-mezzi","tag-milano","tag-morti","tag-news","tag-notizie","tag-palazzo","tag-palazzo-morti","tag-passeggeri","tag-piazza","tag-pomeriggio","tag-prime","tag-repubblica","tag-rimaste","tag-sala","tag-scambio","tag-schianto","tag-schianto-tram","tag-sindaco","tag-sindaco-sala","tag-soccorso","tag-tram","tag-ultime-notizie","tag-ultime-notizie-e-news-di-oggi","tag-ultime-notizie-italia","tag-ultimenotizie","tag-ultimenotizieenewsdioggi","tag-ultimenotizieitalia","tag-veneto","tag-viale","tag-viale-vittorio","tag-viale-vittorio-veneto","tag-vittorio","tag-vittorio-veneto"],"share_on_mastodon":{"url":"","error":"Validation failed: Text character limit of 500 exceeded"},"_links":{"self":[{"href":"https:\/\/www.europesays.com\/it\/wp-json\/wp\/v2\/posts\/373100","targetHints":{"allow":["GET"]}}],"collection":[{"href":"https:\/\/www.europesays.com\/it\/wp-json\/wp\/v2\/posts"}],"about":[{"href":"https:\/\/www.europesays.com\/it\/wp-json\/wp\/v2\/types\/post"}],"author":[{"embeddable":true,"href":"https:\/\/www.europesays.com\/it\/wp-json\/wp\/v2\/users\/3"}],"replies":[{"embeddable":true,"href":"https:\/\/www.europesays.com\/it\/wp-json\/wp\/v2\/comments?post=373100"}],"version-history":[{"count":0,"href":"https:\/\/www.europesays.com\/it\/wp-json\/wp\/v2\/posts\/373100\/revisions"}],"wp:featuredmedia":[{"embeddable":true,"href":"https:\/\/www.europesays.com\/it\/wp-json\/wp\/v2\/media\/373101"}],"wp:attachment":[{"href":"https:\/\/www.europesays.com\/it\/wp-json\/wp\/v2\/media?parent=373100"}],"wp:term":[{"taxonomy":"category","embeddable":true,"href":"https:\/\/www.europesays.com\/it\/wp-json\/wp\/v2\/categories?post=373100"},{"taxonomy":"post_tag","embeddable":true,"href":"https:\/\/www.europesays.com\/it\/wp-json\/wp\/v2\/tags?post=373100"}],"curies":[{"name":"wp","href":"https:\/\/api.w.org\/{rel}","templated":true}]}}