{"id":373347,"date":"2026-02-27T21:49:18","date_gmt":"2026-02-27T21:49:18","guid":{"rendered":"https:\/\/www.europesays.com\/it\/373347\/"},"modified":"2026-02-27T21:49:18","modified_gmt":"2026-02-27T21:49:18","slug":"niccolo-perico-mercedes-il-retroscena-fa-da-coach-driver-al-figlio-di-toto-wolff-il-papa-a-6-anni-lo-allenavo-sulle-macchine-da-rally-le-prime-gare-da-solo-in-estonia","status":"publish","type":"post","link":"https:\/\/www.europesays.com\/it\/373347\/","title":{"rendered":"Niccol\u00f2 Perico-Mercedes, il retroscena: fa da coach driver al figlio di Toto Wolff. Il pap\u00e0: \u00abA 6 anni lo allenavo sulle macchine da rally, le prime gare da solo in Estonia\u00bb"},"content":{"rendered":"<p>    di<br \/>\n    Daniele Sparisci<\/p>\n<p class=\"summary-art is-line-h-12\">Niccol\u00f2 Perico nel programma junior della Mercedes a 11 anni come Antonelli. Ha insegnato a Jack Wolff la guida sui kart, il pap\u00e0 Alessandro: \u00abLo portavo ad allenarsi su neve e ghiaccio con una macchina  modificata\u00bb<\/p>\n<p class=\"chapter-paragraph\">A 3 anni e mezzo andava su un go-kart legato a una corda attaccata al mezzo del padre. A 6 guidava una Mitsubishi Lancer Evo 6, un bolide da rally, con pedali adattati all\u2019altezza: derapate e salti  sullo sterrato. Da non credere. <a href=\"https:\/\/bergamo.corriere.it\/notizie\/sport\/26_febbraio_26\/il-sogno-di-niccolo-si-chiama-formula-1-a-11-anni-da-alzano-lombardo-al-volante-della-mercedes-e855a351-8ed4-4c10-943f-8f54185b5xlk.shtml\" title=\"Il sogno di Niccol\u00f2 Perico si chiama Formula 1: a 11 anni da Alzano Lombardo al volante della Mercedes\" rel=\"nofollow noopener\" target=\"_blank\">Niccol\u00f2 Perico oggi ha 11 anni,<\/a> capelli biondi pi\u00f9 corti, e colleziona vittorie e trofei sui kart, di lui si parla come di un talento fuori dal comune. Al punto che la Mercedes lo ha messo sotto contratto per il programma junior, come aveva fatto con Antonelli.<\/p>\n<p class=\"chapter-paragraph\"><b>Toto Wolff<\/b>\u00a0che lo ha scelto come coach driver del figlio Jack (kartista, classe 2017), punta su un altro italiano. Chiss\u00e0 che non abbia trovato il  nuovo Kimi. Il pap\u00e0 Alessandro Perico, ex pilota con successi importanti nei rally italiani, ha \u00abaddestrato\u00bb Niccol\u00f2 alla guida in qualunque condizione: \u00abA 6 anni andavamo a Livigno a girare sul ghiaccio, e poi da altre parti con pioggia, neve, fango.  In macchina fa numeri speciali, non ci credo neanche io a volte. Sembra un film: gli avevo costruito una pedaliera speciale e doppi comandi, gli stavo accanto nel caso sbagliasse. Ma sempre all\u2019interno di circuiti chiusi, in piena sicurezza, per fare allenamento\u00bb.    &#13;<br \/>\n&#13;<br \/>\n&#13;<br \/>\n&#13;<br \/>\n&#13;<br \/>\n&#13;<br \/>\n&#13;<br \/>\n&#13;<br \/>\n&#13;<br \/>\n&#13;<br \/>\n&#13;<br \/>\n&#13;<br \/>\n&#13;<br \/>\n&#13;<br \/>\n&#13;<br \/>\n&#13;<br \/>\n&#13;<br \/>\n&#13;<br \/>\n&#13;<br \/>\n&#13;<br \/>\n&#13;<br \/>\n&#13;<br \/>\n&#13;<br \/>\n&#13;<br \/>\n&#13;<br \/>\n&#13;<br \/>\n&#13;<br \/>\n&#13;<br \/>\n&#13;<br \/>\n&#13;<br \/>\n&#13;<br \/>\n&#13;<br \/>\n&#13;<br \/>\n&#13;<br \/>\n&#13;<br \/>\n&#13;<br \/>\n&#13;<br \/>\n&#13;<br \/>\n&#13;<br \/>\n&#13;<br \/>\n&#13;<br \/>\n&#13;<br \/>\n&#13;<br \/>\n&#13;<br \/>\n&#13;<br \/>\n&#13;<br \/>\n&#13;<br \/>\n&#13;<br \/>\n&#13;<br \/>\n&#13;<br \/>\n&#13;<br \/>\n&#13;<br \/>\n&#13;\n<\/p>\n<p class=\"chapter-paragraph\"><b>Niccol\u00f2 ha avuto un\u2019infanzia diversa da altri bambini<\/b>, si \u00e8 fatto le ossa nei Paesi Baltici dove ha potuto iniziare a correre prima che in Italia: \u00abSiamo andati in Lituania, Lettonia, Estonia \u2014 aggiunge Alessandro \u2014 l\u2019ho accompagnato all\u2019inizio; poi \u00e8 rimasto un mese insieme a un ex pilota che lo seguiva in tutto, vivevano in una casa di legno in mezzo alla foresta. Si \u00e8 sempre divertito, non l\u2019ho mai forzato. E la mamma \u00e8 sempre stata d\u2019accordo\u00bb.<\/p>\n<p class=\"chapter-paragraph\">Niccol\u00f2 viene dalla bergamasca, Scanzorosciate, il pap\u00e0 si \u00e8 fatto da solo: lavorava in un\u2019officina, di giorno riparava le macchine stradali, alla sera preparava quelle da corsa. Professionista dei rally fino al 2017, oggi ha una squadra corse e fa il collaudatore di gomme: \u00abA casa l\u2019unica passione era il calcio: ho fatto tutta la gavetta nei motori, da solo e senza un euro\u00bb.<br \/>Niccol\u00f2 spera di seguire le orme di Verstappen e Antonelli, baby fenomeni capaci di bruciare le tappe; <a href=\"https:\/\/www.corriere.it\/sport\/formula-1\/notizie\/vi-racconto-rosberg-ed-hamilton-l-eterna-sfida-tempi-kart-dd48f8d0-b167-11e6-aca9-06f7502f8eb7.shtml\" rel=\"nofollow noopener\" target=\"_blank\">\u00e8 stato affidato a Dino Chiesa, talent scout di Hamilton e Rosberg, un guru dei kart. <\/a>Ed \u00e8 stato scelto direttamente da Wolff, capo e azionista della Mercedes F1. \u00abAbbiamo cominciato dando una mano al figlio di Toto, Jack, un sacco di lavoro insieme, poi \u00e8 nata anche l\u2019amicizia. Ma Niccol\u00f2, da coach driver, era gi\u00e0 sotto contratto con la Prema e due anni fa era stato cercato dalla Red Bull. Ma abbiamo detto no perch\u00e9 l\u00ec se ne bruciano tanti. Alla fine lo ha voluto la Mercedes e lo ha liberato\u00bb.<\/p>\n<p class=\"chapter-paragraph\"><b>Alessandro, parlando del figlio, sa quanto \u00e8 importante usare i freni:<\/b> \u00abNon abbiamo fatto ancora nulla, dobbiamo continuare a lavorare sodo come sempre. Lui \u00e8 tranquillo, ha una gran testa: si diverte e si applica, dopo aver guidato riempie faldoni di appunti tecnici e riguarda i video suoi e degli avversari\u00bb. Niccol\u00f2 frequenta la prima media, quando \u00e8 fuori per le corse studia con la didattica a distanza. \u00c8 tifoso di Sinner, gioca a tennis e a padel, ha gi\u00e0 capito a chi vuole assomigliare. Un volante al posto della racchetta.\u00a0<\/p>\n<p class=\"is-last-update\" datetime=\"2026-02-27T11:22:11+01:00\">27 febbraio 2026 ( modifica il 27 febbraio 2026 | 11:22)<\/p>\n<p class=\"is-copyright\">\n            \u00a9 RIPRODUZIONE RISERVATA\n        <\/p>\n","protected":false},"excerpt":{"rendered":"di Daniele Sparisci Niccol\u00f2 Perico nel programma junior della Mercedes a 11 anni come Antonelli. Ha insegnato a&hellip;\n","protected":false},"author":3,"featured_media":373348,"comment_status":"","ping_status":"","sticky":false,"template":"","format":"standard","meta":{"footnotes":"","_share_on_mastodon":"0"},"categories":[176],"tags":[5781,215770,215771,5413,198213,2535,3993,1275,215764,215766,6693,8776,29717,215767,39541,2716,80223,7492,3453,1537,90,89,16600,20580,3997,4044,2736,1772,22542,8260,215765,690,215768,215763,3333,897,215769,30856,1702,245,244,9819,5515,14732],"class_list":["post-373347","post","type-post","status-publish","format-standard","has-post-thumbnail","category-sport","tag-accanto","tag-accanto-sbagliasse","tag-accanto-sbagliasse-interno","tag-accompagnato","tag-accompagnato-inizio","tag-alessandro","tag-antonelli","tag-coach","tag-coach-driver","tag-coach-driver-figlio","tag-contratto","tag-corse","tag-driver","tag-driver-figlio","tag-estonia","tag-figlio","tag-figlio-toto","tag-ghiaccio","tag-guida","tag-it","tag-italia","tag-italy","tag-jack","tag-junior","tag-kart","tag-macchina","tag-macchine","tag-mercedes","tag-neve","tag-niccolo","tag-niccolo-perico","tag-papa","tag-papa-alessandro","tag-perico","tag-pilota","tag-programma","tag-programma-junior","tag-rally","tag-scelto","tag-sport","tag-sports","tag-toto","tag-toto-wolff","tag-wolff"],"share_on_mastodon":{"url":"","error":"Validation failed: Text character limit of 500 exceeded"},"_links":{"self":[{"href":"https:\/\/www.europesays.com\/it\/wp-json\/wp\/v2\/posts\/373347","targetHints":{"allow":["GET"]}}],"collection":[{"href":"https:\/\/www.europesays.com\/it\/wp-json\/wp\/v2\/posts"}],"about":[{"href":"https:\/\/www.europesays.com\/it\/wp-json\/wp\/v2\/types\/post"}],"author":[{"embeddable":true,"href":"https:\/\/www.europesays.com\/it\/wp-json\/wp\/v2\/users\/3"}],"replies":[{"embeddable":true,"href":"https:\/\/www.europesays.com\/it\/wp-json\/wp\/v2\/comments?post=373347"}],"version-history":[{"count":0,"href":"https:\/\/www.europesays.com\/it\/wp-json\/wp\/v2\/posts\/373347\/revisions"}],"wp:featuredmedia":[{"embeddable":true,"href":"https:\/\/www.europesays.com\/it\/wp-json\/wp\/v2\/media\/373348"}],"wp:attachment":[{"href":"https:\/\/www.europesays.com\/it\/wp-json\/wp\/v2\/media?parent=373347"}],"wp:term":[{"taxonomy":"category","embeddable":true,"href":"https:\/\/www.europesays.com\/it\/wp-json\/wp\/v2\/categories?post=373347"},{"taxonomy":"post_tag","embeddable":true,"href":"https:\/\/www.europesays.com\/it\/wp-json\/wp\/v2\/tags?post=373347"}],"curies":[{"name":"wp","href":"https:\/\/api.w.org\/{rel}","templated":true}]}}