{"id":373393,"date":"2026-02-27T22:32:12","date_gmt":"2026-02-27T22:32:12","guid":{"rendered":"https:\/\/www.europesays.com\/it\/373393\/"},"modified":"2026-02-27T22:32:12","modified_gmt":"2026-02-27T22:32:12","slug":"van-der-poel-da-sempre-volevo-correre-lomloop-pressione-ci-sono-philipsen-e-groves","status":"publish","type":"post","link":"https:\/\/www.europesays.com\/it\/373393\/","title":{"rendered":"VAN DER POEL. \u00abDA SEMPRE VOLEVO CORRERE L&#8217;OMLOOP. PRESSIONE? CI SONO PHILIPSEN E GROVES&#8230;\u00bb"},"content":{"rendered":"<p>Per la prima volta ci sar\u00e0 anche <strong>Mathieu Van der Poel domani al via della Omloop Nieuwsblad,<\/strong> la grande classica di apertura del calendario fiammingo. \u00c8 altissima l\u2019attenzione e l\u2019attesa per l&#8217;olandese, che ha vinto 8 Monumenti (2 Sanremo, 3 Fiandre e 3 Roubaix): con lui al via, ogni corsa \u00e8 diversa e pu\u00f2 diventare unica.\n            <\/p>\n<p>\u00abQuando guardavo la Omloop in televisione, <strong>mi dicevo che era un peccato non esserc<\/strong>i\u00bb ha spiegato in apertura di conferenza stampa. Il primo febbraio VdP ha conquistato l&#8217;ottavo, storico, Mondiale di ciclocross, poi si \u00e8 ritagliato un breve periodo di vacanza: \u00abOvviamente non perdi del tutto la condizione, ma a essere onesto ero un po&#8217; dispiaciuto: ho sempre detto che avrei voluto vedere come rispondeva il mio corpo dopo il primo periodo di allenamenti su strada, e adesso <strong>sento che il mio livello \u00e8 abbastanza buono per correre l&#8217;Omloop.<\/strong> La decisione finale l&#8217;ho presa luned\u00ec\u00bb.\n            <\/p>\n<p>Da Gand a Ninove, 207 chilometri con 9 Muri del Fiandre e 14 settori di pav\u00e9: ci saranno Magnier e Philipsen, Girmay e Brennan, Pidcock e Wellens, Kung e Laporte.\u00ab\u201cLo ripeto: io guardavo la corsa in tv in questi anni e mi dispiaceva non esserci. Ho sempre avuto in mente di correrla, e se fossi capace di vincerla sarebbe una bellissima corsa in pi\u00f9 nel mio palmares. Fare un giorno di gara in pi\u00f9 pensando alle prossime settimane non \u00e8 mai una brutta cosa\u00bb.<\/p>\n<p>Gioved\u00ec MVdP<strong> ha fatto la ricognizione del finale in compagnia dell&#8217;olimpionico Greg Van Avermaet,<\/strong> oro a Rio 2016, che l&#8217;Omloop l&#8217;ha vinta nel 2016 e 2017.\u00ab\u201cMi chiedete se ho imparato abbastanza? Beh, non \u00e8 che io non conosca le Ardenne fiamminghe&#8230; <strong>Non c&#8217;\u00e8 niente che mi abbia sorpreso, ma \u00e8 stato un bene vedere di nuovo la sequenza delle salite\u00bb<\/strong>.<\/p>\n<p>E per quanto riguarda lo svolgimento della corsa e la tattica, Van der Poel \u00e8 realista: \u00abE&#8217; una corsa dura, ma spesso resta chiusa perch\u00e9 \u00e8 difficile fare grandi differenze. Il Muur (l&#8217;iconico Grammont di Geraardbergen, ndr) e il Bosberg sono importanti, ma se la corsa si decider\u00e0 l\u00ec domani, lo sapremo solo&#8230; domani\u00bb.<\/p>\n<p>L&#8217;Alpecin-Premier Tech schierer\u00e0 anche Jasper Philipsen, terzo nel 2025, al fianco di Van der Poel: \u00ab<strong>La pressione non \u00e8 per niente sulle mie spalle. Io parto in ogni corsa con ambizioni, ma con Philipsen e Groves abbiamo corridori che possono superare le salite e vincere allo sprint<\/strong>. E questo crea sicuramente delle opportunit\u00e0 tattiche per noi\u00bb.<\/p>\n<p>Dopo l&#8217;Omloop, Van der Poel correr\u00e0 la Tirreno-Adriatico (9-15 marzo) e la Milano-Sanremo sabato 21 marzo, vinta nel 2023 e 2025. Poi le classiche del Nord: venerd\u00ec 27 marzo E3 a Harelbeke, domenica 29 marzo In Flanders Fields (ex Gand-Wevelgem), domenica 5 aprile Giro delle Fiandre e domenica 12 aprile Parigi-Roubaix. \u00abIl mio programma primaverile ha dimostrato di essere una ricetta di successo e non vedo per quale ragione io debba cambiarlo\u00bb. Ha proprio ragione.<\/p>\n","protected":false},"excerpt":{"rendered":"Per la prima volta ci sar\u00e0 anche Mathieu Van der Poel domani al via della Omloop Nieuwsblad, la&hellip;\n","protected":false},"author":3,"featured_media":373394,"comment_status":"","ping_status":"","sticky":false,"template":"","format":"standard","meta":{"footnotes":"","_share_on_mastodon":"0"},"categories":[1456],"tags":[6772,1824,80256,1825,1537,90,89,2359,215793,245,244],"class_list":["post-373393","post","type-post","status-publish","format-standard","has-post-thumbnail","category-ciclismo","tag-6772","tag-ciclismo","tag-classiche-fiamminghe","tag-cycling","tag-it","tag-italia","tag-italy","tag-mathieu-van-der-poel","tag-omloop-het-nieuwsblad","tag-sport","tag-sports"],"share_on_mastodon":{"url":"https:\/\/pubeurope.com\/@it\/116144972998238020","error":""},"_links":{"self":[{"href":"https:\/\/www.europesays.com\/it\/wp-json\/wp\/v2\/posts\/373393","targetHints":{"allow":["GET"]}}],"collection":[{"href":"https:\/\/www.europesays.com\/it\/wp-json\/wp\/v2\/posts"}],"about":[{"href":"https:\/\/www.europesays.com\/it\/wp-json\/wp\/v2\/types\/post"}],"author":[{"embeddable":true,"href":"https:\/\/www.europesays.com\/it\/wp-json\/wp\/v2\/users\/3"}],"replies":[{"embeddable":true,"href":"https:\/\/www.europesays.com\/it\/wp-json\/wp\/v2\/comments?post=373393"}],"version-history":[{"count":0,"href":"https:\/\/www.europesays.com\/it\/wp-json\/wp\/v2\/posts\/373393\/revisions"}],"wp:featuredmedia":[{"embeddable":true,"href":"https:\/\/www.europesays.com\/it\/wp-json\/wp\/v2\/media\/373394"}],"wp:attachment":[{"href":"https:\/\/www.europesays.com\/it\/wp-json\/wp\/v2\/media?parent=373393"}],"wp:term":[{"taxonomy":"category","embeddable":true,"href":"https:\/\/www.europesays.com\/it\/wp-json\/wp\/v2\/categories?post=373393"},{"taxonomy":"post_tag","embeddable":true,"href":"https:\/\/www.europesays.com\/it\/wp-json\/wp\/v2\/tags?post=373393"}],"curies":[{"name":"wp","href":"https:\/\/api.w.org\/{rel}","templated":true}]}}