{"id":373892,"date":"2026-02-28T07:19:15","date_gmt":"2026-02-28T07:19:15","guid":{"rendered":"https:\/\/www.europesays.com\/it\/373892\/"},"modified":"2026-02-28T07:19:15","modified_gmt":"2026-02-28T07:19:15","slug":"sanremo-la-rai-indaga-su-malika-ayane-per-possibile-pubblicita-occulta-con-estetista-cinica-e-il-caso-animali-notturni","status":"publish","type":"post","link":"https:\/\/www.europesays.com\/it\/373892\/","title":{"rendered":"Sanremo, la Rai indaga su Malika Ayane per possibile pubblicit\u00e0 occulta con Estetista Cinica e il caso Animali Notturni"},"content":{"rendered":"<p>\n                            Ogni giorno le notizie pi\u00f9 lette della giornata<br \/>\n                            <b>Iscriviti<\/b> e ricevi le notizie via email\n                        <\/p>\n<p>Quello della pubblicit\u00e0 occulta \u00e8 un terreno minato, e lo sa bene la <strong><a href=\"https:\/\/www.ilmattino.it\/t\/rai\" rel=\"nofollow noopener\" target=\"_blank\">Rai<\/a><\/strong> che &#8211; dopo le due multe ricevute dall&#8217;<a href=\"https:\/\/www.ilmattino.it\/t\/agcom\" rel=\"nofollow noopener\" target=\"_blank\">Agcom<\/a> per i casi <a href=\"https:\/\/www.ilmattino.it\/t\/ferragni\" rel=\"nofollow noopener\" target=\"_blank\">Ferragni<\/a> e <a href=\"https:\/\/www.ilmattino.it\/t\/travolta\" rel=\"nofollow noopener\" target=\"_blank\">Travolta<\/a> &#8211; si \u00e8 blindata, vietandola espressamente, sia nel Regolamento del <a href=\"https:\/\/www.ilmattino.it\/t\/festival-di-sanremo\" rel=\"nofollow noopener\" target=\"_blank\">Festival di Sanremo<\/a> sia negli accordi con artisti e case discografiche, in qualsiasi forma.<\/p>\n<p>&#13;<\/p>\n<p>APPROFONDIMENTI<\/p>\n<p>&#13;<br \/>\n    &#13;<\/p>\n<p>Per questo nelle ultime ore <strong>sono scattate verifiche sulla vicenda del kit cosmetico lanciato dal noto brand Veralab<\/strong>\u00a0(di propriet\u00e0 di <strong><a href=\"https:\/\/www.ilmattino.it\/t\/estetista-cinica\" rel=\"nofollow noopener\" target=\"_blank\">Estetista Cinica<\/a><\/strong>) che si chiama &#8216;Animali notturni&#8217;, come il brano in gara di\u00a0Malika\u00a0Ayane, che sarebbe legata contrattualmente al marchio, come dimostra un post <a href=\"https:\/\/www.ilmattino.it\/t\/instagram\" rel=\"nofollow noopener\" target=\"_blank\">Instagram<\/a> di due giorni fa della stessa artista con l&#8217;hashtag #adv (pubblicit\u00e0).<\/p>\n<p>L&#8217;azienda &#8211; a quanto si apprende &#8211; era all&#8217;oscuro dell&#8217;abbinamento del titolo del brano di\u00a0Malika\u00a0Ayane al nome del prodotto commerciale lanciato dal marchio di skincare in occasione del Festival. <\/p>\n<p>Dopo i casi dei selfie di Chiara Ferragni e delle scarpe di John Travolta, al centro di due multe da parte dell&#8217;Agcom per pubblicit\u00e0 occulta, rispettivamente a Instagram e a un noto marchio di sneakers, Upower, la Rai \u00e8 particolarmente attenta a questo tipo di rischi: di qui lo stop a qualsiasi attivit\u00e0 qualificabile come pubblicit\u00e0 occulta, contenuto nel Regolamento e negli accordi con le etichette.<\/p>\n<p>Divieto che peraltro viene puntualmente ribadito a tutti i partecipanti &#8211; per iscritto &#8211; il sabato prima dell&#8217;inizio del Festival, avvisandoli del fatto che \u00abnon sono in alcun modo ammesse operazioni volte a sfruttare il palco per improprie operazioni promo-pubblicitarie\u00bb.<\/p>\n<p>Verifiche Rai: cosa rischia <a href=\"https:\/\/www.ilmattino.it\/t\/malika-ayane\" rel=\"nofollow noopener\" target=\"_blank\">Malika Ayane<\/a> <\/p>\n<p>A questo punto &#8211; si apprende &#8211; l&#8217;azienda sta raccogliendo tutti gli elementi necessari per valutare la vicenda &#8211; segnalata da <a href=\"https:\/\/www.ilmattino.it\/t\/selvaggia-lucarelli\" rel=\"nofollow noopener\" target=\"_blank\">Selvaggia Lucarelli<\/a> &#8211; e le relative responsabilit\u00e0, e naturalmente se lo riterr\u00e0 opportuno agir\u00e0 a tutela dei propri diritti, come peraltro \u00e8 gi\u00e0 accaduto in passato, come per esempio per il caso Travolta-Upower, rispetto a cui \u00e8 in corso la causa per il <strong>risarcimento del danno<\/strong>.<\/p>\n<p>Il testo finale dell&#8217;accordo quadro con le case discografiche, in ogni caso, prevede che siano le etichette a fare da garanti qualora un artista in gara faccia pubblicit\u00e0 esplicita o occulta a un determinato brand attraverso la propria esibizione sul palco dell&#8217;Ariston o nei momenti precedenti o successivi.<\/p>\n<p>Qualora le case discografiche riuscissero per\u00f2 a dimostrare che l&#8217;episodio di pubblicit\u00e0 occulta si \u00e8 verificato loro malgrado, e quindi non si \u00e8 trattato di un caso di co-marketing, allora la responsabilit\u00e0 \u00e8 in capo all&#8217;artista.<\/p>\n<p>Quanto invece alla citazione di marchi nei testi dei brani musicali &#8211; come nel caso di &#8216;Valentino&#8217;, presente nella canzone di Maria Antonietta &amp; Colombre, La felicit\u00e0 e basta &#8211; si tratta di un&#8217;attivit\u00e0 che rientra nella libera espressione artistica di ciascun autore.\u00a0<\/p>\n","protected":false},"excerpt":{"rendered":"Ogni giorno le notizie pi\u00f9 lette della giornata Iscriviti e ricevi le notizie via email Quello della pubblicit\u00e0&hellip;\n","protected":false},"author":3,"featured_media":373893,"comment_status":"","ping_status":"","sticky":false,"template":"","format":"standard","meta":{"footnotes":"","_share_on_mastodon":"0"},"categories":[1443],"tags":[24167,203,72321,1778,17090,230,204,1537,90,89,149241,1538,1539,2848,35988,13291],"class_list":["post-373892","post","type-post","status-publish","format-standard","has-post-thumbnail","category-musica","tag-agcom","tag-entertainment","tag-estetista-cinica","tag-ferragni","tag-festival-di-sanremo","tag-instagram","tag-intrattenimento","tag-it","tag-italia","tag-italy","tag-malika-ayane","tag-music","tag-musica","tag-rai","tag-selvaggia-lucarelli","tag-travolta"],"share_on_mastodon":{"url":"https:\/\/pubeurope.com\/@it\/116147045372314383","error":""},"_links":{"self":[{"href":"https:\/\/www.europesays.com\/it\/wp-json\/wp\/v2\/posts\/373892","targetHints":{"allow":["GET"]}}],"collection":[{"href":"https:\/\/www.europesays.com\/it\/wp-json\/wp\/v2\/posts"}],"about":[{"href":"https:\/\/www.europesays.com\/it\/wp-json\/wp\/v2\/types\/post"}],"author":[{"embeddable":true,"href":"https:\/\/www.europesays.com\/it\/wp-json\/wp\/v2\/users\/3"}],"replies":[{"embeddable":true,"href":"https:\/\/www.europesays.com\/it\/wp-json\/wp\/v2\/comments?post=373892"}],"version-history":[{"count":0,"href":"https:\/\/www.europesays.com\/it\/wp-json\/wp\/v2\/posts\/373892\/revisions"}],"wp:featuredmedia":[{"embeddable":true,"href":"https:\/\/www.europesays.com\/it\/wp-json\/wp\/v2\/media\/373893"}],"wp:attachment":[{"href":"https:\/\/www.europesays.com\/it\/wp-json\/wp\/v2\/media?parent=373892"}],"wp:term":[{"taxonomy":"category","embeddable":true,"href":"https:\/\/www.europesays.com\/it\/wp-json\/wp\/v2\/categories?post=373892"},{"taxonomy":"post_tag","embeddable":true,"href":"https:\/\/www.europesays.com\/it\/wp-json\/wp\/v2\/tags?post=373892"}],"curies":[{"name":"wp","href":"https:\/\/api.w.org\/{rel}","templated":true}]}}