{"id":373947,"date":"2026-02-28T08:07:14","date_gmt":"2026-02-28T08:07:14","guid":{"rendered":"https:\/\/www.europesays.com\/it\/373947\/"},"modified":"2026-02-28T08:07:14","modified_gmt":"2026-02-28T08:07:14","slug":"come-esce-dalla-coppa-italia-diciamo-la-nostra","status":"publish","type":"post","link":"https:\/\/www.europesays.com\/it\/373947\/","title":{"rendered":"come esce dalla coppa Italia? Diciamo la nostra"},"content":{"rendered":"<p>&#13;<br \/>\n        &#13;<br \/>\n&#13;<br \/>\n        &#13;<\/p>\n<p>            <a href=\"https:\/\/www.backdoorpodcast.com\/wp-content\/uploads\/2026\/02\/2026_BRONDI_21_FEBBRAIO_173.jpg\" data-caption=\"Foto Marco\/brondi \/\/ CIAMILLO-CASTORIA\" rel=\"nofollow noopener\" target=\"_blank\"><img loading=\"lazy\" decoding=\"async\" width=\"696\" height=\"464\" class=\"entry-thumb td-modal-image\" src=\"https:\/\/www.europesays.com\/it\/wp-content\/uploads\/2026\/02\/2026_BRONDI_21_FEBBRAIO_173-696x464.jpg\"   alt=\"Prentiss Hubb\" title=\"Prentiss Hubb (Bertram Derthona Tortona)\"\/><\/a>Foto Marco\/brondi \/\/ CIAMILLO-CASTORIA<\/p>\n<p>&#13;<br \/>\n&#13;<br \/>\n&lt;! &#8212; mobile Banner Top mobile 300&#215;250\/336&#215;280   &#8211;&gt;&#13;<\/p>\n<p>Nell\u2019ultima puntata di <b class=\"ng-star-inserted\" data-start-index=\"634\">Backdoor Call<\/b>, il focus si \u00e8 spostato sulla vera sorpresa della kermesse torinese: la Bertram Derthona. Una realt\u00e0 che non \u00e8 pi\u00f9 solo una \u201csimpatica provinciale\u201d, ma un progetto tecnico solido capace di spaventare le grandi potenze del nostro campionato.<\/p>\n<p>Secondo Marco De Benedetto, il merito principale risiede nella guida tecnica e nella capacit\u00e0 di integrare i nuovi elementi con lo zoccolo duro della squadra:<\/p>\n<blockquote>\n<p>\u201cMario Fioretti \u00e8 stato bravissimo nel plasmare questo gruppo con novit\u00e0 rispetto all\u2019anno scorso, allo stesso tempo un parco italiani pi\u00f9 o meno confermato che forse \u00e8 il plus del gruppo per la completezza e la capacit\u00e0 di essere di supporto agli stranieri, peraltro Hubb e Gorham hanno fatto delle final 8 incredibili, bravi loro e ripeto bravo lo staff tecnico a metterli a loro agio per poter esprimere il meglio\u201d.<\/p>\n<\/blockquote>\n<p>La finale persa punto a punto contro Milano non cancella un percorso netto, che vede Tortona crescere non solo sul campo ma anche nel seguito dei tifosi, confermandosi come una delle realt\u00e0 pi\u00f9 virtuose del panorama cestistico nazionale.<\/p>\n<p>Pubblicit\u00e0&lt;! &#8212; Banner mobile 300&#215;250\/300&#215;600  &#8211;&gt;&#13;<br \/>\n&#13;<br \/>\n&#13;<br \/>\n&#13;<br \/>\n&lt;! &#8212; Banner Native   &#8211;&gt;&#13;<br \/>\n&#13;<br \/>\n&#13;<br \/>\n&lt;! &#8212; Banner mobile   &#8211;&gt;&#13;<br \/>\n        &#13;<br \/>\n&#13;<br \/>\n        &#13;<br \/>\n                        &#13;<br \/>\n            &#13;<br \/>\n&#13;<br \/>\n                                    <a href=\"https:\/\/www.backdoorpodcast.com\/author\/s-mazzola\/\" aria-label=\"author-photo\" rel=\"nofollow noopener\" target=\"_blank\"><img loading=\"lazy\" width=\"96\" height=\"96\" src=\"https:\/\/www.europesays.com\/it\/wp-content\/uploads\/2025\/07\/DSC_0017-scaled-96x96.jpg\" class=\"avatar avatar-96 photo\" alt=\"Simone Mazzola\" decoding=\"async\"  \/><\/a>                    &#13;<br \/>\n&#13;<\/p>\n","protected":false},"excerpt":{"rendered":"&#13; &#13; &#13; &#13; Foto Marco\/brondi \/\/ CIAMILLO-CASTORIA &#13; &#13; &lt;! &#8212; mobile Banner Top mobile 300&#215;250\/336&#215;280 &#8211;&gt;&#13;&hellip;\n","protected":false},"author":3,"featured_media":373948,"comment_status":"","ping_status":"","sticky":false,"template":"","format":"standard","meta":{"footnotes":"","_share_on_mastodon":"0"},"categories":[1453],"tags":[1756,27774,1757,9461,73882,1537,90,89,26498,245,244,11117],"class_list":["post-373947","post","type-post","status-publish","format-standard","has-post-thumbnail","category-basket","tag-basket","tag-basket-italiano","tag-basketball","tag-derthona-basket","tag-final-eight","tag-it","tag-italia","tag-italy","tag-mario-fioretti","tag-sport","tag-sports","tag-tortona"],"share_on_mastodon":{"url":"https:\/\/pubeurope.com\/@it\/116147234210156718","error":""},"_links":{"self":[{"href":"https:\/\/www.europesays.com\/it\/wp-json\/wp\/v2\/posts\/373947","targetHints":{"allow":["GET"]}}],"collection":[{"href":"https:\/\/www.europesays.com\/it\/wp-json\/wp\/v2\/posts"}],"about":[{"href":"https:\/\/www.europesays.com\/it\/wp-json\/wp\/v2\/types\/post"}],"author":[{"embeddable":true,"href":"https:\/\/www.europesays.com\/it\/wp-json\/wp\/v2\/users\/3"}],"replies":[{"embeddable":true,"href":"https:\/\/www.europesays.com\/it\/wp-json\/wp\/v2\/comments?post=373947"}],"version-history":[{"count":0,"href":"https:\/\/www.europesays.com\/it\/wp-json\/wp\/v2\/posts\/373947\/revisions"}],"wp:featuredmedia":[{"embeddable":true,"href":"https:\/\/www.europesays.com\/it\/wp-json\/wp\/v2\/media\/373948"}],"wp:attachment":[{"href":"https:\/\/www.europesays.com\/it\/wp-json\/wp\/v2\/media?parent=373947"}],"wp:term":[{"taxonomy":"category","embeddable":true,"href":"https:\/\/www.europesays.com\/it\/wp-json\/wp\/v2\/categories?post=373947"},{"taxonomy":"post_tag","embeddable":true,"href":"https:\/\/www.europesays.com\/it\/wp-json\/wp\/v2\/tags?post=373947"}],"curies":[{"name":"wp","href":"https:\/\/api.w.org\/{rel}","templated":true}]}}