{"id":374128,"date":"2026-02-28T10:35:12","date_gmt":"2026-02-28T10:35:12","guid":{"rendered":"https:\/\/www.europesays.com\/it\/374128\/"},"modified":"2026-02-28T10:35:12","modified_gmt":"2026-02-28T10:35:12","slug":"tutta-la-forza-della-big-armada-usa-per-lattacco-in-iran","status":"publish","type":"post","link":"https:\/\/www.europesays.com\/it\/374128\/","title":{"rendered":"tutta la forza della big armada Usa per l&#8217;attacco in Iran"},"content":{"rendered":"<p>\n                            Il punto sui temi di attualit\u00e0, ogni luned\u00ec<br \/>\n                            <b>Iscriviti<\/b> e ricevi le notizie via email\n                        <\/p>\n<p>Oltre 100\u00a0caccia\u00a0e altri velivoli militari, una\u00a0quindicina di\u00a0navi\u00a0da guerra, lancia-missili, sistemi difensivi, centri operativi di supporto. La potenza di fuoco aerea che gli Usa di\u00a0<strong><a href=\"https:\/\/www.ilmessaggero.it\/t\/donald-trump\" rel=\"nofollow noopener\" target=\"_blank\">Donald Trump<\/a><\/strong>\u00a0hanno schierato in <strong>Medio Oriente\u00a0<\/strong>nelle settimane precedenti l&#8217;attacco avvenuto la mattina del 28 febbraio\u00a0durante i colloqui\u00a0sui piani nucleari di <strong><a href=\"https:\/\/www.ilmessaggero.it\/t\/teheran\" rel=\"nofollow noopener\" target=\"_blank\">Teheran<\/a>. <\/strong>Si tratta della maggiore dai tempi dell&#8217;invasione dell&#8217;Iraq nel 2003, sulla base di fonti militari e sistemi aperti di tracciamento, portata e caratteristiche di questa <strong>\u00abbig armada\u00bb<\/strong> (come l&#8217;ha chiamata Trump stesso). Secondo diverse analisi, si tratta di un arsenale in grado di consentire una campagna militare prolungata e non solo un attacco isolato. Di tale schieramento fa parte anche la portaerei <strong>Uss Gerald R. Ford<\/strong>: il suo compito sar\u00e0 di protegger\u00e0 Israele da un eventuale attacco dell&#8217;Iran. Questi sono i principali mezzi e strumenti militari americani gi\u00e0 operativi nell&#8217;area:<\/p>\n<p>&#13;<br \/>\n    APPROFONDIMENTI&#13;<br \/>\n    &#13;<\/p>\n<p>Portaerei <\/p>\n<p>Oltre alla Gerald Ford, gli Usa hanno mobilitato per il Medio Oriente la portaerei\u00a0Abraham Lincoln, che \u00e8 gi\u00e0 schierata nel Mar arabico al largo delle coste dell&#8217;Oman, a sud dell&#8217;Iran.\u00a0<\/p>\n<p>Altre navi <\/p>\n<p>Sia la Ford sia la Lincoln sono accompagnati da\u00a0tre cacciatorpediniere ciascuna. <\/p>\n<p>In aggiunta, nelle aree marittime che circondano la regione mediorientale e del Golfo ci sono altre navi da guerra Usa. In totale, i mezzi navali mobilitati sono gi\u00e0 almeno 13, stando al New York Times.\u00a0<\/p>\n<p><img decoding=\"async\" alt=\"\" class=\"wnv-lazy\" src=\"https:\/\/www.europesays.com\/it\/wp-content\/uploads\/2026\/02\/stati_uniti_iran_28081447.jpg\"\/><\/p>\n<p>Basi <\/p>\n<p>Il punto di appoggio nevralgico per i movimenti in corso nella regione \u00e8 la base aerea\u00a0<strong>Muwaffaq Salti<\/strong>, situata in Giordania. Altre basi che ospitano aerei militari americani sono situate in Qatar, Arabia Saudita ed Emirati Arabi Uniti. Per quanto riguarda le zone limitrofe, gli Usa hanno adoperato negli ultimi giorni basi in Regno Unito, Grecia e Bulgaria, riporta\u00a0Sky News. In aggiunta, aerei statunitensi sono presenti anche ad Akrotiri a Cipro, in Italia, nelle Azzorre, in Spagna e nella base di Diego Garcia sull&#8217;isola di Chagos (Pacifico).\u00a0<\/p>\n<p>Aerei <\/p>\n<p>Nelle ultime settimane sono stati tracciati movimenti di caccia statunitensi\u00a0F-15, F-16, F-18, F-22, F-35 e bombardieri B2, nonch\u00e9 di aerei cisterna KC-130 per il rifornimento in volo e velivoli da ricognizione. Sulla portaerei Abraham Lincoln sono ospitati in particolare F-35 ed F\/A-18.\u00a0<\/p>\n<p>&#13;<br \/>\n                            \u00a9 RIPRODUZIONE RISERVATA&#13;<\/p>\n<p>&#13;<\/p>\n","protected":false},"excerpt":{"rendered":"Il punto sui temi di attualit\u00e0, ogni luned\u00ec Iscriviti e ricevi le notizie via email Oltre 100\u00a0caccia\u00a0e altri&hellip;\n","protected":false},"author":3,"featured_media":374129,"comment_status":"","ping_status":"","sticky":false,"template":"","format":"standard","meta":{"footnotes":"","_share_on_mastodon":"0"},"categories":[160],"tags":[765,14,164,165,206,77,207034,764,7673,166,7,15,3952,174793,242,243,11,167,12,168,410,161,162,163],"class_list":["post-374128","post","type-post","status-publish","format-standard","has-post-thumbnail","category-mondo","tag-attacco","tag-cronaca","tag-dal-mondo","tag-dalmondo","tag-donald-trump","tag-guerra","tag-guerra-usa-iran","tag-iran","tag-medio-oriente","tag-mondo","tag-news","tag-notizie","tag-portaerei","tag-proteste-iran","tag-stati-uniti","tag-ultima-ora","tag-ultime-notizie","tag-ultime-notizie-di-mondo","tag-ultimenotizie","tag-ultimenotiziedimondo","tag-usa","tag-world","tag-world-news","tag-worldnews"],"share_on_mastodon":{"url":"https:\/\/pubeurope.com\/@it\/116147816215589180","error":""},"_links":{"self":[{"href":"https:\/\/www.europesays.com\/it\/wp-json\/wp\/v2\/posts\/374128","targetHints":{"allow":["GET"]}}],"collection":[{"href":"https:\/\/www.europesays.com\/it\/wp-json\/wp\/v2\/posts"}],"about":[{"href":"https:\/\/www.europesays.com\/it\/wp-json\/wp\/v2\/types\/post"}],"author":[{"embeddable":true,"href":"https:\/\/www.europesays.com\/it\/wp-json\/wp\/v2\/users\/3"}],"replies":[{"embeddable":true,"href":"https:\/\/www.europesays.com\/it\/wp-json\/wp\/v2\/comments?post=374128"}],"version-history":[{"count":0,"href":"https:\/\/www.europesays.com\/it\/wp-json\/wp\/v2\/posts\/374128\/revisions"}],"wp:featuredmedia":[{"embeddable":true,"href":"https:\/\/www.europesays.com\/it\/wp-json\/wp\/v2\/media\/374129"}],"wp:attachment":[{"href":"https:\/\/www.europesays.com\/it\/wp-json\/wp\/v2\/media?parent=374128"}],"wp:term":[{"taxonomy":"category","embeddable":true,"href":"https:\/\/www.europesays.com\/it\/wp-json\/wp\/v2\/categories?post=374128"},{"taxonomy":"post_tag","embeddable":true,"href":"https:\/\/www.europesays.com\/it\/wp-json\/wp\/v2\/tags?post=374128"}],"curies":[{"name":"wp","href":"https:\/\/api.w.org\/{rel}","templated":true}]}}