{"id":374465,"date":"2026-02-28T15:47:12","date_gmt":"2026-02-28T15:47:12","guid":{"rendered":"https:\/\/www.europesays.com\/it\/374465\/"},"modified":"2026-02-28T15:47:12","modified_gmt":"2026-02-28T15:47:12","slug":"motta-a-fr-gasperini-e-un-rivoluzionario-juve-in-ripresa-ma-roma-favorita","status":"publish","type":"post","link":"https:\/\/www.europesays.com\/it\/374465\/","title":{"rendered":"Motta a FR: \u201cGasperini \u00e8 un rivoluzionario. Juve in ripresa ma Roma favorita\u201d"},"content":{"rendered":"<p>Le parole del doppio ex: &#8220;\u00c8 una sfida che vale pi\u00f9 di tre punti, peser\u00e0 a fine campionato. Champions? Ecco cosa \u00e8 successo dopo l&#8217;eliminazione con l&#8217;Arsenal&#8221;<\/p>\n<p><img decoding=\"async\" class=\"gzn_author_thumbnail\" src=\"https:\/\/www.europesays.com\/it\/wp-content\/uploads\/2026\/02\/f397892b737bc649a551567f4ca07cf4-1.png\" alt=\"Lorenzo Scattareggia\"\/><\/p>\n<p>In vista della sfida di domenica tra\u00a0Roma e Juventus, Marco <strong>Motta, <\/strong>doppio ex del match, ha parlato in esclusiva ai microfoni di Forzaroma.info. L&#8217;ex esterno ha vestito la maglia giallorossa tra il <strong>2008 e il 2010<\/strong>, collezionando 42 presenze anche sotto la guida di Luciano <strong>Spalletti<\/strong>. Successivamente ha giocato nella <strong>Juventus dal 2011 al 2014<\/strong>, conquistando anche uno Scudetto. Nel corso della sua carriera \u00e8 stato allenato anche da Gian Piero <strong>Gasperini<\/strong> ai tempi del Genoa. Con lui si \u00e8 parlato del <strong>momento<\/strong> delle due squadre, della corsa europea e <strong>del peso di una partita<\/strong> che, storicamente, vale molto pi\u00f9 di tre punti. Ecco le sue parole.<\/p>\n<p><strong>Ci sono appena stati i sorteggi di Europa League e la Roma ha pescato il Bologna. Secondo lei pu\u00f2 arrivare in fondo alla competizione e quanto \u00e8 importante che ci punti? <\/strong>\u201cIo penso che la Roma abbia la squadra, ma soprattutto l\u2019allenatore, che ha gi\u00e0 dimostrato di poter andare avanti nelle competizioni europee. Nella situazione in cui si trova deve puntarci, perch\u00e9 la piazza se lo merita e perch\u00e9 ci sono tutte le capacit\u00e0 per andare avanti in questa competizione.\u201d<\/p>\n<p><strong data-start=\"448\" data-end=\"501\">Quale squadra era meglio evitare, il Bologna o il Genk? <\/strong>\u201cCredo che la mentalit\u00e0 diGasperini\u00a0sia quella di concentrarsi pi\u00f9 sulla propria squadra che sull\u2019avversario. Se la Roma sta bene e dimostra quello che ha fatto vedere in tante partite quest\u2019anno, sono pi\u00f9 gli altri a doversi preoccupare della Roma che il contrario.\u201d<\/p>\n<p><strong data-start=\"804\" data-end=\"889\">Andando su Roma-Juve, lei \u00e8 un doppio ex. A quale piazza \u00e8 rimasto pi\u00f9 legato? <\/strong>\u201cSono state due esperienze diverse, entrambe importanti. A Roma ho vissuto uno dei momenti pi\u00f9 belli della mia carriera, quindi la porto nel cuore, cos\u00ec come i romanisti. \u00c8 una piazza straordinaria. Su entrambe le panchine ci sono due allenatori che sono stati importanti per me, come\u00a0Gian Piero Gasperini\u00a0e\u00a0Luciano Spalletti. Spero sia una grande partita. La Roma \u00e8 un buonissimo momento, la Juve era un po\u2019 in difficolt\u00e0, ma penso che la partita con il Galatasaray abbia dato una buona spinta mentale\u201d. <\/p>\n<p><strong>Con la Roma ha giocato anche la Champions, gli ottavi con l\u2019Arsenal persi ai rigori. La Juve qualche giorno fa ha avuto una delusione simile. Quali sono le sensazioni dopo un\u2019impresa sfiorata e come si riparte? <\/strong>\u201cRicordo ancora le due partite contro l\u2019Arsenal: sono stati momenti altissimi della mia carriera con Spalletti alla Roma. Ricordo come fosse ieri il giorno per la partenza per Genova, dove giocavamo quel week end dopo l\u2019eliminazione e tanti tifosi vennero a sostenerci a Trigoria. Quando dai tutto, la gente lo riconosce. L\u2019aspetto mentale \u00e8 fondamentale: penso che la Juventus vedr\u00e0 la recente eliminazione come una spinta pi\u00f9 che come una delusione, soprattutto per quello che ha dimostrato in campo.\u201d<\/p>\n<p><strong>Lei ha vissuto questo match da entrambe le parti. Questa rivalit\u00e0 la si percepisce anche in campo, tra avversari? <\/strong>\u201cS\u00ec, Roma-Juve \u00e8 da sempre una partita molto sentita. Vale tre punti, ma nella testa delle persone vale molto di pi\u00f9. Sono quelle partite che \u00e8 bello giocare.\u201d<\/p>\n<p><strong data-start=\"2042\" data-end=\"2096\">Si aspettava una Roma cos\u00ec costante con Gasperini? <\/strong>\u201cIl mister \u00e8 un grande allenatore, un rivoluzionario. Ora che sto iniziando il mio percorso da allenatore, figure come Gasperini, Spalletti, Ranieri e Conte hanno segnato la mia idea di calcio. Non avevo dubbi che avrebbe portato risultati concreti, sta dimostrando con i fatti le sue idee e il suo lavoro. Quello che ha fatto con l\u2019Atalanta \u00e8 stato qualcosa di unico e probabilmente irripetibile\u201d. <\/p>\n<p><strong data-start=\"2444\" data-end=\"2538\">Gli esterni sono fondamentali nel suo sistema. Wesley \u00e8 uno dei top player di questa Roma? <\/strong>\u201cCon l\u2019idea di calcio di Gasperini, giocare da esterno \u00e8 molto divertente ma richiede grande sacrificio. A me piaceva molto, mi \u00e8 sempre piaciuto correre tanto. Gli esterni devono fare fase offensiva e difensiva. \u00c8 una caratteristica chiara del calcio di Gasperini. Wesley \u00e8 un giocatore molto interessante e importante per l\u2019idea di gioco del mister\u201d.<\/p>\n<p><strong>Su Celik? Ha dimostrato solidit\u00e0 quest\u2019anno ma pare non ci siano le condizioni per il rinnovo. <\/strong>\u201cSono scelte che spettano alla societ\u00e0 e al giocatore. La fortuna di avere un allenatore come Gasperini \u00e8 che sa valorizzare e far crescere tanti giocatori in ruoli diversi. L\u2019ha dimostrato negli anni. \u00c8 una fortuna avere un allenatore come lui\u201d.<\/p>\n<p><strong data-start=\"3037\" data-end=\"3135\">Anche i rinnovi di Pellegrini e Dybala sono in bilico. Possono ancora dare qualcosa alla Roma? <\/strong>\u201cSono scelte della societ\u00e0. Dal punto di vista tecnico, sono due giocatori che stanno dimostrando la loro importanza nella rosa e possono continuare a fare bene con la maglia giallorossa.\u201d<\/p>\n<p><strong data-start=\"3303\" data-end=\"3377\">Malen sta facendo molto bene. Si aspettava fosse subito cos\u00ec decisivo? <\/strong>\u201c\u00c8 un giocatore che conoscevo poco, ma se Gasperini lo ha voluto aveva le idee chiare. Sta dimostrando di avere ancora una volta ragione: ha la capacit\u00e0 di esaltare gli attaccanti e Malen si sta adattando molto bene.\u201d<\/p>\n<p><strong>Come vede un ritorno di Totti in societ\u00e0, lei che ci ha anche giocato insieme? <\/strong>\u201cFrancesco Totti\u00a0\u00e8 una gran persona ed \u00e8 stato un grandissimo giocatore. Incarna al 100% la Roma e il romanismo. Se ci saranno le condizioni, spero che si possa tornare a correre tutti dalla stessa parte.\u201d<\/p>\n<p><strong data-start=\"3918\" data-end=\"3949\">Un pronostico per domenica?<\/strong> \u201cSpero sia una bella partita. La Juventus \u00e8 in ripresa, ma la Roma in casa sta bene. Vedo leggermente avvantaggiata la Roma per il fattore campo, anche se la Juve ha un grande allenatore e arriva da una prestazione importante.\u201d<\/p>\n<p><strong data-start=\"4183\" data-end=\"4225\">\u00c8 gi\u00e0 decisiva per la corsa Champions?<\/strong> \u201cForse non decisiva, ma sicuramente sono punti che peseranno alla fine del campionato.\u201d<\/p>\n<p class=\"is-copyright\">\u00a9 RIPRODUZIONE RISERVATA<\/p>\n","protected":false},"excerpt":{"rendered":"Le parole del doppio ex: &#8220;\u00c8 una sfida che vale pi\u00f9 di tre punti, peser\u00e0 a fine campionato.&hellip;\n","protected":false},"author":3,"featured_media":374466,"comment_status":"","ping_status":"","sticky":false,"template":"","format":"standard","meta":{"footnotes":"","_share_on_mastodon":"0"},"categories":[1452],"tags":[1960,32,5365,43532,586,721,216249,1856,921,1039,1902,1969,5002,3858,57473,1276,7116,6075,55706,2145,1112,1906,16010,12440,12148,3073,1740,2611,216250,5301,43989,26272,102138,32815,1889,2267,564,3412,128,125205,6108,48,2666,1537,90,89,565,558,3418,1290,4283,4966,5543,1292,987,1739,1359,24806,3462,245,244,1857],"class_list":["post-374465","post","type-post","status-publish","format-standard","has-post-thumbnail","category-calcio","tag-allenatore","tag-andare","tag-arsenal","tag-aspettava","tag-bologna","tag-calcio","tag-calcio-gasperini","tag-campionato","tag-campo","tag-capacita","tag-carriera","tag-champions","tag-competizione","tag-condizioni","tag-correre","tag-corsa","tag-decisiva","tag-delusione","tag-dimostrando","tag-dimostrato","tag-domenica","tag-doppio","tag-eliminazione","tag-entrambe","tag-esterni","tag-esterno","tag-football","tag-fortuna","tag-fortuna-allenatore","tag-gasperini","tag-giallorossa","tag-gian","tag-gian-piero","tag-gian-piero-gasperini","tag-giocare","tag-giocato","tag-giocatore","tag-giocatori","tag-idea","tag-idea-calcio","tag-idee","tag-importante","tag-importanti","tag-it","tag-italia","tag-italy","tag-juve","tag-juventus","tag-luciano","tag-partita","tag-partite","tag-penso","tag-piazza","tag-punti","tag-roma","tag-soccer","tag-societa","tag-spalletti","tag-spero","tag-sport","tag-sports","tag-squadra"],"share_on_mastodon":{"url":"","error":"Validation failed: Text character limit of 500 exceeded"},"_links":{"self":[{"href":"https:\/\/www.europesays.com\/it\/wp-json\/wp\/v2\/posts\/374465","targetHints":{"allow":["GET"]}}],"collection":[{"href":"https:\/\/www.europesays.com\/it\/wp-json\/wp\/v2\/posts"}],"about":[{"href":"https:\/\/www.europesays.com\/it\/wp-json\/wp\/v2\/types\/post"}],"author":[{"embeddable":true,"href":"https:\/\/www.europesays.com\/it\/wp-json\/wp\/v2\/users\/3"}],"replies":[{"embeddable":true,"href":"https:\/\/www.europesays.com\/it\/wp-json\/wp\/v2\/comments?post=374465"}],"version-history":[{"count":0,"href":"https:\/\/www.europesays.com\/it\/wp-json\/wp\/v2\/posts\/374465\/revisions"}],"wp:featuredmedia":[{"embeddable":true,"href":"https:\/\/www.europesays.com\/it\/wp-json\/wp\/v2\/media\/374466"}],"wp:attachment":[{"href":"https:\/\/www.europesays.com\/it\/wp-json\/wp\/v2\/media?parent=374465"}],"wp:term":[{"taxonomy":"category","embeddable":true,"href":"https:\/\/www.europesays.com\/it\/wp-json\/wp\/v2\/categories?post=374465"},{"taxonomy":"post_tag","embeddable":true,"href":"https:\/\/www.europesays.com\/it\/wp-json\/wp\/v2\/tags?post=374465"}],"curies":[{"name":"wp","href":"https:\/\/api.w.org\/{rel}","templated":true}]}}