{"id":375110,"date":"2026-03-01T02:19:15","date_gmt":"2026-03-01T02:19:15","guid":{"rendered":"https:\/\/www.europesays.com\/it\/375110\/"},"modified":"2026-03-01T02:19:15","modified_gmt":"2026-03-01T02:19:15","slug":"730-2026-approvati-modelli-istruzioni-e-la-circolare-per-la-liquidazione-ed-il-controllo","status":"publish","type":"post","link":"https:\/\/www.europesays.com\/it\/375110\/","title":{"rendered":"730\/2026: approvati modelli, istruzioni e la circolare per la liquidazione ed il controllo"},"content":{"rendered":"<p><a href=\"https:\/\/www.finanzaefisco.com\/modelli_730_2026_approvazione\/?print=pdf\" class=\"pdfprnt-button pdfprnt-button-pdf\" target=\"_blank\" rel=\"nofollow noopener\"><img decoding=\"async\" src=\"https:\/\/www.europesays.com\/it\/wp-content\/uploads\/2026\/02\/pdf.png\" alt=\"image_pdf\" title=\"Visualizza PDF\" class=\"lazyload\" style=\"--smush-placeholder-width: 32px; --smush-placeholder-aspect-ratio: 32\/32;\"\/><\/a><a href=\"https:\/\/www.finanzaefisco.com\/modelli_730_2026_approvazione\/?print=print\" class=\"pdfprnt-button pdfprnt-button-print\" target=\"_blank\" rel=\"nofollow noopener\"><img decoding=\"async\" src=\"https:\/\/www.europesays.com\/it\/wp-content\/uploads\/2026\/02\/print.png\" alt=\"image_print\" title=\"Stampa contenuto\" class=\"lazyload\" style=\"--smush-placeholder-width: 32px; --smush-placeholder-aspect-ratio: 32\/32;\"\/><\/a><\/p>\n<p style=\"text-align: justify;\">Con <strong><a style=\"color: #0000ff;\" href=\"http:\/\/www.pianetafiscale.it\/files\/Legis\/2025\/PRO730_26.pdf\" rel=\"nofollow noopener\" target=\"_blank\">Provvedimento del Direttore dell\u2019Agenzia delle entrate 27 febbraio 2026, prot. n. 71552\/2026<\/a><\/strong>, sono stati approvati il modello 730\/2026 e i modelli dell\u2019intera \u201cfiliera\u201d dell\u2019assistenza fiscale: 730-1, 730-2 (sostituto \/ CAF-professionista), 730-3, 730-4 e 730-4 integrativo, oltre alla bolla per la consegna del 730-1, con le relative istruzioni.<\/p>\n<blockquote>\n<p>\u00a0<\/p>\n<tr>\n<td style=\"width: 100%;\"><strong>730\/2026: dubbi su compilazione, oneri e spese?<\/strong><\/p>\n<p><strong>Prova gratis <a style=\"color: #0000ff;\" href=\"https:\/\/www.finanzaefisco.com\/assistente-professionale-per-il-modello-730\/\" rel=\"nofollow noopener\" target=\"_blank\">730Pro AI<\/a>: assistente virtuale per CAF e professionisti, basato solo su fonti ufficiali (istruzioni AE, circolari, risoluzioni, interpelli, normativa e giurisprudenza).<\/strong><br \/>Supporto rapido su quadri, familiari a carico, bonus edilizi, spese pluriennali, crediti d\u2019imposta e anomalie del precompilato.<\/p>\n<\/td>\n<\/tr>\n<p>\u00a0<\/p>\n<\/blockquote>\n<p>Con distinto un <strong><a style=\"color: #0000ff;\" href=\"http:\/\/www.pianetafiscale.it\/files\/Legis\/2025\/PRO72296.pd\" rel=\"nofollow noopener\" target=\"_blank\">provvedimento<\/a><\/strong> della stessa data, inoltre, sono state approvate:<\/p>\n<p>\u00a0<\/p>\n<blockquote>\n<p>\u00a0<\/p>\n<p><a href=\"https:\/\/www.finanzaefisco.com\/negozio\/abbonamenti\/durata-12-mesi\/expert-digitale-ai\/abbonamento-expert-all-digital-rivista-in-pdf-via-email-ai\/\" rel=\"nofollow noopener\" target=\"_blank\"><img loading=\"lazy\" decoding=\"async\" class=\"aligncenter wp-image-43532 size-full lazyload\" src=\"https:\/\/www.europesays.com\/it\/wp-content\/uploads\/2026\/02\/AI_BENVENUTO30ORI.jpg\" alt=\"Offerta Benvenuto 2026\" width=\"1180\" height=\"195\"  data- style=\"--smush-placeholder-width: 1180px; --smush-placeholder-aspect-ratio: 1180\/195;\"\/><\/a><\/p>\n<\/blockquote>\n<p><strong>Scadenze 730\/2026: il calendario operativo<\/strong><\/p>\n<p>\u00a0<\/p>\n<p><strong>Contribuente<\/strong><\/p>\n<p><strong>Entro 16 marzo 2026:<\/strong> riceve la <a style=\"color: #0000ff;\" href=\"http:\/\/www.pianetafiscale.it\/files\/Legis\/2025\/CU2026_X.pdf\" rel=\"nofollow noopener\" target=\"_blank\"><strong>Certificazione Unica \u201cCU 2026\u201d<\/strong><\/a> dal sostituto.<\/p>\n<p><strong>Dal 30 aprile 2026:<\/strong> accesso alla dichiarazione precompilata.<\/p>\n<p><strong>Entro 30 settembre 2026:<\/strong> termine di presentazione del 730 (telematico).<\/p>\n<p><strong>Da luglio a novembre 2026<\/strong>: rimborsi\/trattenute in busta paga\/pensione (con regole su rateazione e interessi).<\/p>\n<p>\u00a0<\/p>\n<p><strong>Sostituto d\u2019imposta\u00a0<\/strong><\/p>\n<p><strong>Entro 16 marzo 2026:<\/strong> trasmissione <a href=\"http:\/\/www.pianetafiscale.it\/files\/Legis\/2025\/CU2026_X.pdf\" rel=\"nofollow noopener\" target=\"_blank\"><strong>\u201cCU 2026\u201d<\/strong><strong>\u00a0dipendenti e pensionati <\/strong><\/a>(redditi di lavoro dipendente e assimilati, ecc.) e consegna al contribuente.<\/p>\n<p><strong>Trasmissioni 730<\/strong> e consegne copie\/prospetti seguono finestre collegate alla data di presentazione del contribuente (con step: 15 giugno, 29 giugno, 23 luglio, 15 settembre, 30 settembre).<\/p>\n<p>.<\/p>\n<p>\u00a0<\/p>\n<p style=\"text-align: center;\"><strong>Modello 730\/2026 \u2013 Riepilogo Scadenze <\/strong><\/p>\n<p>\u00a0<\/p>\n<tr>\n<td style=\"text-align: center;\" width=\"299\"><strong>Adempimento<\/strong><\/td>\n<td style=\"text-align: center;\" width=\"170\"><strong>Scadenza<\/strong><\/td>\n<td style=\"text-align: center;\" width=\"239\"><strong>Nota operativa<\/strong><\/td>\n<\/tr>\n<tr>\n<td style=\"text-align: center;\" width=\"299\">Disponibilit\u00e0 730 precompilato (area dedicata AE)<\/td>\n<td style=\"text-align: center;\" width=\"170\">30 aprile 2026<\/td>\n<td style=\"text-align: center;\" width=\"239\">Apertura consultazione\/gestione della precompilata<\/td>\n<\/tr>\n<tr>\n<td style=\"text-align: center;\" width=\"299\">Presentazione 730\/2026 (precompilato e, in generale, campagna 730)<\/td>\n<td style=\"text-align: center;\" width=\"170\"><strong>30 settembre 2026<\/strong><\/td>\n<td style=\"text-align: center;\" width=\"239\"><strong>Termine ordinario di invio<\/strong><\/td>\n<\/tr>\n<tr>\n<td style=\"text-align: center;\" width=\"299\">Presentazione 730 integrativo<\/td>\n<td style=\"text-align: center;\" width=\"170\"><strong>26 ottobre 2026<\/strong><\/td>\n<td style=\"text-align: center;\" width=\"239\">Termine \u201cspostato\u201d perch\u00e9 il 25\/10\/2026 \u00e8 domenica<\/td>\n<\/tr>\n<tr>\n<td style=\"text-align: center;\" width=\"299\">Gestione operativa 730 rettificativo<\/td>\n<td style=\"text-align: center;\" width=\"170\">10 novembre 2026<\/td>\n<td style=\"text-align: center;\" width=\"239\">Disciplina dei casi entro\/oltre la data, con effetti su \u201csenza sostituto\u201d e flusso 730-4<\/td>\n<\/tr>\n<tr>\n<td style=\"text-align: center;\" width=\"299\">Alternativa al 730 \/ <strong>correttiva nei termini<\/strong>: Modello REDDITI PF 2026<\/td>\n<td style=\"text-align: center;\" width=\"170\">2 novembre 2026<\/td>\n<td style=\"text-align: center;\" width=\"239\">Termine \u201cspostato\u201d perch\u00e9 il 31\/10\/2026 cade di sabato<\/td>\n<\/tr>\n<p>\u00a0<\/p>\n<p>\u00a0<\/p>\n<p><strong>Novit\u00e0 e punti di \u201cattenzione\u201d 2026 <\/strong><\/p>\n<p>\u00a0<\/p>\n<p><strong>\u201cCriteri di accoglimento\u201d e controlli: pi\u00f9 regole in circolare, pi\u00f9 rischio scarto<\/strong><\/p>\n<p>\u00a0<\/p>\n<p style=\"text-align: justify;\">La <strong><a style=\"color: #0000ff;\" href=\"http:\/\/www.pianetafiscale.it\/files\/Prassi\/2025\/Cl730_26.pdf\" rel=\"nofollow noopener\" target=\"_blank\">Circolare dei controlli del 730\/2026<\/a><\/strong> , riporta anche le regole di accoglimento della dichiarazione, distinguendo controlli bloccanti e confermabili: la non conformit\u00e0 pu\u00f2 determinare lo scarto del file\/dichiarazione, secondo la casistica.<\/p>\n<p><strong>\u00a0<\/strong><\/p>\n<p><strong>Tracciato telematico: conferma XML e limite \u201cmassivo\u201d<\/strong><\/p>\n<p>\u00a0<\/p>\n<p style=\"text-align: justify;\">\u00c8 confermato il tracciato in XML; in pi\u00f9, viene ribadito un vincolo operativo: ogni file telematico non pu\u00f2 contenere pi\u00f9 di 2.500 dichiarazioni 730\/2026, pena lo scarto dell\u2019intero file.<\/p>\n<p>\u00a0<\/p>\n<p><strong>Gestione del 730 \u201csenza sostituto\u201d: istruzioni e coerenze bloccanti<\/strong><\/p>\n<p>\u00a0<\/p>\n<p style=\"text-align: justify;\">La <strong><a style=\"color: #0000ff;\" href=\"http:\/\/www.pianetafiscale.it\/files\/Prassi\/2025\/Cl730_26.pdf\" rel=\"nofollow noopener\" target=\"_blank\">Circolare<\/a><\/strong> dettaglia i requisiti del 730 presentato senza sostituto (frontespizio coerente, gestione dei righi del prospetto di liquidazione, canale di assistenza, ecc.) e richiama che la non coerenza dei dati pu\u00f2 comportare scarto senza possibilit\u00e0 di conferma.<\/p>\n<p>\u00a0<\/p>\n<p><strong>Ampliamento del modello 730: nuove tipologie reddituali<\/strong><\/p>\n<p>\u00a0<\/p>\n<p style=\"text-align: justify;\">Viene richiamato il percorso di ampliamento del 730 (in attuazione del D.Lgs. 8 gennaio 2024, n. 1): nel perimetro operativo del modello risultano gestibili anche fattispecie \u201caggiuntive\u201d (es. monitoraggio\/IVIE-IVAFE, cripto-attivit\u00e0 \u2013 Quadro W, tassazione separata e imposte sostitutive \u2013 Quadro M, plusvalenze finanziarie \u2013 Quadro T, ecc.), con regole di versamento\/rimborso allineate alla logica del \u201csenza sostituto\u201d in caso di debiti\/crediti da queste componenti.<\/p>\n<p>\u00a0<\/p>\n<p><strong>Liquidazione 2026: focus su cuneo fiscale e riordino detrazioni<\/strong><\/p>\n<p>\u00a0<\/p>\n<p>Nella <a href=\"http:\/\/www.pianetafiscale.it\/files\/Prassi\/2025\/Cl730_26.pdf\" rel=\"nofollow noopener\" target=\"_blank\"><strong>Circolare<\/strong><\/a> trovano spazio specifiche sezioni di calcolo\/controllo che impattano direttamente su liquidazione e annotazioni, tra cui:<\/p>\n<p>\u00a0<\/p>\n<ul>\n<li>riduzione del cuneo fiscale \/ trattamento integrativo (rigo C14), con indicazioni di verifica e calcolo;<\/li>\n<li>riordino delle detrazioni (con automatismi e\/o gestione da parte del contribuente), con impatti su righi e rideterminazioni;<\/li>\n<\/ul>\n<p>\u00a0<\/p>\n<p><strong>Le principali novit\u00e0 del 730\/2026 (redditi 2025)<\/strong><\/p>\n<p>\u00a0<\/p>\n<p>Le istruzioni del modello 730\/2026 riepilogano un pacchetto di novit\u00e0 che impattano sul calcolo IRPEF, detrazioni familiari e gestione di specifici regimi\/agevolazioni. <\/p>\n<p>In sintesi:<\/p>\n<p style=\"text-align: justify;\"><strong>Rimodulazione delle detrazioni per redditi da lavoro dipendente<\/strong>: dall\u2019anno 2025, \u00e8 confermato l\u2019innalzamento da 1.880 euro a 1.955 euro della detrazione prevista per i contribuenti titolari di redditi di lavoro dipendente, escluse le pensioni e assegni ad esse equiparati, e per taluni redditi assimilati a quelli di lavoro dipendente, in caso di reddito complessivo non superiore a 15.000 euro;<\/p>\n<p style=\"text-align: justify;\"><strong>Modifica delle detrazioni per figli a carico:<\/strong> sono abolite le detrazioni IRPEF per i figli a carico con pi\u00f9 di 30 anni, non disabili. La de- trazione per i figli a carico \u00e8 ora riconosciuta ai contribuenti che abbiano figli, compresi i figli nati fuori del matrimonio riconosciuti, i figli adottivi, affiliati o affidati, e i figli conviventi del coniuge deceduto, di et\u00e0 pari o superiore a 21 anni, ma inferiore a 30 anni, nonch\u00e9 figli di et\u00e0 pari o superiore a 30 anni con disabilit\u00e0 accertata ai sensi dell\u2019articolo 3 della legge 5 febbraio 1992, n. 104.<\/p>\n<p style=\"text-align: justify;\"><strong>Modifica delle detrazioni per altri familiari a carico:<\/strong> le detrazioni IRPEF per altri familiari fiscalmente a carico, diversi dal coniuge non legalmente ed effettivamente separato e dai figli, spettano ora in relazione ai soli ascendenti che convivano con il contribuente;<\/p>\n<p style=\"text-align: justify;\"><strong>Modifica delle detrazioni spettanti per familiari a carico:<\/strong> dall\u2019anno 2025, le detrazioni per familiari a carico non spettano ai contribuenti che non sono cittadini italiani o di uno Stato membro dell\u2019Unione europea o di uno Stato aderente all\u2019accordo sullo Spazio economico europeo, in relazione ai loro familiari residenti all\u2019estero;<\/p>\n<p style=\"text-align: justify;\"><strong>Incremento del limite delle somme erogate sotto forma di partecipazione agli utili dell\u2019impresa soggette a imposta sostitutiva:<\/strong> per l\u2019anno 2025, in caso di distribuzione ai lavoratori dipendenti di una quota degli utili di impresa non inferiore al 10 per cento degli utili complessivi, effettuata in esecuzione di contratti collettivi aziendali o territoriali, il limite dell\u2019importo complessivo soggetto all\u2019imposta sostitutiva \u00e8 elevato a 5.000 euro lordi;<\/p>\n<p style=\"text-align: justify;\"><strong>Regime fiscale dei compensi degli addetti al controllo e alla disciplina delle corse ippiche:<\/strong> i compensi corrisposti ai predetti addetti sono considerati, ai fini IRPEF, redditi assimilati a quelli da lavoro dipendente e concorrono a formare il reddito per la parte eccedente complessivamente nel periodo d\u2019imposta la soglia di 15.000 euro;<\/p>\n<p style=\"text-align: justify;\"><strong>Modifica alla detrazione per il personale del comparto sicurezza e difesa:<\/strong> nel periodo compreso tra il 1\u00b0 gennaio 2025 e il 31 dicembre 2025, la detrazione per il comparto sicurezza e difesa spetta per un importo massimo di 458,50 euro ai lavoratori che nell\u2019anno 2024 hanno percepito un reddito da lavoro dipendente non superiore a 30.208 euro;<\/p>\n<p style=\"text-align: justify;\"><strong>Trattamento Integrativo:<\/strong> dall\u2019anno 2025, \u00e8 confermata la previsione in base alla quale l\u2019agevolazione in questione spetta, in rapporto al periodo di lavoro nell\u2019anno, se l\u2019imposta lorda determinata sul reddito di lavoro dipendente e su alcuni redditi assimilati a quelli di lavoro dipendente \u00e8 maggiore della detrazione per lavoro dipendente ridotta di 75 euro;<\/p>\n<p style=\"text-align: justify;\"><strong>Somma che non concorre alla formazione del reddito complessivo:<\/strong> per l\u2019anno 2025, \u00e8 riconosciuta ai titolari di redditi di lavoro di-pendente, il cui reddito complessivo non superi i 20.000 euro, una somma che non concorre alla formazione del reddito complessivo;<\/p>\n<p style=\"text-align: justify;\"><strong>Ulteriore detrazione:<\/strong> per l\u2019anno 2025, \u00e8 riconosciuta ai titolari di redditi di lavoro dipendente, il cui reddito complessivo sia superiore a 20.000 euro ma non superiore a 40.000 euro, un\u2019ulteriore detrazione dall\u2019imposta lorda;<\/p>\n<p style=\"text-align: justify;\"><strong>Tassazione mance settore turistico-alberghiero e di ricezione:<\/strong> per l\u2019anno 2025, la tassazione sostitutiva pu\u00f2 essere applicata su un ammontare delle mance non superiore al 30 per cento del reddito percepito per le prestazioni lavorative nell\u2019anno. Possono acce- dere al regime di tassazione sostitutiva i lavoratori che conseguono redditi di lavoro dipendente per un importo complessivo non superiore a 75.000 euro nell\u2019anno di imposta precedente;<\/p>\n<p style=\"text-align: justify;\"><strong>Esenzione fiscale per somme corrisposte ai neoassunti in relazione a fabbricati:<\/strong> per i dipendenti assunti a tempo indeterminato nell\u2019anno 2025, che si trovino in determinate condizioni, le somme erogate o rimborsate dai datori di lavoro per il pagamento dei canoni di locazione e delle spese di manutenzione dei fabbricati locati dai medesimi lavoratori, non concorrono, per i primi due anni dalla data di assunzione, a formare il reddito ai fini fiscali entro il limite complessivo di 5.000 euro annui;<\/p>\n<p style=\"text-align: justify;\"><strong>Rimodulazione delle detrazioni per oneri:<\/strong> dall\u2019anno 2025, per i soggetti con reddito complessivo superiore a 75.000 euro, gli oneri e le spese, considerati complessivamente, per i quali \u00e8 prevista una detrazione dall\u2019imposta lorda, sia dal TUIR sia da altre disposizioni normative, sono ammessi in detrazione fino a un determinato ammontare;<\/p>\n<p style=\"text-align: justify;\"><strong>Detrazione delle spese sostenute per la frequenza scolastica:<\/strong> dall\u2019anno 2025, \u00e8 innalzato a 1.000 euro il limite massimo detraibile dall\u2019imposta lorda, per alunno o studente, in relazione alle spese per la frequenza di scuole dell\u2019infanzia, del primo ciclo di istruzione e della scuola secondaria di secondo grado del sistema nazionale di istruzione;<\/p>\n<p style=\"text-align: justify;\"><strong>Detrazioni delle spese per interventi di recupero del patrimonio edilizio, di riqualificazione energetica degli edifici e antisismici:<\/strong> le agevolazioni fiscali previste per interventi di riqualificazione edilizia, di risparmio energetico e antisismici, spettano per le spese documentate sostenute nell\u2019anno 2025 nella misura fissa pari al 36 per cento. La percentuale \u00e8 elevata al 50 per cento nel caso in cui gli inter- venti siano realizzati dai titolari di diritto di propriet\u00e0 o di diritto reale di godimento sull\u2019unit\u00e0 immobiliare adibita ad abitazione principale;<\/p>\n<p style=\"text-align: justify;\"><strong>Detrazione delle spese sostenute dai non vedenti per il mantenimento dei cani guida:<\/strong> dall\u2019anno 2025, l\u2019ammontare della detrazione forfetaria prevista per le spese sostenute dai non vedenti per il mantenimento dei cani guida \u00e8 innalzato a 1.100 euro;<\/p>\n<p style=\"text-align: justify;\"><strong>Detrazione Superbonus:<\/strong> per le spese sostenute nel 2025 rientranti nel Superbonus, salvo eccezioni, si applica la percentuale di detrazione del 65%;<\/p>\n<p style=\"text-align: justify;\"><strong>Credito d\u2019imposta per i dipendenti di \u201cstrutture sanitarie di montagna\u201d:<\/strong> per i dipendenti che prendono in locazione, ovvero acquistano, con accensione di un finanziamento ipotecario o fondiario un immobile ad uso abitativo per fini di servizio nel medesimo comune o in un comune limitrofo;<\/p>\n<p style=\"text-align: justify;\"><strong>Credito d\u2019imposta per i dipendenti delle \u201cscuole di montagna\u201d:<\/strong> per i dipendenti che prendono in locazione, ovvero acquistano, con accensione di un finanziamento ipotecario o fondiario un immobile ad uso abitativo per fini di servizio nel medesimo \u201ccomune di mon- tagna\u201d o in un comune limitrofo;<\/p>\n<p style=\"text-align: justify;\"><strong>Credito d\u2019imposta per l\u2019acquisto o la ristrutturazione edilizia dell\u2019unit\u00e0 immobiliare da adibire ad abitazione principale sita in un Comune di montagna:<\/strong> per le persone fisiche che non hanno compiuto il quarantunesimo anno di et\u00e0 nell\u2019anno dell\u2019accensione di un finanziamento o ipotecario o fondiario, comunque denominato, stipulato dopo il 20 settembre 2025.<\/p>\n<p style=\"text-align: justify;\"><strong>Disposizioni in materia di plusvalenze da cripto-attivit\u00e0: <\/strong>\u00e8 eliminata la soglia di esenzione pari a 2 mila euro precedentemente pre- vista ai fini della tassazione delle plusvalenze e degli altri proventi derivanti dalle operazioni in cripto-attivit\u00e0. \u00c8 prevista, inoltre, la fa- colt\u00e0 di assumere per ciascuna cripto-attivit\u00e0 posseduta al 1\u00b0 gennaio 2025, in luogo del costo o del valore di acquisto, il valore esistente in tale data;<\/p>\n<p style=\"text-align: justify;\"><strong>Rideterminazione del valore di terreni e partecipazioni:<\/strong> confermata a regime l\u2019agevolazione fiscale. Per i terreni posseduti al 1\u00b0 gennaio di ciascun anno, \u00e8 consentito a persone fisiche, societ\u00e0 semplici, enti non commerciali e soggetti non residenti privi di stabile organizzazione di rivalutare il costo o valore di acquisto tramite versamento di imposta sostitutiva che, dal 2025, \u00e8 aumentata al 18 per cento;<\/p>\n","protected":false},"excerpt":{"rendered":"Con Provvedimento del Direttore dell\u2019Agenzia delle entrate 27 febbraio 2026, prot. n. 71552\/2026, sono stati approvati il modello&hellip;\n","protected":false},"author":3,"featured_media":375111,"comment_status":"","ping_status":"","sticky":false,"template":"","format":"standard","meta":{"footnotes":"","_share_on_mastodon":"0"},"categories":[172],"tags":[216467,216468,216469,178,216470,216471,177,216472,78990,216473,1537,90,89,216474],"class_list":["post-375110","post","type-post","status-publish","format-standard","has-post-thumbnail","category-affari","tag-730-o-redditi-pf","tag-730-2026","tag-730pro-ai","tag-affari","tag-ai-fiscale-italia","tag-assistenza-fiscale-2026-modello-730-2026","tag-business","tag-circolare-per-la-liquidazione-ed-il-controllo-del-mod-730-2026","tag-circolari","tag-istruzioni-ministeriali-e-documentazione-ufficiale-730","tag-it","tag-italia","tag-italy","tag-modello-730-ordinario-e-precompilato"],"share_on_mastodon":{"url":"https:\/\/pubeurope.com\/@it\/116151528046130991","error":""},"_links":{"self":[{"href":"https:\/\/www.europesays.com\/it\/wp-json\/wp\/v2\/posts\/375110","targetHints":{"allow":["GET"]}}],"collection":[{"href":"https:\/\/www.europesays.com\/it\/wp-json\/wp\/v2\/posts"}],"about":[{"href":"https:\/\/www.europesays.com\/it\/wp-json\/wp\/v2\/types\/post"}],"author":[{"embeddable":true,"href":"https:\/\/www.europesays.com\/it\/wp-json\/wp\/v2\/users\/3"}],"replies":[{"embeddable":true,"href":"https:\/\/www.europesays.com\/it\/wp-json\/wp\/v2\/comments?post=375110"}],"version-history":[{"count":0,"href":"https:\/\/www.europesays.com\/it\/wp-json\/wp\/v2\/posts\/375110\/revisions"}],"wp:featuredmedia":[{"embeddable":true,"href":"https:\/\/www.europesays.com\/it\/wp-json\/wp\/v2\/media\/375111"}],"wp:attachment":[{"href":"https:\/\/www.europesays.com\/it\/wp-json\/wp\/v2\/media?parent=375110"}],"wp:term":[{"taxonomy":"category","embeddable":true,"href":"https:\/\/www.europesays.com\/it\/wp-json\/wp\/v2\/categories?post=375110"},{"taxonomy":"post_tag","embeddable":true,"href":"https:\/\/www.europesays.com\/it\/wp-json\/wp\/v2\/tags?post=375110"}],"curies":[{"name":"wp","href":"https:\/\/api.w.org\/{rel}","templated":true}]}}