{"id":375117,"date":"2026-03-01T02:30:15","date_gmt":"2026-03-01T02:30:15","guid":{"rendered":"https:\/\/www.europesays.com\/it\/375117\/"},"modified":"2026-03-01T02:30:15","modified_gmt":"2026-03-01T02:30:15","slug":"il-programma-di-sabato-28-febbraio-cobolli-paolini-e-darderi-tutti-a-notte-fonda","status":"publish","type":"post","link":"https:\/\/www.europesays.com\/it\/375117\/","title":{"rendered":"Il programma di sabato 28 febbraio: Cobolli, Paolini e Darderi tutti a notte fonda"},"content":{"rendered":"<p>Flavio sar\u00e0 impegnato nella finale di Acapulco contro Tiafoe, avanti 2-0 negli h2h. Jasmine e Luciano si giocheranno l\u2019accesso in finale a Merida e Santiago del Cile<\/p>\n<p><img data-lazyloaded=\"1\" fetchpriority=\"high\" decoding=\"async\" width=\"1024\" height=\"701\" src=\"https:\/\/www.europesays.com\/it\/wp-content\/uploads\/2026\/03\/COBOLLI_Wimb-2025_0014665-1024x701.jpg\" alt=\"\" class=\"wp-image-102522\"  data-\/>Foto di Ray Giubilo<\/p>\n<p>Nonostante il fuso orario non particolarmente favorevole, gli appassionati italiani si preparano ad assistere ad una giornata di grande tennis. Gli occhi saranno puntati innanzitutto su <strong>Flavio Cobolli<\/strong>, che si \u00e8 finalmente messo alle spalle un inizio di stagione abbastanza deludente. Dopo aver faticato nei primi tornei del 2026, anche a causa di un po\u2019 di sfortuna, l\u2019azzurro ha reagito alla grande raggiungendo prima la semifinale a <strong>Delray Beach<\/strong> e poi la finale ad <strong>Acapulco<\/strong>. Il nativo di Firenze \u00e8 diventato il primo italiano capace di centrare l\u2019ultimo atto sul cemento messicano, ma non intende fermarsi qui.<\/p>\n<p>L\u2019ultimo ostacolo sul suo cammino risponde al nome di <strong>Frances Tiafoe<\/strong>, che sta esprimendo un tennis di alto livello questa settimana e lo ha battuto in entrambi i precedenti a livello ATP. Si preannuncia una sfida intensa ed equilibrata, in cui i dettagli faranno la differenza, cos\u00ec come la capacit\u00e0 di entrambi i giocatori di gestire la pressione legata alla posta in palio. Cobolli e Tiafoe scenderanno in campo nella notte italiana fra sabato e domenica <strong>non prima delle 4<\/strong>, preceduti dalla finale del torneo di doppio tra <strong>Erler\/Galloway<\/strong> e <strong>Zverev\/Melo<\/strong>.<\/p>\n<p>All\u2019<strong>ATP 250 di Santiago del Cile<\/strong>, <strong>Luciano Darderi<\/strong> affronter\u00e0 <strong>Sebastian Baez <\/strong>nell\u2019ennesimo capitolo della loro rivalit\u00e0 (si sono gi\u00e0 affrontati otto volte nel circuito maggiore). In palio c\u2019\u00e8 un posto in finale sulla terra rossa cilena. L\u2019azzurro sta attraversando il momento migliore della sua carriera e questa superficie tende ad esaltare il suo tennis, ma lo stesso discorso vale anche per l\u2019argentino che \u00e8 abituato a dare il massimo fino all\u2019ultimo punto. Il loro match sar\u00e0 l\u2019ultimo del programma di sabato 28 febbraio, che inizier\u00e0 alle 19:30 italiane con una partita di doppio. La prima semifinale tra <strong>Francisco Cerundolo<\/strong> e <strong>Yannick Hanfmann<\/strong> prender\u00e0 il via non prima delle 22 italiane, a seguire toccher\u00e0 a Darderi e Baez.<\/p>\n<p>Da non perdere assolutamente la sfida tra <strong>Jasmine Paolini<\/strong> e <strong>Cristina Bucsa<\/strong>, che si giocheranno un posto in finale al <strong>WTA di Merida<\/strong>. La numero 1 d\u2019Italia \u00e8 venuta a capo di una vera battaglia contro la britannica <strong>Katie Boulter<\/strong>, che era stata in grado di infliggerle un pesantissimo 6-0 nel primo set. La toscana ha tirato fuori un orgoglio da campionessa e ha adottato una tattica pi\u00f9 aggressiva, utile ad incrinare le certezze della sua avversaria con il passare dei minuti. La numero 7 del mondo \u00e8 avanti 2-1 negli h2h contro la spagnola e partir\u00e0 con i favori del pronostico. L\u2019inizio della partita \u00e8 fissato a notte fonda in Italia, visto che il programma di sabato comincer\u00e0 alle 23 italiane e l\u2019azzurra sar\u00e0 protagonista del terzo incontro.<\/p>\n","protected":false},"excerpt":{"rendered":"Flavio sar\u00e0 impegnato nella finale di Acapulco contro Tiafoe, avanti 2-0 negli h2h. Jasmine e Luciano si giocheranno&hellip;\n","protected":false},"author":3,"featured_media":272515,"comment_status":"","ping_status":"","sticky":false,"template":"","format":"standard","meta":{"footnotes":"","_share_on_mastodon":"0"},"categories":[1457],"tags":[216475,213511,7340,1537,90,89,13617,7343,245,244,1273,216476],"class_list":["post-375117","post","type-post","status-publish","format-standard","has-post-thumbnail","category-tennis","tag-atp-acapulco","tag-atp-santiago","tag-flavio-cobolli","tag-it","tag-italia","tag-italy","tag-jasmine-paolini","tag-luciano-darderi","tag-sport","tag-sports","tag-tennis","tag-wta-merida"],"share_on_mastodon":{"url":"https:\/\/pubeurope.com\/@it\/116151571503933151","error":""},"_links":{"self":[{"href":"https:\/\/www.europesays.com\/it\/wp-json\/wp\/v2\/posts\/375117","targetHints":{"allow":["GET"]}}],"collection":[{"href":"https:\/\/www.europesays.com\/it\/wp-json\/wp\/v2\/posts"}],"about":[{"href":"https:\/\/www.europesays.com\/it\/wp-json\/wp\/v2\/types\/post"}],"author":[{"embeddable":true,"href":"https:\/\/www.europesays.com\/it\/wp-json\/wp\/v2\/users\/3"}],"replies":[{"embeddable":true,"href":"https:\/\/www.europesays.com\/it\/wp-json\/wp\/v2\/comments?post=375117"}],"version-history":[{"count":0,"href":"https:\/\/www.europesays.com\/it\/wp-json\/wp\/v2\/posts\/375117\/revisions"}],"wp:featuredmedia":[{"embeddable":true,"href":"https:\/\/www.europesays.com\/it\/wp-json\/wp\/v2\/media\/272515"}],"wp:attachment":[{"href":"https:\/\/www.europesays.com\/it\/wp-json\/wp\/v2\/media?parent=375117"}],"wp:term":[{"taxonomy":"category","embeddable":true,"href":"https:\/\/www.europesays.com\/it\/wp-json\/wp\/v2\/categories?post=375117"},{"taxonomy":"post_tag","embeddable":true,"href":"https:\/\/www.europesays.com\/it\/wp-json\/wp\/v2\/tags?post=375117"}],"curies":[{"name":"wp","href":"https:\/\/api.w.org\/{rel}","templated":true}]}}