{"id":376282,"date":"2026-03-01T22:31:10","date_gmt":"2026-03-01T22:31:10","guid":{"rendered":"https:\/\/www.europesays.com\/it\/376282\/"},"modified":"2026-03-01T22:31:10","modified_gmt":"2026-03-01T22:31:10","slug":"chi-ha-vinto-il-fantasanremo-2026-la-classifica-finale-e-i-punteggi","status":"publish","type":"post","link":"https:\/\/www.europesays.com\/it\/376282\/","title":{"rendered":"Chi ha vinto il Fantasanremo 2026? La classifica finale e i punteggi"},"content":{"rendered":"<p class=\"summary-art is-normal-b-light\">Al primo posto trionfano Lda &amp; Aka 7Even. A loro la gloria eterna. Nella lega mondiale il vincitore \u00e8 la squadra Tot\u00f2 90<\/p>\n<p class=\"chapter-paragraph\">Se la finale di Sanremo cade di sabato, la domenica sera \u00e8 tutta dedicata alla<b> finale del Fantasanremo<\/b>. Per lasciare un po&#8217; di suspance, gli organizzatori si prendono tutto il tempo per ricontare i punti e per raccontare chi si \u00e8 distinto a colpi di Bonus sul palco e fuori. Con una diretta su Instagram &#8211; la finale del Fantasanremo &#8211; ecco che ad essere premiato sono gli<b> Lda &amp; Aka 7Even<\/b>.\u00a0\u00c8 una vittoria ampiamente meritata: non hanno mai abbandonato la prima posizione al fantagioco per tutta la settimana del festival. E <b>con la finale hanno accumulato ben 185 punti<\/b>. Alcuni dei numerosi bonus che li hanno aiutati nell&#8217;ultima puntata: 15 per la loro undicesima posizione in classifica, 5 per aver<br \/>indossato occhiali da sole, 10 per la presenza di ballerini, 15 per i performer sul palco.<\/p>\n<p class=\"chapter-paragraph\">Insieme a loro, le migliori partite sono state quelle delle <b>Bambole di pezza, Samuray Jay, Sal Da Vinci e Dargen D&#8217;Amico<\/b>. Menzione di disonore fantasanremese \u00e8 Chiello, Raf e Francesco Renga: hanno deciso sin da subito che il <b>fantagioco non fa per loro<\/b>. E si sono completamente disinteressati di tutti quegli utenti &#8211; e spettatori &#8211; che li hanno scelti in squadra. Ma in fondo va bene cos\u00ec: il Fantasanremo \u00e8 un gioco. E ognuno pu\u00f2 decidere se partecipare o meno.\u00a0    &#13;<br \/>\n&#13;<br \/>\n&#13;<br \/>\n&#13;<br \/>\n&#13;<br \/>\n&#13;<br \/>\n&#13;<br \/>\n&#13;<br \/>\n&#13;<br \/>\n&#13;<br \/>\n&#13;<br \/>\n&#13;<br \/>\n&#13;<br \/>\n&#13;<br \/>\n&#13;<br \/>\n&#13;<br \/>\n&#13;<br \/>\n&#13;<br \/>\n&#13;<br \/>\n&#13;<br \/>\n&#13;<br \/>\n&#13;<br \/>\n&#13;<br \/>\n&#13;<br \/>\n&#13;<br \/>\n&#13;<br \/>\n&#13;<br \/>\n&#13;<br \/>\n&#13;<br \/>\n&#13;<br \/>\n&#13;<br \/>\n&#13;<br \/>\n&#13;<br \/>\n&#13;<br \/>\n&#13;<br \/>\n&#13;<br \/>\n&#13;<br \/>\n&#13;<br \/>\n&#13;<br \/>\n&#13;<br \/>\n&#13;<br \/>\n&#13;<br \/>\n&#13;<br \/>\n&#13;<br \/>\n&#13;<br \/>\n&#13;<br \/>\n&#13;<br \/>\n&#13;<br \/>\n&#13;<br \/>\n&#13;<br \/>\n&#13;<br \/>\n&#13;<br \/>\n&#13;\n<\/p>\n<p class=\"chapter-paragraph\">Per quanto riguarda la squadra vincitrice nel <b>Campionato Mondiale<\/b>, a conquistare il primo posto \u00e8 <b>\u00abTot\u00f2 90\u00bb<\/b> (che, a giudicare anche dalla foto, \u00e8 un riferimento al calciatore Tot\u00f2 Schillaci), che ha conquistato ben 3226 punti grazie a una formazione decisamente di successo. A vincere la <b>Superlega<\/b>, invece, \u00e8\u00a0<b>\u00abEcco l&#8217;Atl\u00e9tico de Madrid\u00bb<\/b>.<\/p>\n<p class=\"chapter-paragraph\">Un po&#8217; come lo stesso Sanremo, anche il Fantasanremo quest&#8217;anno \u00e8 stato vissuto in modo diverso. Come lo share, anche i numeri registrati dall&#8217;app sono da record: partecipano <b>oltre tre milioni di italiani<\/b>. Ma la percezione \u00e8 che ci sia meno entusiasmo, che la tradizione del festival ormai comprenda anche la costruzione di un paio di squadre e di qualche lega tra amici e parenti. <a href=\"https:\/\/www.corriere.it\/spettacoli\/festival-sanremo\/26_febbraio_25\/una-rimpatriata-che-sembra-tale-e-quale-show-conti-amministra-pausini-coi-suoi-modi-caserecci-non-sfonda-e1f7fbac-504d-47f3-9346-5b632c997xlk.shtml\" rel=\"nofollow noopener\" target=\"_blank\">Il festival in sordina<\/a> ha trascinato con s\u00e8 un Fantagioco in sordina. L&#8217;entusiasmo, il divertimento, la spontaneit\u00e0 hanno lasciato il posto a <b>una macchina da soldi ormai perfettamente organizzata<\/b>. Dove gli sponsor sono ingombranti e la goliardia delle prime edizioni \u00e8 quasi scomparsa. <b>Gli artisti i Bonus li hanno portati a casa, perch\u00e9 cos\u00ec vuole il pubblico.<\/b> Lo rivedremo sicuramente anche l&#8217;anno prossimo, forse con ancora pi\u00f9 Bonus legati a investimenti pubblicitari. Ma il valore aggiunto che il Fantasanremo aveva portato &#8211; in tandem con i colpi di scena delle edizioni di Amadeus &#8211; <b>quell&#8217;infantile forma di gioco<\/b> che metteva insieme le persone, grandi e piccole, anche quando dovevano stare lontane causa Covid, sembra essere un bel ricordo.<\/p>\n<p>    La classifica finale<\/p>\n<p class=\"chapter-paragraph\">1) Lda e Aka 7even: 780 punti<br \/>2)\u00a0Bambole di pezza: 570 punti<br \/>3) Sal Da Vinci : 520 punti<br \/>4) Samurai Jay: 512punti<br \/>5)\u00a0Dargen D&#8217;Amico: 484 punti<br \/>6)\u00a0Ditonellapiaga 460<br \/>7)\u00a0Elettra Lamborghini: 427 punti<br \/>8)\u00a0Eddie Brock: 420 punti<br \/>9) J-Ax: 411 punti<br \/>10) Sayf: 405<br \/>11)\u00a0Leo Gassmann: 366 punti<br \/>12)\u00a0Ermal Meta: 344 punti<br \/>13)\u00a0Arisa: 325<br \/>14)\u00a0Malika Ayane: 298 punti<br \/>15)\u00a0Fulminacci: 282 punti<br \/>16)\u00a0Serena Brancale: 266 punti<br \/>17)\u00a0Fedez e Masini: 240 punti<br \/>18)\u00a0Luch\u00e8: 237 punti<br \/>19) Levante: 218 punti<br \/>20)\u00a0Enrico Nigiotti: 211 punti<br \/>21)\u00a0Tommaso Paradiso: 208 punti<br \/>22)\u00a0Michele Bravi: 207 punti<br \/>23)\u00a0Maria Antonietta e Colombre: 199 punti<br \/>24)\u00a0Mara Sattei: 198 punti<br \/>25)\u00a0Nayt: 175 punti<br \/>26)\u00a0Patty Pravo: 173 punti<br \/>27)\u00a0Tredici Pietro: 164 punti<br \/>28)\u00a0Francesco Renga: 135 punti<br \/>29)\u00a0Raf: 130 punti<br \/>30)\u00a0Chiello: 80 punti<\/p>\n<p>Per non perdere le ultime novit\u00e0 su tecnologia e innovazione<br \/>iscriviti alla <a href=\"https:\/\/www.corriere.it\/newsletter\/?id=53\" style=\"text-decoration: underline;\" rel=\"nofollow noopener\" target=\"_blank\">newsletter di Login<\/a><\/p>\n<p class=\"is-last-update\" datetime=\"2026-03-01T20:31:28+01:00\">1 marzo 2026<\/p>\n<p class=\"is-copyright\">\n            \u00a9 RIPRODUZIONE RISERVATA\n        <\/p>\n","protected":false},"excerpt":{"rendered":"Al primo posto trionfano Lda &amp; Aka 7Even. A loro la gloria eterna. Nella lega mondiale il vincitore&hellip;\n","protected":false},"author":3,"featured_media":376283,"comment_status":"","ping_status":"","sticky":false,"template":"","format":"standard","meta":{"footnotes":"","_share_on_mastodon":"0"},"categories":[1444],"tags":[71344,4008,17065,141129,391,106579,587,61919,1932,87946,2023,153228,153229,30236,203,9656,212664,175772,4631,1426,217022,1250,82217,2024,204,1537,90,89,16938,61928,214365,109,1353,133,2298,141130,6324,1292,90540,101022,89836,213606,9143,217023,1857,9819,253],"class_list":["post-376282","post","type-post","status-publish","format-standard","has-post-thumbnail","category-tv","tag-aka","tag-amico","tag-bambole","tag-bambole-pezza","tag-ben","tag-ben-punti","tag-bonus","tag-chiello","tag-classifica","tag-classifica-finale","tag-colpi","tag-dargen","tag-dargen-amico","tag-edizioni","tag-entertainment","tag-entusiasmo","tag-fantagioco","tag-fantasanremo","tag-festival","tag-finale","tag-finale-fantasanremo","tag-francesco","tag-francesco-renga","tag-gioco","tag-intrattenimento","tag-it","tag-italia","tag-italy","tag-jay","tag-lda","tag-lda-aka","tag-lega","tag-mondiale","tag-ormai","tag-palco","tag-pezza","tag-posizione","tag-punti","tag-raf","tag-renga","tag-sal","tag-sal-vinci","tag-sanremo","tag-sordina","tag-squadra","tag-toto","tag-tv"],"share_on_mastodon":{"url":"","error":"Validation failed: Text character limit of 500 exceeded"},"_links":{"self":[{"href":"https:\/\/www.europesays.com\/it\/wp-json\/wp\/v2\/posts\/376282","targetHints":{"allow":["GET"]}}],"collection":[{"href":"https:\/\/www.europesays.com\/it\/wp-json\/wp\/v2\/posts"}],"about":[{"href":"https:\/\/www.europesays.com\/it\/wp-json\/wp\/v2\/types\/post"}],"author":[{"embeddable":true,"href":"https:\/\/www.europesays.com\/it\/wp-json\/wp\/v2\/users\/3"}],"replies":[{"embeddable":true,"href":"https:\/\/www.europesays.com\/it\/wp-json\/wp\/v2\/comments?post=376282"}],"version-history":[{"count":0,"href":"https:\/\/www.europesays.com\/it\/wp-json\/wp\/v2\/posts\/376282\/revisions"}],"wp:featuredmedia":[{"embeddable":true,"href":"https:\/\/www.europesays.com\/it\/wp-json\/wp\/v2\/media\/376283"}],"wp:attachment":[{"href":"https:\/\/www.europesays.com\/it\/wp-json\/wp\/v2\/media?parent=376282"}],"wp:term":[{"taxonomy":"category","embeddable":true,"href":"https:\/\/www.europesays.com\/it\/wp-json\/wp\/v2\/categories?post=376282"},{"taxonomy":"post_tag","embeddable":true,"href":"https:\/\/www.europesays.com\/it\/wp-json\/wp\/v2\/tags?post=376282"}],"curies":[{"name":"wp","href":"https:\/\/api.w.org\/{rel}","templated":true}]}}