{"id":376779,"date":"2026-03-02T08:48:15","date_gmt":"2026-03-02T08:48:15","guid":{"rendered":"https:\/\/www.europesays.com\/it\/376779\/"},"modified":"2026-03-02T08:48:15","modified_gmt":"2026-03-02T08:48:15","slug":"come-esce-dalla-coppa-italia-diciamo-la-nostra-3","status":"publish","type":"post","link":"https:\/\/www.europesays.com\/it\/376779\/","title":{"rendered":"come esce dalla Coppa Italia? Diciamo la nostra"},"content":{"rendered":"<p>&#13;<br \/>\n        &#13;<br \/>\n&#13;<br \/>\n        &#13;<\/p>\n<p>            <a href=\"https:\/\/www.europesays.com\/it\/wp-content\/uploads\/2026\/03\/2026deli08feb_137.jpg\" data-caption=\"crediti Ciamillo-Castoria\"><img loading=\"lazy\" decoding=\"async\" width=\"600\" height=\"400\" class=\"entry-thumb td-modal-image\" src=\"https:\/\/www.europesays.com\/it\/wp-content\/uploads\/2026\/03\/2026deli08feb_137.jpg\"   alt=\"\" title=\"reyer venezia\"\/><\/a>crediti Ciamillo-Castoria<\/p>\n<p>&#13;<br \/>\n&#13;<br \/>\n&lt;! &#8212; mobile Banner Top mobile 300&#215;250\/336&#215;280   &#8211;&gt;&#13;<\/p>\n<p>La Reyer Venezia rimane l\u2019incompiuta di queste Final Eight. Arrivata a Torino con grandi ambizioni e un roster di prim\u2019ordine, la squadra lagunare si \u00e8 fermata subito, pagando i soliti blackout che hanno caratterizzato la sua stagione. Marco De Benedetto, nell\u2019ultima puntata di <b class=\"ng-star-inserted\" data-start-index=\"6874\">Backdoor Call<\/b>, ha analizzato questa cronica mancanza di solidit\u00e0.<\/p>\n<p>Il commento di Marco non lascia spazio a dubbi sulle difficolt\u00e0 strutturali della Reyer:<\/p>\n<blockquote>\n<p>\u201cVenezia ha fatto il disfatto ed \u00e8 una cosa che \u00e8 successa altre volte nella loro stagione, spero per loro che succeda meno perch\u00e9 a livello di talento e di organizzazione sono tra le top sicuramente, hanno appunto questa caratteristica di prendere dei break negativi un po\u2019 troppo facilmente, continuano secondo me ad essere pericolosissimi per qualsiasi tipo di traguardo, per\u00f2 \u00e8 stata un\u2019occasione mancata\u201d.<\/p>\n<\/blockquote>\n<p>Il talento c\u2019\u00e8, ma per ambire ai traguardi pi\u00f9 alti, Venezia dovr\u00e0 imparare a gestire i momenti di difficolt\u00e0 senza subire parziali che compromettono intere partite.<\/p>\n<p>Pubblicit\u00e0&lt;! &#8212; Banner mobile 300&#215;250\/300&#215;600  &#8211;&gt;&#13;<br \/>\n&#13;<br \/>\n&#13;<br \/>\n&#13;<br \/>\n&lt;! &#8212; Banner Native   &#8211;&gt;&#13;<br \/>\n&#13;<br \/>\n&#13;<br \/>\n&lt;! &#8212; Banner mobile   &#8211;&gt;&#13;<br \/>\n        &#13;<br \/>\n&#13;<br \/>\n        &#13;<br \/>\n                        &#13;<br \/>\n            &#13;<br \/>\n&#13;<br \/>\n                                    <a href=\"https:\/\/www.backdoorpodcast.com\/author\/s-mazzola\/\" aria-label=\"author-photo\" rel=\"nofollow noopener\" target=\"_blank\"><img loading=\"lazy\" width=\"96\" height=\"96\" src=\"https:\/\/www.europesays.com\/it\/wp-content\/uploads\/2025\/07\/DSC_0017-scaled-96x96.jpg\" class=\"avatar avatar-96 photo\" alt=\"Simone Mazzola\" decoding=\"async\"  \/><\/a>                    &#13;<br \/>\n&#13;<\/p>\n","protected":false},"excerpt":{"rendered":"&#13; &#13; &#13; &#13; crediti Ciamillo-Castoria &#13; &#13; &lt;! &#8212; mobile Banner Top mobile 300&#215;250\/336&#215;280 &#8211;&gt;&#13; La Reyer&hellip;\n","protected":false},"author":3,"featured_media":376780,"comment_status":"","ping_status":"","sticky":false,"template":"","format":"standard","meta":{"footnotes":"","_share_on_mastodon":"0"},"categories":[1453],"tags":[1756,217222,1757,217223,73882,1537,90,89,10611,22086,245,244],"class_list":["post-376779","post","type-post","status-publish","format-standard","has-post-thumbnail","category-basket","tag-basket","tag-basket-venezia","tag-basketball","tag-delusione-coppa","tag-final-eight","tag-it","tag-italia","tag-italy","tag-lega-basket","tag-reyer-venezia","tag-sport","tag-sports"],"share_on_mastodon":{"url":"https:\/\/pubeurope.com\/@it\/116158720019519096","error":""},"_links":{"self":[{"href":"https:\/\/www.europesays.com\/it\/wp-json\/wp\/v2\/posts\/376779","targetHints":{"allow":["GET"]}}],"collection":[{"href":"https:\/\/www.europesays.com\/it\/wp-json\/wp\/v2\/posts"}],"about":[{"href":"https:\/\/www.europesays.com\/it\/wp-json\/wp\/v2\/types\/post"}],"author":[{"embeddable":true,"href":"https:\/\/www.europesays.com\/it\/wp-json\/wp\/v2\/users\/3"}],"replies":[{"embeddable":true,"href":"https:\/\/www.europesays.com\/it\/wp-json\/wp\/v2\/comments?post=376779"}],"version-history":[{"count":0,"href":"https:\/\/www.europesays.com\/it\/wp-json\/wp\/v2\/posts\/376779\/revisions"}],"wp:featuredmedia":[{"embeddable":true,"href":"https:\/\/www.europesays.com\/it\/wp-json\/wp\/v2\/media\/376780"}],"wp:attachment":[{"href":"https:\/\/www.europesays.com\/it\/wp-json\/wp\/v2\/media?parent=376779"}],"wp:term":[{"taxonomy":"category","embeddable":true,"href":"https:\/\/www.europesays.com\/it\/wp-json\/wp\/v2\/categories?post=376779"},{"taxonomy":"post_tag","embeddable":true,"href":"https:\/\/www.europesays.com\/it\/wp-json\/wp\/v2\/tags?post=376779"}],"curies":[{"name":"wp","href":"https:\/\/api.w.org\/{rel}","templated":true}]}}