{"id":376849,"date":"2026-03-02T09:56:12","date_gmt":"2026-03-02T09:56:12","guid":{"rendered":"https:\/\/www.europesays.com\/it\/376849\/"},"modified":"2026-03-02T09:56:12","modified_gmt":"2026-03-02T09:56:12","slug":"tram-deragliato-a-milano-indagato-lautista-per-disastro-ferroviario-colposo","status":"publish","type":"post","link":"https:\/\/www.europesays.com\/it\/376849\/","title":{"rendered":"Tram deragliato a Milano, indagato l\u2019autista per disastro ferroviario colposo"},"content":{"rendered":"<p>Il conducente del tram deragliato a Milano il 27 febbraio \u00e8 stato iscritto nel registro degli indagati per disastro ferroviario colposo. L&#8217;ipotesi di reato \u00e8 contenuta nella relazione investigativa che \u00e8 stata inviata questa mattina dalla Polizia locale alla Procura della Repubblica di Milano.\u00a0Secondo indiscrezioni l&#8217;ipotesi di reato comprende anche omicidio colposo e lesioni.\u00a0Nell&#8217;incidente di venerd\u00ec scorso sono morte due persone e una cinquantina sono rimaste ferite. L&#8217;autista del mezzo, che sar\u00e0 risentito nei prossimi giorni, ha raccontato di aver avuto prima un dolore alla gamba e poi un mancamento: &#8220;Era diventato tutto nero e ho perso il controllo\u201d, le sue parole poco prima di lasciare l&#8217;ospedale Niguarda.<\/p>\n<p>\t\t \tChi \u00e8 l\u2019autista<\/p>\n<p>In servizio da trentacinque anni, l\u2019autista ha passato la sua vita lavorativa sul tram\u00a0e questo, a 60 anni, \u00e8 stato il suo primo incidente. Da quanto emerso ha sbattuto la testa sul vetro e ha un occhio nero, fa fatica a spiegare quegli attimi ma, per il resto, fisicamente \u00e8 rimasto quasi illeso. In ospedale con lui c&#8217;era anche la moglie: &#8220;Moralmente &#8211; ha spiegato &#8211; \u00e8 distrutto, perch\u00e9 \u00e8 successa una cosa che in tutti questi anni di lavoro non si sarebbe mai aspettato potesse succedere&#8221;.<\/p>\n<p>Proseguono le indagini<\/p>\n<p>Anche la Polizia locale sta collaborando con la magistratura per ricostruire la dinamica del deragliamento del tram 9, poi finito contro un palazzo in viale Vittorio Veneto. Sul tavolo della pm Elisa Calanducci, che coordina le indagini con il procuratore Marcello Viola, arriver\u00e0 anche la relazione dei vigili.\u00a0Sequestri e acquisizioni di documenti sono in corso, stamani, a Milano, nella sede di Atm in via Monte Rosa, l&#8217;azienda dei trasporti del capoluogo lombardo.\u00a0Tra gli atti acquisiti e quelli sequestrati vi sarebbero informazioni cartacee sulle specifiche tecniche del Tramlink, tipologia di mezzo entrato in servizio di recente nella flotta Atm, e le registrazioni e i messaggi tra la centrale operativa di Atm e il conducente.\u00a0L&#8217;obiettivo \u00e8 di fornire un quadro ingegneristico e procedurale per capire le possibili motivazioni del deragliamento, avvenuto, sulla base delle prime dichiarazioni del conducente, per una mancata deviazione di uno scambio a seguito di un malore.<\/p>\n<p>\t\t\t<a class=\"c-inline-card j-inline-card c-inline-card--with-image\" href=\"https:\/\/tg24.sky.it\/cronaca\/2026\/03\/01\/milano-tram-incidente-ultime-notizie\" rel=\"follow nofollow noopener\" data-intcmp=\"skytg24_articolo_approfondimenti_inline\" target=\"_blank\"><\/p>\n<p>\t\t\t         <img decoding=\"async\" crossorigin=\"anonymous\" alt=\"\" src=\"https:\/\/www.europesays.com\/it\/wp-content\/uploads\/2026\/03\/1772445372_210_tram_ansa.jpeg\"  loading=\"lazy\"  bad-src=\"https:\/\/www.europesays.com\/it\/wp-content\/uploads\/2026\/03\/1772445372_210_tram_ansa.jpeg\"\/><\/p>\n<p>\n\t\t\t         Vedi anche<br \/>\n\t\t\t         Tram deragliato a Milano, dal malore alla frenata: nodi dell&#8217;indagine\n\t\t\t      <\/p>\n<p>\t\t\t<\/a><\/p>\n","protected":false},"excerpt":{"rendered":"Il conducente del tram deragliato a Milano il 27 febbraio \u00e8 stato iscritto nel registro degli indagati per&hellip;\n","protected":false},"author":3,"featured_media":376850,"comment_status":"","ping_status":"","sticky":false,"template":"","format":"standard","meta":{"footnotes":"","_share_on_mastodon":"0"},"categories":[79],"tags":[14,93,94,369,7578,2782,1537,90,89,28,7,15,24285,11,84,91,12,85,92],"class_list":["post-376849","post","type-post","status-publish","format-standard","has-post-thumbnail","category-italia","tag-cronaca","tag-cronaca-italiana","tag-cronacaitaliana","tag-digitall","tag-incidenti","tag-indagato","tag-it","tag-italia","tag-italy","tag-milano","tag-news","tag-notizie","tag-tram","tag-ultime-notizie","tag-ultime-notizie-e-news-di-oggi","tag-ultime-notizie-italia","tag-ultimenotizie","tag-ultimenotizieenewsdioggi","tag-ultimenotizieitalia"],"share_on_mastodon":{"url":"https:\/\/pubeurope.com\/@it\/116158987346028498","error":""},"_links":{"self":[{"href":"https:\/\/www.europesays.com\/it\/wp-json\/wp\/v2\/posts\/376849","targetHints":{"allow":["GET"]}}],"collection":[{"href":"https:\/\/www.europesays.com\/it\/wp-json\/wp\/v2\/posts"}],"about":[{"href":"https:\/\/www.europesays.com\/it\/wp-json\/wp\/v2\/types\/post"}],"author":[{"embeddable":true,"href":"https:\/\/www.europesays.com\/it\/wp-json\/wp\/v2\/users\/3"}],"replies":[{"embeddable":true,"href":"https:\/\/www.europesays.com\/it\/wp-json\/wp\/v2\/comments?post=376849"}],"version-history":[{"count":0,"href":"https:\/\/www.europesays.com\/it\/wp-json\/wp\/v2\/posts\/376849\/revisions"}],"wp:featuredmedia":[{"embeddable":true,"href":"https:\/\/www.europesays.com\/it\/wp-json\/wp\/v2\/media\/376850"}],"wp:attachment":[{"href":"https:\/\/www.europesays.com\/it\/wp-json\/wp\/v2\/media?parent=376849"}],"wp:term":[{"taxonomy":"category","embeddable":true,"href":"https:\/\/www.europesays.com\/it\/wp-json\/wp\/v2\/categories?post=376849"},{"taxonomy":"post_tag","embeddable":true,"href":"https:\/\/www.europesays.com\/it\/wp-json\/wp\/v2\/tags?post=376849"}],"curies":[{"name":"wp","href":"https:\/\/api.w.org\/{rel}","templated":true}]}}