{"id":377080,"date":"2026-03-02T13:19:13","date_gmt":"2026-03-02T13:19:13","guid":{"rendered":"https:\/\/www.europesays.com\/it\/377080\/"},"modified":"2026-03-02T13:19:13","modified_gmt":"2026-03-02T13:19:13","slug":"calafiori-mi-piacerebbe-tornare-alla-roma-ho-lasciato-il-lavoro-a-meta","status":"publish","type":"post","link":"https:\/\/www.europesays.com\/it\/377080\/","title":{"rendered":"Calafiori: \u201cMi piacerebbe tornare alla Roma, ho lasciato il lavoro a met\u00e0\u201d"},"content":{"rendered":"<p>Le sue parole: &#8220;Vorrei tornare per esultare sotto la Curva Sud davanti ai tifosi&#8221;<\/p>\n<p>Riccardo <strong>Calafiori<\/strong> \u00e8 tornato a parlare della <strong>Roma<\/strong> in un&#8217;intervista al podcast Supernova. Il difensore dell&#8217;Arsenal ha parlato del su passato in giallorosso e della sua volont\u00e0 di voler tornare nella Capitale in futuro. Di seguito le sue parole:<\/p>\n<p><strong>Quanti anni avevi quando hai segnato in Europa League? Cosa vuol dire segnare in Europa a quell&#8217;et\u00e0? <\/strong>&#8220;Diciotto anni e lo feci con la Roma. Ti sembra di sognare. Sono ancora tifoso della Roma, prima ero sfegatato. L&#8217;unica pecca \u00e8 che era durante il Covid, quindi non c&#8217;erano tifosi allo stadio altrimenti sarei andato immediatamente sotto la Sud. Emozione indescrivibile, la realizzi pi\u00f9 avanti negli anni. Il passaggio tra Primavera e prima squadra \u00e8 velocissimo, non te ne rendi nemmeno conto&#8221;.<\/p>\n<p><strong>Le piacerebbe tornare alla Roma? <\/strong>&#8220;S\u00ec, mi piacerebbe tornare alla Roma prima o poi. Ovviamente non posso pianificare adesso tutta la mia carriera, ma vorrei tornare perch\u00e9 l&#8217;ho lasciata a met\u00e0. Come hai detto tu, \u00e8 iniziata tutto benissimo: il gol (contro lo Young Boys, ndr) e la possibilit\u00e0 di giocare di pi\u00f9. Poi per vari motivi prima sono stato in prestito e poi venduto. Sicuramente non ho fatto come speravo per diversi motivi. Vorrei tornare per esultare sotto la Curva Sud davanti ai tifosi&#8221;.<\/p>\n<p><strong>Il prestito al Genoa? <\/strong>&#8220;Inizio i primi sei mesi con Mourinho, all&#8217;inizio va anche benino e gioco titolare fornendo qualche assist. Dopo il 6-1 contro il Bodo\/Glimt non ho pi\u00f9 giocato e io volevo avere pi\u00f9 spazio. Vado al Genoa, la situazione era complicata e ho fatto soltanto 3 presenze, di cui una da titolare. Ho fatto peggio di prima&#8230;&#8221;.<\/p>\n<p><strong>Ha avuto un momento in cui pensavi che non saresti diventato un campione? <\/strong>&#8220;S\u00ec. Dentro di me non mi sono mai rassegnato, ma l&#8217;idea era rimasta nella testa. In quel momento ero davvero gi\u00f9. La Roma vinse la Conference League e i ragazzi che giocarono al posto mio fecero molto bene, quindi non c&#8217;era pi\u00f9 spazio per me. Poi la Roma mi ha venduto al Basilea e all&#8217;inizio non ero contento, ma quando ho accettato il fatto di dover fare un passo indietro ho capito che sarebbe stato il posto giusto per me. Per un giovane era perfetto trovare continuit\u00e0 l\u00ec&#8221;.<\/p>\n<p class=\"is-copyright\">\u00a9 RIPRODUZIONE RISERVATA<\/p>\n","protected":false},"excerpt":{"rendered":"Le sue parole: &#8220;Vorrei tornare per esultare sotto la Curva Sud davanti ai tifosi&#8221; Riccardo Calafiori \u00e8 tornato&hellip;\n","protected":false},"author":3,"featured_media":377081,"comment_status":"","ping_status":"","sticky":false,"template":"","format":"standard","meta":{"footnotes":"","_share_on_mastodon":"0"},"categories":[1452],"tags":[66806,721,11507,81082,217391,111632,217392,217393,3085,1740,6298,1302,1537,90,89,1980,36379,217387,217388,987,1739,245,244,105,6035,1899,217389,5325,217390],"class_list":["post-377080","post","type-post","status-publish","format-standard","has-post-thumbnail","category-calcio","tag-calafiori","tag-calcio","tag-curva","tag-curva-sud","tag-curva-sud-tifosi","tag-esultare","tag-esultare-curva","tag-esultare-curva-sud","tag-europa","tag-football","tag-genoa","tag-inizio","tag-it","tag-italia","tag-italy","tag-league","tag-piacerebbe","tag-piacerebbe-tornare","tag-piacerebbe-tornare-roma","tag-roma","tag-soccer","tag-sport","tag-sports","tag-sud","tag-tifosi","tag-tornare","tag-tornare-roma","tag-vorrei","tag-vorrei-tornare"],"share_on_mastodon":{"url":"https:\/\/pubeurope.com\/@it\/116159785795202872","error":""},"_links":{"self":[{"href":"https:\/\/www.europesays.com\/it\/wp-json\/wp\/v2\/posts\/377080","targetHints":{"allow":["GET"]}}],"collection":[{"href":"https:\/\/www.europesays.com\/it\/wp-json\/wp\/v2\/posts"}],"about":[{"href":"https:\/\/www.europesays.com\/it\/wp-json\/wp\/v2\/types\/post"}],"author":[{"embeddable":true,"href":"https:\/\/www.europesays.com\/it\/wp-json\/wp\/v2\/users\/3"}],"replies":[{"embeddable":true,"href":"https:\/\/www.europesays.com\/it\/wp-json\/wp\/v2\/comments?post=377080"}],"version-history":[{"count":0,"href":"https:\/\/www.europesays.com\/it\/wp-json\/wp\/v2\/posts\/377080\/revisions"}],"wp:featuredmedia":[{"embeddable":true,"href":"https:\/\/www.europesays.com\/it\/wp-json\/wp\/v2\/media\/377081"}],"wp:attachment":[{"href":"https:\/\/www.europesays.com\/it\/wp-json\/wp\/v2\/media?parent=377080"}],"wp:term":[{"taxonomy":"category","embeddable":true,"href":"https:\/\/www.europesays.com\/it\/wp-json\/wp\/v2\/categories?post=377080"},{"taxonomy":"post_tag","embeddable":true,"href":"https:\/\/www.europesays.com\/it\/wp-json\/wp\/v2\/tags?post=377080"}],"curies":[{"name":"wp","href":"https:\/\/api.w.org\/{rel}","templated":true}]}}