{"id":377185,"date":"2026-03-02T14:40:12","date_gmt":"2026-03-02T14:40:12","guid":{"rendered":"https:\/\/www.europesays.com\/it\/377185\/"},"modified":"2026-03-02T14:40:12","modified_gmt":"2026-03-02T14:40:12","slug":"bonny-infortunio-le-condizioni-dellattaccante-dellinter","status":"publish","type":"post","link":"https:\/\/www.europesays.com\/it\/377185\/","title":{"rendered":"Bonny, infortunio: le condizioni dell&#8217;attaccante dell&#8217;Inter"},"content":{"rendered":"<p class=\"paragraph\" spellcheck=\"true\">Ange-Yoan <b>Bonny<\/b> si \u00e8 accasciato sul finire di Inter-Genoa e sulle sue condizioni di salute Cristian Chivu era sbottato nel turbolento dopo-partita: &#8220;Mi hanno detto che non ha niente di che ma non mi fido pi\u00f9&#8230;&#8221;. In effetti, il francese ha una <b>contrattura al polpaccio<\/b> che, per\u00f2, non preoccupa: ieri \u00e8 stato rivisto dallo staff medico ad Appiano, ma il consulto decisivo sar\u00e0 oggi. Di ritorno nel centro sportivo, si decider\u00e0 se fargli fare o meno degli esami. Di certo, non partir\u00e0 per Como, ma ci sono buone possibilit\u00e0 che ci sia per il derby.<\/p>\n","protected":false},"excerpt":{"rendered":"Ange-Yoan Bonny si \u00e8 accasciato sul finire di Inter-Genoa e sulle sue condizioni di salute Cristian Chivu era&hellip;\n","protected":false},"author":3,"featured_media":377186,"comment_status":"","ping_status":"","sticky":false,"template":"","format":"standard","meta":{"footnotes":"","_share_on_mastodon":"0"},"categories":[1452],"tags":[4346,721,3705,89260,217428,5187,1740,3368,1537,90,89,1739,245,244],"class_list":["post-377185","post","type-post","status-publish","format-standard","has-post-thumbnail","category-calcio","tag-bonny","tag-calcio","tag-como","tag-contrattura","tag-contrattura-polpaccio","tag-derby","tag-football","tag-francese","tag-it","tag-italia","tag-italy","tag-soccer","tag-sport","tag-sports"],"share_on_mastodon":{"url":"https:\/\/pubeurope.com\/@it\/116160104147704110","error":""},"_links":{"self":[{"href":"https:\/\/www.europesays.com\/it\/wp-json\/wp\/v2\/posts\/377185","targetHints":{"allow":["GET"]}}],"collection":[{"href":"https:\/\/www.europesays.com\/it\/wp-json\/wp\/v2\/posts"}],"about":[{"href":"https:\/\/www.europesays.com\/it\/wp-json\/wp\/v2\/types\/post"}],"author":[{"embeddable":true,"href":"https:\/\/www.europesays.com\/it\/wp-json\/wp\/v2\/users\/3"}],"replies":[{"embeddable":true,"href":"https:\/\/www.europesays.com\/it\/wp-json\/wp\/v2\/comments?post=377185"}],"version-history":[{"count":0,"href":"https:\/\/www.europesays.com\/it\/wp-json\/wp\/v2\/posts\/377185\/revisions"}],"wp:featuredmedia":[{"embeddable":true,"href":"https:\/\/www.europesays.com\/it\/wp-json\/wp\/v2\/media\/377186"}],"wp:attachment":[{"href":"https:\/\/www.europesays.com\/it\/wp-json\/wp\/v2\/media?parent=377185"}],"wp:term":[{"taxonomy":"category","embeddable":true,"href":"https:\/\/www.europesays.com\/it\/wp-json\/wp\/v2\/categories?post=377185"},{"taxonomy":"post_tag","embeddable":true,"href":"https:\/\/www.europesays.com\/it\/wp-json\/wp\/v2\/tags?post=377185"}],"curies":[{"name":"wp","href":"https:\/\/api.w.org\/{rel}","templated":true}]}}