{"id":377958,"date":"2026-03-03T02:33:12","date_gmt":"2026-03-03T02:33:12","guid":{"rendered":"https:\/\/www.europesays.com\/it\/377958\/"},"modified":"2026-03-03T02:33:12","modified_gmt":"2026-03-03T02:33:12","slug":"btp-valore-al-via-la-nuova-emissione","status":"publish","type":"post","link":"https:\/\/www.europesays.com\/it\/377958\/","title":{"rendered":"Btp Valore: al via la nuova emissione"},"content":{"rendered":"<p><img decoding=\"async\" class=\"img-responsive\" src=\"https:\/\/www.europesays.com\/it\/wp-content\/uploads\/2026\/03\/article_00361.jpg\" alt=\"\" width=\"600\"\/><\/p>\n<p>Roma, 2 marzo 2026 \u2013 Al via oggi e fino a\u00a0<strong>venerd\u00ec 6 marzo alle ore 13<\/strong>, salvo chiusura anticipata, la nuova emissione del\u00a0<strong>Btp Valore<\/strong>, il titolo di Stato riservato esclusivamente ai risparmiatori individuali (cosiddetti retail). Avr\u00e0 una durata di 6 anni, cedole trimestrali crescenti nel tempo, secondo un meccanismo &#8220;step-up&#8221; (2+2+2 anni), e un premio finale extra dello 0,8%.<br \/>La serie dei <strong>tassi cedolari minimi garantiti \u00e8:\u00a0<\/strong>1\u00b0-2\u00b0 anno<strong> 2,5%<\/strong>; 3\u00b0-4\u00b0 anno <strong>2,8%<\/strong>; 5\u00b0-6\u00b0 anno <strong>3,5%<\/strong>. Al termine del collocamento verranno annunciati i <strong>tassi cedolari definitivi che potranno essere confermati o rivisti al rialzo<\/strong>, in base alle condizioni di mercato del giorno di chiusura dell&#8217;emissione. Il codice Isin del titolo durante il periodo di collocamento \u00e8 <strong>IT0005696320<\/strong>.<\/p>\n<p>Potr\u00e0 essere acquistato facilmente dal risparmiatore attraverso il proprio\u00a0home banking, se abilitato alle funzioni di\u00a0trading online, o rivolgendosi alla banca o all\u2019ufficio postale presso cui si possiede un conto corrente e il conto deposito titoli. Il titolo sar\u00e0 collocato sulla piattaforma MOT di Borsa italiana alla pari (ovvero con prezzo uguale a 100), senza vincoli n\u00e9 commissioni. Prevista la consueta tassazione agevolata per tutti i titoli di Stato al 12,5% su cedole e premio finale extra, l\u2019esenzione dalle imposte di successione, nonch\u00e9 l\u2019esclusione dal calcolo ISEE fino a 50.000 euro investiti in titoli di Stato.<\/p>\n<p>L\u2019investimento minimo \u00e8 pari a 1.000 euro e non sar\u00e0 applicato alcun tetto massimo assicurando la completa soddisfazione degli ordini, salvo la facolt\u00e0 da parte del MEF di chiudere anticipatamente l\u2019emissione nelle modalit\u00e0 indicate nella <a title=\"Collegamento a sito esterno\" href=\"https:\/\/www.dt.mef.gov.it\/export\/sites\/sitodt\/modules\/documenti_it\/debito_pubblico\/comunicazioni_emissioni\/btp_valore_comunicazione_emissione\/BTP-Valore-10.03.2032-7-Scheda-Informativa.pdf\" target=\"_blank\" rel=\"noopener nofollow\" aria-label=\"scheda informativa - Collegamento a sito esterno - Apertura in nuova scheda\">scheda informativa<\/a>.<\/p>\n<p>\u00a0Per saperne di pi\u00f9<\/p>\n","protected":false},"excerpt":{"rendered":"Roma, 2 marzo 2026 \u2013 Al via oggi e fino a\u00a0venerd\u00ec 6 marzo alle ore 13, salvo chiusura&hellip;\n","protected":false},"author":3,"featured_media":377959,"comment_status":"","ping_status":"","sticky":false,"template":"","format":"standard","meta":{"footnotes":"","_share_on_mastodon":"0"},"categories":[172],"tags":[178,73254,177,1537,90,89],"class_list":["post-377958","post","type-post","status-publish","format-standard","has-post-thumbnail","category-affari","tag-affari","tag-btp-valore","tag-business","tag-it","tag-italia","tag-italy"],"share_on_mastodon":{"url":"https:\/\/pubeurope.com\/@it\/116162907700047340","error":""},"_links":{"self":[{"href":"https:\/\/www.europesays.com\/it\/wp-json\/wp\/v2\/posts\/377958","targetHints":{"allow":["GET"]}}],"collection":[{"href":"https:\/\/www.europesays.com\/it\/wp-json\/wp\/v2\/posts"}],"about":[{"href":"https:\/\/www.europesays.com\/it\/wp-json\/wp\/v2\/types\/post"}],"author":[{"embeddable":true,"href":"https:\/\/www.europesays.com\/it\/wp-json\/wp\/v2\/users\/3"}],"replies":[{"embeddable":true,"href":"https:\/\/www.europesays.com\/it\/wp-json\/wp\/v2\/comments?post=377958"}],"version-history":[{"count":0,"href":"https:\/\/www.europesays.com\/it\/wp-json\/wp\/v2\/posts\/377958\/revisions"}],"wp:featuredmedia":[{"embeddable":true,"href":"https:\/\/www.europesays.com\/it\/wp-json\/wp\/v2\/media\/377959"}],"wp:attachment":[{"href":"https:\/\/www.europesays.com\/it\/wp-json\/wp\/v2\/media?parent=377958"}],"wp:term":[{"taxonomy":"category","embeddable":true,"href":"https:\/\/www.europesays.com\/it\/wp-json\/wp\/v2\/categories?post=377958"},{"taxonomy":"post_tag","embeddable":true,"href":"https:\/\/www.europesays.com\/it\/wp-json\/wp\/v2\/tags?post=377958"}],"curies":[{"name":"wp","href":"https:\/\/api.w.org\/{rel}","templated":true}]}}