{"id":378059,"date":"2026-03-03T04:17:12","date_gmt":"2026-03-03T04:17:12","guid":{"rendered":"https:\/\/www.europesays.com\/it\/378059\/"},"modified":"2026-03-03T04:17:12","modified_gmt":"2026-03-03T04:17:12","slug":"lo-schianto-durante-il-trasporto-e-lincendio-dellauto-addio-alla-coppa-del-sei-nazioni","status":"publish","type":"post","link":"https:\/\/www.europesays.com\/it\/378059\/","title":{"rendered":"Lo schianto durante il trasporto e l&#8217;incendio dell&#8217;auto: addio alla coppa del Sei Nazioni"},"content":{"rendered":"<p dir=\"ltr\">La coppa che ogni anno viene assegnata ai vincitori del Sei Nazioni di rugby \u00e8 rimasta danneggiata in modo irreparabile a causa di un incendio che ha devastato l&#8217;auto a bordo della quale si trovava il trofeo <strong>durante il tragitto da Limerick a Dublino<\/strong>. Il trofeo ha subito troppe lesioni per poter pensare di riuscire a restaurarlo, ragion per cui gli organizzatori della competizione hanno annunciato che verr\u00e0 sostituito temporaneamente da una copia, prima che uno nuovo prenda il suo posto in modo definitivo.<\/p>\n<p dir=\"ltr\">Stando a quanto riferito dai responsabili di quello che ad oggi \u00e8 considerato il torneo per squadre nazionali di rugby a 15 pi\u00f9 importante d&#8217;Europa, i fatti si sono verificati due settimane fa. Come da tradizione, infatti, la coppa viene esibita a rotazione su uno dei campi in cui si gioca: in questo caso era il turno dell&#8217;Irlanda, e l&#8217;incidente si \u00e8 verificato proprio durante lo spostamento del trofeo verso la capitale.<\/p>\n<p dir=\"ltr\">Fortunatamente lo scontro non ha causato feriti, tuttavia l&#8217;impatto e il rogo che ha avviluppato l&#8217;auto sono stati forieri di danni ritenuti non riparabili anche dagli esperti di restauro a cui gli organizzatori del torneo del Sei Nazioni si sono rivolti. A partire dalla quarta giornata della competizione, pertanto, la coppa originale, alta 75 centimetri e creata nel 2015, sar\u00e0 sostituita da una copia identica. Il prossimo anno, invece, nascer\u00e0 un nuovo trofeo, che a quanto pare sarebbe stato gi\u00e0 commissionato.<\/p>\n<p dir=\"ltr\">&#8220;La nuova coppa verr\u00e0 ricreata con lo stesso design e con pezzi dell\u2019originale riutilizzabili, assicurando cos\u00ec il rispetto che si deve alla sua storia e alla storia del Torneo pi\u00f9 antico del mondo, che trova le sue radici addirittura nel 1883&#8221;, si legge nella nota ufficiale pubblicata dagli organizzatori. Serviranno circa <strong>365 ore in tutto per concludere il lavoro<\/strong>, ma tutto dovrebbe essere gi\u00e0 pronto per l&#8217;inaugurazione dell&#8217;edizione 2027.<\/p>\n<p dir=\"ltr\">Frattanto il torneo si avvia alla sua conclusione, dal momento che mancano solo 2 giornate: in testa c&#8217;\u00e8 la Francia a 15 punti, seguita dalla Scozia a 11 e dall&#8217;Irlanda a 9.<\/p>\n<p> Gli azzurri torneranno in campo a Roma sabato 7 marzo per sfidare la deludente Inghilterra: entrambe le nazionali sono a quota 5 e precedono il fanalino di coda Galles a 1 punto. Ultimo match contro il Galles a Cardiff il 14 marzo, con la certezza di aver evitato il &#8220;cucchiaio di legno&#8221;, assegnato a chi conclude la competizione senza riuscire a centrare neppure una vittoria.<\/p>\n","protected":false},"excerpt":{"rendered":"La coppa che ogni anno viene assegnata ai vincitori del Sei Nazioni di rugby \u00e8 rimasta danneggiata in&hellip;\n","protected":false},"author":3,"featured_media":378060,"comment_status":"","ping_status":"","sticky":false,"template":"","format":"standard","meta":{"footnotes":"","_share_on_mastodon":"0"},"categories":[176],"tags":[1537,90,89,205275,245,244],"class_list":["post-378059","post","type-post","status-publish","format-standard","has-post-thumbnail","category-sport","tag-it","tag-italia","tag-italy","tag-sei-nazioni","tag-sport","tag-sports"],"share_on_mastodon":{"url":"https:\/\/pubeurope.com\/@it\/116163316556473330","error":""},"_links":{"self":[{"href":"https:\/\/www.europesays.com\/it\/wp-json\/wp\/v2\/posts\/378059","targetHints":{"allow":["GET"]}}],"collection":[{"href":"https:\/\/www.europesays.com\/it\/wp-json\/wp\/v2\/posts"}],"about":[{"href":"https:\/\/www.europesays.com\/it\/wp-json\/wp\/v2\/types\/post"}],"author":[{"embeddable":true,"href":"https:\/\/www.europesays.com\/it\/wp-json\/wp\/v2\/users\/3"}],"replies":[{"embeddable":true,"href":"https:\/\/www.europesays.com\/it\/wp-json\/wp\/v2\/comments?post=378059"}],"version-history":[{"count":0,"href":"https:\/\/www.europesays.com\/it\/wp-json\/wp\/v2\/posts\/378059\/revisions"}],"wp:featuredmedia":[{"embeddable":true,"href":"https:\/\/www.europesays.com\/it\/wp-json\/wp\/v2\/media\/378060"}],"wp:attachment":[{"href":"https:\/\/www.europesays.com\/it\/wp-json\/wp\/v2\/media?parent=378059"}],"wp:term":[{"taxonomy":"category","embeddable":true,"href":"https:\/\/www.europesays.com\/it\/wp-json\/wp\/v2\/categories?post=378059"},{"taxonomy":"post_tag","embeddable":true,"href":"https:\/\/www.europesays.com\/it\/wp-json\/wp\/v2\/tags?post=378059"}],"curies":[{"name":"wp","href":"https:\/\/api.w.org\/{rel}","templated":true}]}}