{"id":378153,"date":"2026-03-03T06:03:27","date_gmt":"2026-03-03T06:03:27","guid":{"rendered":"https:\/\/www.europesays.com\/it\/378153\/"},"modified":"2026-03-03T06:03:27","modified_gmt":"2026-03-03T06:03:27","slug":"il-secondo-posto-a-sanremo-e-quasi-come-perdere-ai-rigori-ma-essere-qui-e-un-sogno-mi-sento-come-il-leicester-di-ranieri","status":"publish","type":"post","link":"https:\/\/www.europesays.com\/it\/378153\/","title":{"rendered":"\u00abIl secondo posto a Sanremo? \u00c8 quasi come perdere ai rigori. Ma essere qui \u00e8 un sogno, mi sento come il Leicester di Ranieri\u00bb"},"content":{"rendered":"<p>&#13;<br \/>\n                               &#13;<br \/>\n                                                &#13;<br \/>\n                &#13;<\/p>\n<p><strong><a href=\"https:\/\/www.leggo.it\/t\/sayf\" rel=\"nofollow noopener\" target=\"_blank\">Sayf<\/a><\/strong>, arrivato secondo al <strong><a href=\"https:\/\/www.leggo.it\/t\/festival-di-sanremo-2026\" rel=\"nofollow noopener\" target=\"_blank\">Festival di Sanremo 2026<\/a><\/strong>, esprime la sua soddisfazione in conferenza stampa. \u00abSono molto contento. Ovviamente uno parte senza sperare niente,<strong> quando arrivi l\u00ec ci speri, quindi \u00e8 quasi come perdere ai rigori<\/strong>\u00bb, ammette con un sorriso. Il cantante, pur riconoscendo la vittoria di <strong><a href=\"https:\/\/www.leggo.it\/t\/sal-da-vinci\" rel=\"nofollow noopener\" target=\"_blank\">Sal Da Vinci<\/a><\/strong>, commenta: \u00ab<strong>La canzone di Sal mi piace tanto, quindi sono contento<\/strong>\u00bb.<\/p>\n<p>&#13;<br \/>\n&#13;<br \/>\n&#13;<br \/>\n&#13;<br \/>\n&#13;<br \/>\n&#13;<\/p>\n<p>\u00a0<\/p>\n<p>&#13;<br \/>\n&#13;<br \/>\n&#13;<br \/>\n&#13;<\/p>\n<p>Sayf riflette anche sul suo percorso e sul successo ottenuto: \u00ab\u00c8 una grandissima vittoria e un sogno gi\u00e0 essere qui. Anche nella mia squadra c&#8217;\u00e8 gente che magari non faceva questo mestiere, quindi mi sento un po&#8217; come se avessi fatto un nuovo Leicester\u00bb, dice facendo riferimento alla sorprendente vittoria della squadra di calcio inglese nel 2016 sotto la guida di <strong><a href=\"https:\/\/www.leggo.it\/t\/claudio-ranieri\" rel=\"nofollow noopener\" target=\"_blank\">Claudio Ranieri<\/a><\/strong>.<\/p>\n<p>                                &#13;<br \/>\n                &#13;<br \/>\n&#13;<br \/>\n                Ultimo aggiornamento: domenica 1 marzo 2026, 18:36&#13;<br \/>\n                <br \/>&#13;<br \/>\n                &#13;<br \/>\n                  &#13;<br \/>\n                    &#13;<br \/>\n                        \u00a9 RIPRODUZIONE RISERVATA&#13;<\/p>\n<p>&#13;<\/p>\n<p>                    &#13;<\/p>\n","protected":false},"excerpt":{"rendered":"&#13; &#13; &#13; &#13; Sayf, arrivato secondo al Festival di Sanremo 2026, esprime la sua soddisfazione in conferenza&hellip;\n","protected":false},"author":3,"featured_media":378154,"comment_status":"","ping_status":"","sticky":false,"template":"","format":"standard","meta":{"footnotes":"","_share_on_mastodon":"0"},"categories":[1443],"tags":[203,17090,18115,204,1537,90,89,1538,1539,60568,9143,61940],"class_list":["post-378153","post","type-post","status-publish","format-standard","has-post-thumbnail","category-musica","tag-entertainment","tag-festival-di-sanremo","tag-festival-di-sanremo-2026","tag-intrattenimento","tag-it","tag-italia","tag-italy","tag-music","tag-musica","tag-sal-da-vinci","tag-sanremo","tag-sayf"],"share_on_mastodon":{"url":"https:\/\/pubeurope.com\/@it\/116163733248260263","error":""},"_links":{"self":[{"href":"https:\/\/www.europesays.com\/it\/wp-json\/wp\/v2\/posts\/378153","targetHints":{"allow":["GET"]}}],"collection":[{"href":"https:\/\/www.europesays.com\/it\/wp-json\/wp\/v2\/posts"}],"about":[{"href":"https:\/\/www.europesays.com\/it\/wp-json\/wp\/v2\/types\/post"}],"author":[{"embeddable":true,"href":"https:\/\/www.europesays.com\/it\/wp-json\/wp\/v2\/users\/3"}],"replies":[{"embeddable":true,"href":"https:\/\/www.europesays.com\/it\/wp-json\/wp\/v2\/comments?post=378153"}],"version-history":[{"count":0,"href":"https:\/\/www.europesays.com\/it\/wp-json\/wp\/v2\/posts\/378153\/revisions"}],"wp:featuredmedia":[{"embeddable":true,"href":"https:\/\/www.europesays.com\/it\/wp-json\/wp\/v2\/media\/378154"}],"wp:attachment":[{"href":"https:\/\/www.europesays.com\/it\/wp-json\/wp\/v2\/media?parent=378153"}],"wp:term":[{"taxonomy":"category","embeddable":true,"href":"https:\/\/www.europesays.com\/it\/wp-json\/wp\/v2\/categories?post=378153"},{"taxonomy":"post_tag","embeddable":true,"href":"https:\/\/www.europesays.com\/it\/wp-json\/wp\/v2\/tags?post=378153"}],"curies":[{"name":"wp","href":"https:\/\/api.w.org\/{rel}","templated":true}]}}