{"id":378778,"date":"2026-03-03T15:08:17","date_gmt":"2026-03-03T15:08:17","guid":{"rendered":"https:\/\/www.europesays.com\/it\/378778\/"},"modified":"2026-03-03T15:08:17","modified_gmt":"2026-03-03T15:08:17","slug":"oggi-altri-annunci-apple-ecco-cosa-potrebbe-arrivare","status":"publish","type":"post","link":"https:\/\/www.europesays.com\/it\/378778\/","title":{"rendered":"Oggi altri annunci Apple, ecco cosa potrebbe arrivare"},"content":{"rendered":"<p>Con l\u2019annuncio di ieri luned\u00ec 2 marzo, con <a href=\"https:\/\/www.macitynet.it\/ipad-air-m4-2026\/\" rel=\"nofollow noopener\" target=\"_blank\"><strong>iPad Air M4<\/strong><\/a> e <a href=\"https:\/\/www.macitynet.it\/iphone-17e-ufficiale\/\" rel=\"nofollow noopener\" target=\"_blank\"><strong>iPhone 17e<\/strong><\/a>, la <a href=\"https:\/\/www.macitynet.it\/ettimana-speciale-di-apple-4-marzo\/\" rel=\"nofollow noopener\" target=\"_blank\">settimana Apple<\/a> non \u00e8 certo finita. La giornata di oggi, marted\u00ec 3 marzo rappresenta <strong>il secondo capitolo di una sequenza di aggiornamenti<\/strong> che, secondo le indiscrezioni circolate nelle settimane precedenti proseguir\u00e0 fino a mercoled\u00ec quando si terr\u00e0 <a href=\"https:\/\/www.macitynet.it\/evento-speciale-a-new-york-2026\/\" rel=\"nofollow noopener\" target=\"_blank\">la Special Apple Experience<\/a>, il giorno delle demo con i prodotti che saranno stati presentati in questo scorcio iniziale di marzo.<\/p>\n<p><strong>MacBook Pro con M5<\/strong><\/p>\n<p>Il primo candidato ad apparire nella pagine con le press release di Apple, \u00e8 il <a href=\"https:\/\/www.macitynet.it\/macbook-pro-m5-pro-e-max\/\" rel=\"nofollow noopener\" target=\"_blank\"><strong>MacBook Pro con chip M5<\/strong><\/a>, nelle varianti Pro e Max. Si tratterebbe di un aggiornamento focalizzato sulle prestazioni, con un salto generazionale che dovrebbe rafforzare ulteriormente la leadership della gamma professionale in ambito creativo e produttivo. Attese migliorie in <strong>CPU, GPU e Neural Engine<\/strong>, con un\u2019attenzione particolare ai carichi AI, al rendering avanzato e alla gestione di flussi di lavoro complessi, mantenendo design e form factor attuali.<\/p>\n<p><strong>MacBook Air M5<\/strong><\/p>\n<p>Accanto a lui potrebbe arrivare il <strong>MacBook Air M5<\/strong>, aggiornamento naturale di una linea che negli ultimi anni ha rappresentato l\u2019equilibrio tra portabilit\u00e0 e potenza. Anche qui nessuna novit\u00e0 di sostanza, ma il passaggio a M5 dovrebbe tradursi in <strong>maggiore efficienza energetica<\/strong>, prestazioni migliorate nel multitasking e una gestione pi\u00f9 efficiente delle funzioni legate ad <strong>Apple Intelligence<\/strong>.<\/p>\n<p><a href=\"https:\/\/www.europesays.com\/it\/wp-content\/uploads\/2026\/03\/macbook-air-m4-celeste.jpg\"><img fetchpriority=\"high\" decoding=\"async\" class=\"size-full wp-image-1397260\" title=\"MacBook Air M4 offre di pi\u00f9 e costa meno nelle prime recensioni - macitynet.it\" src=\"https:\/\/www.europesays.com\/it\/wp-content\/uploads\/2026\/03\/macbook-air-m4-celeste.jpg\" alt=\"MacBook Air M4 offre di pi\u00f9 e costa meno nelle prime recensioni - macitynet.it\" width=\"1200\" height=\"821\"  \/><\/a>MacBook Air M4 offre di pi\u00f9 e costa meno nelle prime recensioni<br \/>\n<strong>iPad base con processore A18<\/strong><\/p>\n<p>Resta ancora da vedere il <strong>nuovo iPad con chip A18<\/strong>, che andrebbe a sostituire l\u2019attuale generazione puntando su un salto significativo rispetto ai chip precedenti. L\u2019A18, gi\u00e0 visto su iPhone 16e, garantirebbe non solo <strong>pi\u00f9 margine nelle attivit\u00e0 quotidiane<\/strong>, ma sopratutto il supporto alle funzioni AI oggi assente e una maggiore longevit\u00e0 software. Anche per iPad non \u00e8 attesa alcuna novit\u00e0 di design, forse solo i colori potrebbero cambiare.<\/p>\n<p><strong>MacBook low cost<\/strong><\/p>\n<p>Infine, uno dei prodotti pi\u00f9 attesi e discussi: <a href=\"https:\/\/www.macitynet.it\/macbook-a-basso-costo-quando-arriva-come-sara\/\" rel=\"nofollow noopener\" target=\"_blank\">il <strong>MacBook low cost<\/strong><\/a>. Secondo le anticipazioni, potrebbe basarsi su un chip della serie A, con particolare riferimento ad <strong>A18 Pro<\/strong>, soluzione che permetterebbe ad Apple di contenere i costi pur mantenendo prestazioni adeguate per navigazione, produttivit\u00e0 personale, streaming e attivit\u00e0 scolastiche. Si tratterebbe di una macchina limitata per molti aspetti ma con dotazione hardware sufficiente ad ampliare la base utenti Mac, con un posizionamento di specifiche ideali per il mondo education e a chi cerca un primo portatile Apple a prezzo pi\u00f9 accessibile.<\/p>\n<p><a href=\"https:\/\/www.europesays.com\/it\/wp-content\/uploads\/2026\/02\/ipotesimacbook.jpg\"><img loading=\"lazy\" decoding=\"async\" class=\"alignnone size-full wp-image-1457332\" title=\"Ulteriori conferme di prodotti Apple in arrivo nel codice dell\u2019aggiornamento a macOS 26.3 - macitynet.it\" src=\"https:\/\/www.europesays.com\/it\/wp-content\/uploads\/2026\/02\/ipotesimacbook.jpg\" alt=\"Ulteriori conferme di prodotti Apple in arrivo nel codice dell\u2019aggiornamento a macOS 26.3 - macitynet.it\" width=\"1200\" height=\"826\"  \/><\/a><\/p>\n<p><strong>Che succede oggi, che succeder\u00e0 domani<\/strong><\/p>\n<p>Se luned\u00ec ha segnato l\u2019avvio della settimana con due annunci \u00e8 plausibile che Apple anche oggi presenti me abbia altri due. Dal punto di vista logico, Apple potrebbe dedicare la giornata ai portatili tradizionali: MacBook Pro e MacBook Air, lasciando\u00a0 <strong>il prodotto pi\u00f9 originale e strategico per mercoled\u00ec<\/strong>, quando \u00e8 in programma la <strong>Special Apple Experience<\/strong>. Un momento che, per natura e contesto, si presta a <strong>dare visibilit\u00e0 all\u2019annuncio pi\u00f9 simbolico della tornata primaverile.\u00a0<\/strong><\/p>\n<p>Accanto al MacBook low cost potrebbe essere razionalmente <strong>collocato l\u2019iPad A18.<\/strong> In questo modo il mercoled\u00ec potrebbe diventare il momento in cui Apple introduce al mondo la sua offerta entry level, adatta anche al mondo della scuola.<\/p>\n<p>Tutti i prodotti potrebbero essere ordinabili, come quelli di ieri, il 4 marzo con disponibilit\u00e0 l\u201911 anche se la novit\u00e0 pi\u00f9 radicale, il MacBook low cost potrebbe anche scivolare pi\u00f9 in l\u00e0 nella sua reale disponibilit\u00e0 commerciale.<\/p>\n","protected":false},"excerpt":{"rendered":"Con l\u2019annuncio di ieri luned\u00ec 2 marzo, con iPad Air M4 e iPhone 17e, la settimana Apple non&hellip;\n","protected":false},"author":3,"featured_media":378779,"comment_status":"","ping_status":"","sticky":false,"template":"","format":"standard","meta":{"footnotes":"","_share_on_mastodon":"0"},"categories":[173],"tags":[1537,90,89,103056,218164,195,198,199,197,200,201,194,196],"class_list":["post-378778","post","type-post","status-publish","format-standard","has-post-thumbnail","category-scienza-e-tecnologia","tag-it","tag-italia","tag-italy","tag-macbook-pro","tag-macboook","tag-science","tag-science-and-technology","tag-scienceandtechnology","tag-scienza","tag-scienza-e-tecnologia","tag-scienzaetecnologia","tag-technology","tag-tecnologia"],"share_on_mastodon":{"url":"https:\/\/pubeurope.com\/@it\/116165876688627877","error":""},"_links":{"self":[{"href":"https:\/\/www.europesays.com\/it\/wp-json\/wp\/v2\/posts\/378778","targetHints":{"allow":["GET"]}}],"collection":[{"href":"https:\/\/www.europesays.com\/it\/wp-json\/wp\/v2\/posts"}],"about":[{"href":"https:\/\/www.europesays.com\/it\/wp-json\/wp\/v2\/types\/post"}],"author":[{"embeddable":true,"href":"https:\/\/www.europesays.com\/it\/wp-json\/wp\/v2\/users\/3"}],"replies":[{"embeddable":true,"href":"https:\/\/www.europesays.com\/it\/wp-json\/wp\/v2\/comments?post=378778"}],"version-history":[{"count":0,"href":"https:\/\/www.europesays.com\/it\/wp-json\/wp\/v2\/posts\/378778\/revisions"}],"wp:featuredmedia":[{"embeddable":true,"href":"https:\/\/www.europesays.com\/it\/wp-json\/wp\/v2\/media\/378779"}],"wp:attachment":[{"href":"https:\/\/www.europesays.com\/it\/wp-json\/wp\/v2\/media?parent=378778"}],"wp:term":[{"taxonomy":"category","embeddable":true,"href":"https:\/\/www.europesays.com\/it\/wp-json\/wp\/v2\/categories?post=378778"},{"taxonomy":"post_tag","embeddable":true,"href":"https:\/\/www.europesays.com\/it\/wp-json\/wp\/v2\/tags?post=378778"}],"curies":[{"name":"wp","href":"https:\/\/api.w.org\/{rel}","templated":true}]}}