{"id":379254,"date":"2026-03-03T22:07:18","date_gmt":"2026-03-03T22:07:18","guid":{"rendered":"https:\/\/www.europesays.com\/it\/379254\/"},"modified":"2026-03-03T22:07:18","modified_gmt":"2026-03-03T22:07:18","slug":"colnago-in-arrivo-la-v5rs-la-y1rs-dark-series-kit","status":"publish","type":"post","link":"https:\/\/www.europesays.com\/it\/379254\/","title":{"rendered":"COLNAGO. IN ARRIVO LA V5Rs &#038; LA Y1Rs DARK SERIES KIT"},"content":{"rendered":"<p>            <a class=\"category\" href=\"https:\/\/www.tuttobiciweb.it\/articles\/category\/BICICLETTE\" itemprop=\"about\" rel=\"nofollow noopener\" target=\"_blank\">BICICLETTE<\/a> | 03\/03\/2026 | 10:10<\/p>\n<p style=\"color: #000000; font-family: Verdana, Arial, Helvetica, sans-serif; font-size: 14px; font-style: normal; font-variant-ligatures: normal; font-variant-caps: normal; font-weight: 400; letter-spacing: normal; orphans: 2; text-align: start; text-indent: 0px; text-transform: none; widows: 2; word-spacing: 0px; -webkit-text-stroke-width: 0px; white-space: normal; text-decoration-thickness: initial; text-decoration-style: initial; text-decoration-color: initial;\"><strong>La Colnago presenta due nuove livree in produzione limitata per i modelli V5Rs e Y1Rs<\/strong>. Si tratta della\u00a0<strong>colorazione Dark<\/strong>, progettata per mettere in risalto la trama della fibra di carbonio. Con il suo carattere audace e ispirato al mondo racing, questa livrea \u00e8 resa ancora pi\u00f9 accattivante dai dettagli cromati in tonalit\u00e0 titanio, tra cui la scritta Colnago sul tubo obliquo e l&#8217;emblema dell&#8217;asso di fiori sulla parte anteriore.\n            <\/p>\n<p>per proseguire nella lettura vai su <a href=\"https:\/\/www.tuttobicitech.it\/article\/2026\/03\/03\/1772534500\/colnago-ciclismo-v5rs-y1rs-edizione-limitata\" target=\"_blank\" rel=\"noopener nofollow\">tuttobicitech.it<\/a>\n            <\/p>\n<p><a href=\"https:\/\/www.tuttobiciweb.it\/article\/2026\/03\/03\/1772532888\/colnago-cycling-v5rs-y1rs-limited-edition?lang=en\" rel=\"nofollow noopener\" target=\"_blank\"><img decoding=\"async\" src=\"https:\/\/www.europesays.com\/it\/wp-content\/uploads\/2025\/12\/enver.png\"\/><\/a><\/p>\n<p>Copyright &amp;copy TBW<\/p>\n","protected":false},"excerpt":{"rendered":"BICICLETTE | 03\/03\/2026 | 10:10 La Colnago presenta due nuove livree in produzione limitata per i modelli V5Rs&hellip;\n","protected":false},"author":3,"featured_media":379255,"comment_status":"","ping_status":"","sticky":false,"template":"","format":"standard","meta":{"footnotes":"","_share_on_mastodon":"0"},"categories":[1456],"tags":[1824,15040,1825,120374,1537,90,89,245,244,218374,113721],"class_list":["post-379254","post","type-post","status-publish","format-standard","has-post-thumbnail","category-ciclismo","tag-ciclismo","tag-colnago","tag-cycling","tag-edizione-limitata","tag-it","tag-italia","tag-italy","tag-sport","tag-sports","tag-v5rs","tag-y1rs"],"share_on_mastodon":{"url":"https:\/\/pubeurope.com\/@it\/116167524123242606","error":""},"_links":{"self":[{"href":"https:\/\/www.europesays.com\/it\/wp-json\/wp\/v2\/posts\/379254","targetHints":{"allow":["GET"]}}],"collection":[{"href":"https:\/\/www.europesays.com\/it\/wp-json\/wp\/v2\/posts"}],"about":[{"href":"https:\/\/www.europesays.com\/it\/wp-json\/wp\/v2\/types\/post"}],"author":[{"embeddable":true,"href":"https:\/\/www.europesays.com\/it\/wp-json\/wp\/v2\/users\/3"}],"replies":[{"embeddable":true,"href":"https:\/\/www.europesays.com\/it\/wp-json\/wp\/v2\/comments?post=379254"}],"version-history":[{"count":0,"href":"https:\/\/www.europesays.com\/it\/wp-json\/wp\/v2\/posts\/379254\/revisions"}],"wp:featuredmedia":[{"embeddable":true,"href":"https:\/\/www.europesays.com\/it\/wp-json\/wp\/v2\/media\/379255"}],"wp:attachment":[{"href":"https:\/\/www.europesays.com\/it\/wp-json\/wp\/v2\/media?parent=379254"}],"wp:term":[{"taxonomy":"category","embeddable":true,"href":"https:\/\/www.europesays.com\/it\/wp-json\/wp\/v2\/categories?post=379254"},{"taxonomy":"post_tag","embeddable":true,"href":"https:\/\/www.europesays.com\/it\/wp-json\/wp\/v2\/tags?post=379254"}],"curies":[{"name":"wp","href":"https:\/\/api.w.org\/{rel}","templated":true}]}}