{"id":380090,"date":"2026-03-04T12:35:14","date_gmt":"2026-03-04T12:35:14","guid":{"rendered":"https:\/\/www.europesays.com\/it\/380090\/"},"modified":"2026-03-04T12:35:14","modified_gmt":"2026-03-04T12:35:14","slug":"anche-nei-momenti-difficili-fiducia-a-priftis-prima-di-tutto","status":"publish","type":"post","link":"https:\/\/www.europesays.com\/it\/380090\/","title":{"rendered":"Anche nei momenti difficili, fiducia a Priftis prima di tutto"},"content":{"rendered":"<p>            <a href=\"https:\/\/www.backdoorpodcast.com\/wp-content\/uploads\/2025\/11\/IMG_1175-scaled.jpg\" data-caption=\"Dimitris Priftis, head coach (UNA Hotels Reggio Emilia) &amp; Lorenzo Uglietti (UNA Hotels Reggio Emilia)\" rel=\"nofollow noopener\" target=\"_blank\"><img loading=\"lazy\" decoding=\"async\" width=\"696\" height=\"464\" class=\"entry-thumb td-modal-image\" src=\"https:\/\/www.europesays.com\/it\/wp-content\/uploads\/2026\/03\/IMG_1175-scaled-696x464.jpg\"   alt=\"\" title=\"IMG_1175\"\/><\/a>Dimitris Priftis, head coach (UNA Hotels Reggio Emilia) &amp; Lorenzo Uglietti (UNA Hotels Reggio Emilia)<\/p>\n<p>&#13;<br \/>\n&#13;<br \/>\n&lt;! &#8212; mobile Banner Top mobile 300&#215;250\/336&#215;280   &#8211;&gt;&#13;<\/p>\n<p>\u00abI playoff sono possibili\u00bb. Graziano Sassi, socio biancorosso della Una Hotels Reggio Emilia, non ha dubbi e lo dice chiaramente: anche nei momenti pi\u00f9 difficili della stagione, la societ\u00e0 non ha mai perso la bussola.<\/p>\n<p>&#13;<br \/>\n&#13;<br \/>\n&lt;! &#8212; mobile Banner Banner Middle mobile 300&#215;250\/300&#215;600   &#8211;&gt;&#13;<\/p>\n<p>\u00abNon penso siano stati fatti grossi drammi dalla societ\u00e0 durante quel periodo poco brillante avuto dalla squadra\u00bb, ha spiegato Sassi. \u00abL\u2019ambiente \u00e8 rimasto positivo e abbiamo cercato di muoverci tutti in sinergia, valutando con il giusto equilibrio priorit\u00e0 e necessit\u00e0, ponderando le scelte\u00bb.<\/p>\n<p>Sul tema di un possibile cambio di guida tecnica, la posizione \u00e8 netta: <strong>la societ\u00e0 ha scelto di confermare Dimitris Priftis<\/strong>, mettendo la fiducia nel progetto tecnico. \u00abAlcuni alludevano a un cambio di guida tecnica, ma la societ\u00e0 si \u00e8 mossa diversamente, mettendo la fiducia al primo posto. Una scelta precisa, che ha ribadito la centralit\u00e0 del progetto tecnico\u00bb, ha chiarito Sassi.<\/p>\n<p>Priftis e il mercato di gennaio<\/p>\n<p>Nel frattempo il roster \u00e8 stato ritoccato con l\u2019inserimento di alcune pedine nuove, per dare al coach un gruppo pi\u00f9 completo e competitivo, capace anche di sopperire agli infortuni e garantire rotazioni pi\u00f9 ampie.<\/p>\n<blockquote>\n<p>\u00abSi sono inserite nel gruppo squadra alcune pedine nuove, per dare al coach un roster pi\u00f9 completo e competitivo e per sopperire ad alcuni infortuni occorsi a giocatori importanti nelle rotazioni della squadra. Innesti mirati, dunque, per garantire profondit\u00e0 e nuove energie\u00bb.<\/p>\n<\/blockquote>\n<p>Il <strong>giudizio su Priftis<\/strong> resta positivo: \u00ab\u00c8 una figura apprezzata ed \u00e8 un riferimento, oltre ad essere un bravo allenatore a mio parere. Un coach con una certa credibilit\u00e0, lo dimostrano i risultati ottenuti l\u2019anno scorso\u00bb. Anche l\u2019ambiente, sottolinea Sassi, ha risposto bene agli innesti in corsa, con un valore motivazionale aggiunto al gruppo.<\/p>\n<p>\u00abReggio merita una posizione stabile in Serie A\u00bb<\/p>\n<p>Sui playoff, Sassi non si nasconde: \u00abCerto che s\u00ec\u00bb, risponde senza esitazioni. E allarga lo sguardo alla piazza: \u00abPersonalmente credo che Reggio meriti una posizione stabile tra le societ\u00e0 di Serie A della pallacanestro italiana. \u00c8 una piazza ambiziosa, che ha visto passare figure importanti di questo sport\u00bb.<\/p>\n<blockquote>\n<p>\u00abNoi supportiamo, con il nostro impegno, la pallacanestro a Reggio Emilia, e lo facciamo esclusivamente per restituire alla citt\u00e0 e ai tifosi un momento di gioia e passione per uno sport che in citt\u00e0 \u00e8 seguito da tanti supporters. In questa epoca dove nel mondo le notizie non sempre sono felici, penso sia significativo\u00bb.<\/p>\n<\/blockquote>\n<p>Pubblicit\u00e0&lt;! &#8212; Banner mobile 300&#215;250\/300&#215;600  &#8211;&gt;&#13;<br \/>\n&#13;<br \/>\n&#13;<br \/>\n&#13;<br \/>\n&lt;! &#8212; Banner Native   &#8211;&gt;&#13;<br \/>\n&#13;<br \/>\n&#13;<br \/>\n&lt;! &#8212; Banner mobile   &#8211;&gt;&#13;<\/p>\n","protected":false},"excerpt":{"rendered":"Dimitris Priftis, head coach (UNA Hotels Reggio Emilia) &amp; Lorenzo Uglietti (UNA Hotels Reggio Emilia) &#13; &#13; &lt;!&hellip;\n","protected":false},"author":3,"featured_media":380091,"comment_status":"","ping_status":"","sticky":false,"template":"","format":"standard","meta":{"footnotes":"","_share_on_mastodon":"0"},"categories":[1453],"tags":[1756,1757,126954,218942,1537,90,89,22326,245,244],"class_list":["post-380090","post","type-post","status-publish","format-standard","has-post-thumbnail","category-basket","tag-basket","tag-basketball","tag-dimitris-priftis","tag-graziano-sassi","tag-it","tag-italia","tag-italy","tag-reggio-emilia","tag-sport","tag-sports"],"share_on_mastodon":{"url":"https:\/\/pubeurope.com\/@it\/116170937327987191","error":""},"_links":{"self":[{"href":"https:\/\/www.europesays.com\/it\/wp-json\/wp\/v2\/posts\/380090","targetHints":{"allow":["GET"]}}],"collection":[{"href":"https:\/\/www.europesays.com\/it\/wp-json\/wp\/v2\/posts"}],"about":[{"href":"https:\/\/www.europesays.com\/it\/wp-json\/wp\/v2\/types\/post"}],"author":[{"embeddable":true,"href":"https:\/\/www.europesays.com\/it\/wp-json\/wp\/v2\/users\/3"}],"replies":[{"embeddable":true,"href":"https:\/\/www.europesays.com\/it\/wp-json\/wp\/v2\/comments?post=380090"}],"version-history":[{"count":0,"href":"https:\/\/www.europesays.com\/it\/wp-json\/wp\/v2\/posts\/380090\/revisions"}],"wp:featuredmedia":[{"embeddable":true,"href":"https:\/\/www.europesays.com\/it\/wp-json\/wp\/v2\/media\/380091"}],"wp:attachment":[{"href":"https:\/\/www.europesays.com\/it\/wp-json\/wp\/v2\/media?parent=380090"}],"wp:term":[{"taxonomy":"category","embeddable":true,"href":"https:\/\/www.europesays.com\/it\/wp-json\/wp\/v2\/categories?post=380090"},{"taxonomy":"post_tag","embeddable":true,"href":"https:\/\/www.europesays.com\/it\/wp-json\/wp\/v2\/tags?post=380090"}],"curies":[{"name":"wp","href":"https:\/\/api.w.org\/{rel}","templated":true}]}}