{"id":380153,"date":"2026-03-04T13:25:15","date_gmt":"2026-03-04T13:25:15","guid":{"rendered":"https:\/\/www.europesays.com\/it\/380153\/"},"modified":"2026-03-04T13:25:15","modified_gmt":"2026-03-04T13:25:15","slug":"binaghi-grazie-ai-prezzi-alti-dei-biglietti-portiamo-il-tennis-a-tutti","status":"publish","type":"post","link":"https:\/\/www.europesays.com\/it\/380153\/","title":{"rendered":"Binaghi: &#8220;Grazie ai prezzi alti dei biglietti portiamo il tennis a tutti&#8221;"},"content":{"rendered":"<p>                                Il presidente della Fitp al Forum Ambrosetti: &#8220;Questa configurazione cos\u00ec elitaria permette di far diventare il nostro sport sempre pi\u00f9 popolare. Lo facciamo vedere in chiaro su Supertennis e lo abbiamo portato nelle cassi di tutta Italia. Il calcio? Siamo sempre pi\u00f9 vicini, puntiamo al sorpasso&#8221;<\/p>\n<p>            <a class=\"image is-50x50\" href=\"https:\/\/www.gazzetta.it\/redazione\/elisabetta-esposito\/\" rel=\"nofollow noopener\" target=\"_blank\"><br \/>\n                <img decoding=\"async\" class=\"is-rounded\" src=\"https:\/\/www.europesays.com\/it\/wp-content\/uploads\/2025\/11\/elisabetta_esposito_avatar.png\" alt=\"Elisabetta Esposito\"\/><br \/>\n            <\/a><\/p>\n<p>Giornalista<\/p>\n<p>                    4 marzo &#8211; 12:47  &#8211; ROMA<\/p>\n<p class=\"paragraph\" spellcheck=\"true\">Diretto come nessuno mai. Ma se si ha la pazienza di ascoltare con attenzione il presidente della Fitp Angelo Binaghi, andando oltre certe parole che in questo mondo di perbenisti rischiano di risultare poco politically correct, si intercetta una visione chiara e assolutamente apprezzabile del presente e del futuro del tennis. Al convegno &#8220;Forum Osservatorio Valore Sport&#8221;, organizzato da The European House &#8211; Ambrosetti al Salone d&#8217;Onore del Coni, Binaghi \u00e8 seduto accanto al presidente della Lega Serie A Ezio Simonelli.\u00a0<\/p>\n<p>    gli &#8220;altospendenti&#8221;\u2014 \u00a0<\/p>\n<p class=\"paragraph\" spellcheck=\"true\">E il suo discorso parte proprio dal confronto con il mondo del pallone&#8230; &#8220;Il calcio ha oltre 21 milioni di appassionati, il tennis \u00e8 in continua crescita e ne ha ora qualcosa in pi\u00f9 di 19 milioni. Significa che, per quanto il calcio sia lo sport pi\u00f9 seguito in Italia, le due grandezze iniziano ad essere paragonabili ed \u00e8 chiaro che puntiamo al sorpasso, avete mai sentito qualcuno che punta alla retrocessione? Ma a differenza del calcio, che ha impianti enormi ed eventi distribuiti su quasi tutto l&#8217;anno, noi dobbiamo scegliere la tipologia di utente che pu\u00f2 entrare a vedere i grandi match di tennis. Come? Alzando il prezzo del biglietto, il pubblico \u00e8 diventato anche pi\u00f9 educato ed \u00e8 meno turbolento lo sviluppo del gioco&#8221;. E qui il politicamente corretto ha un sussulto. Ma vale la pena andare avanti. &#8220;Questa configurazione cos\u00ec elitaria permette di far diventare il tennis sempre pi\u00f9 popolare. Non conta solo vedere Sinner al Foro, ma conta anche la promozione, la conoscenza dello sport e la pratica. Con gli &#8216;altospendenti&#8217; riusciamo a dare il tennis in chiaro a tutti gli italiani, ogni giorno dell&#8217;anno con il nostro canale Supertennis. E poi c&#8217;\u00e8 il progetto Racchette in classe, che nel 2024 ci ha permesso di insegnare il tennis a 813.000 bambini&#8221;. Una specie di Robin Hood del tennis, insomma.<\/p>\n<p><a class=\"is-partner-link\" href=\"https:\/\/ad.doubleclick.net\/ddm\/trackclk\/N1792338.340088CAIRORCSMEDIAS.P.\/B35025367.439884924;dc_trk_aid=632943189;dc_trk_cid=249314339;dc_dbm_token=%24%7bDC_DBM_TOKEN%7d;dc_lat=;dc_rdid=;tag_for_child_directed_treatment=;tfua=;gdpr=%24%7bGDPR%7d;gdpr_consent=%24%7bGDPR_CONSENT_755%7d;ltd=;dc_tdv=1\" rel=\"nofollow noopener\" target=\"_blank\">Guarda il Master 1000 di Indian Wells dal 4 al 15 marzo in esclusiva streaming su NOW! Attiva il Pass Sport da 19,99\u20ac al mese<\/a><\/p>\n<p>    domanda in crescita\u2014 \u00a0<\/p>\n<p class=\"paragraph\" spellcheck=\"true\">Il presidente continua: &#8220;Ora c\u2019\u00e8 un deficit tra l\u2019offerta di impianti e la domanda in crescita. Con l\u2019Istituto per il Credito Sportivo e Culturale abbiamo studiato uno strumento \u2013 unico in Italia \u2013 che permette alle societ\u00e0 che ne hanno bisogno di poter chiedere denaro a prestito senza nessun interesse e nessuna spesa. Tutti vogliono seguire il tennis, tutti vogliono praticarlo, il problema \u00e8 che non ci stanno le condizioni per accontentarli al momento&#8221;.<\/p>\n<p class=\"is-copyright\">\u00a9 RIPRODUZIONE RISERVATA<\/p>\n","protected":false},"excerpt":{"rendered":"Il presidente della Fitp al Forum Ambrosetti: &#8220;Questa configurazione cos\u00ec elitaria permette di far diventare il nostro sport&hellip;\n","protected":false},"author":3,"featured_media":380154,"comment_status":"","ping_status":"","sticky":false,"template":"","format":"standard","meta":{"footnotes":"","_share_on_mastodon":"0"},"categories":[1457],"tags":[218946,64671,19128,721,928,14192,218947,218948,4023,934,1307,2341,218949,218950,218951,218952,2097,19122,6077,1537,90,89,20666,135,245,244,1273,2959],"class_list":["post-380153","post","type-post","status-publish","format-standard","has-post-thumbnail","category-tennis","tag-altospendenti","tag-ambrosetti","tag-binaghi","tag-calcio","tag-chiaro","tag-configurazione","tag-configurazione-elitaria","tag-configurazione-elitaria-permette","tag-conta","tag-continua","tag-crescita","tag-domanda","tag-domanda-crescita","tag-elitaria","tag-elitaria-permette","tag-elitaria-permette-far","tag-far","tag-fitp","tag-forum","tag-it","tag-italia","tag-italy","tag-permette","tag-presidente","tag-sport","tag-sports","tag-tennis","tag-vedere"],"share_on_mastodon":{"url":"https:\/\/pubeurope.com\/@it\/116171133946207731","error":""},"_links":{"self":[{"href":"https:\/\/www.europesays.com\/it\/wp-json\/wp\/v2\/posts\/380153","targetHints":{"allow":["GET"]}}],"collection":[{"href":"https:\/\/www.europesays.com\/it\/wp-json\/wp\/v2\/posts"}],"about":[{"href":"https:\/\/www.europesays.com\/it\/wp-json\/wp\/v2\/types\/post"}],"author":[{"embeddable":true,"href":"https:\/\/www.europesays.com\/it\/wp-json\/wp\/v2\/users\/3"}],"replies":[{"embeddable":true,"href":"https:\/\/www.europesays.com\/it\/wp-json\/wp\/v2\/comments?post=380153"}],"version-history":[{"count":0,"href":"https:\/\/www.europesays.com\/it\/wp-json\/wp\/v2\/posts\/380153\/revisions"}],"wp:featuredmedia":[{"embeddable":true,"href":"https:\/\/www.europesays.com\/it\/wp-json\/wp\/v2\/media\/380154"}],"wp:attachment":[{"href":"https:\/\/www.europesays.com\/it\/wp-json\/wp\/v2\/media?parent=380153"}],"wp:term":[{"taxonomy":"category","embeddable":true,"href":"https:\/\/www.europesays.com\/it\/wp-json\/wp\/v2\/categories?post=380153"},{"taxonomy":"post_tag","embeddable":true,"href":"https:\/\/www.europesays.com\/it\/wp-json\/wp\/v2\/tags?post=380153"}],"curies":[{"name":"wp","href":"https:\/\/api.w.org\/{rel}","templated":true}]}}