{"id":380224,"date":"2026-03-04T14:25:13","date_gmt":"2026-03-04T14:25:13","guid":{"rendered":"https:\/\/www.europesays.com\/it\/380224\/"},"modified":"2026-03-04T14:25:13","modified_gmt":"2026-03-04T14:25:13","slug":"morta-annabel-schofield-modella-e-attrice-di-dallas-aveva-62-anni","status":"publish","type":"post","link":"https:\/\/www.europesays.com\/it\/380224\/","title":{"rendered":"Morta Annabel Schofield, modella e attrice di Dallas: aveva 62 anni"},"content":{"rendered":"<p><strong>Annabel Schofield<\/strong>, modella, attrice, produttrice e scrittrice britannica, \u00e8 morta lo scorso <strong>28 febbraio all&#8217;et\u00e0 di 62 anni<\/strong>, notizia riportata dal Daily Mail e diffusa da diverse testate statunitensi di settore.\u00a0<br \/>Schofield, che aveva lavorato in molti ambiti del mondo dello spettacolo, \u00e8 diventata<strong> popolare negli anni Ottanta <\/strong>per le sue copertine su diverse riviste di moda e per campagne pubblicitarie famose della stessa epoca.\u00a0<br \/>Sul piccolo schermo \u00e8 nota per diversi<strong> film e serie televisive<\/strong>, la pi\u00f9 famosa \u00e8 Dallas, a cui si \u00e8 unita per dodici episodi nella stagione 1988 col personaggio di <strong>Laurel Ellis<\/strong>, una giovane donna bellissima e ambiziosa.\u00a0<br \/>Assente dal mondo della recitazione da venticinque anni, si era dedicata ad altri progetti, inclusa la scrittura di un<strong> romanzo autobiografico<\/strong> del 2013 The Cherry Alignment, dedicato alla memoria dell&#8217;amico Heath Ledger.\u00a0<\/p>\n<p>\t\t \tGli inizi come modella a Londra<\/p>\n<p>Annabel Schofield \u00e8 morta dopo aver lottato contro un<strong> cancro al cervello<\/strong> di cui aveva parlato pubblicamente tempo fa quando aveva anche aperto<strong> una campagna di raccolta fondi su GoFoundMe<\/strong> per coprire i costi delle cure a cui era sottoposta.\u00a0<br \/>L&#8217;attrice ed ex modella era tornata online sulla pagine della campagna per aggiornare i sostenitori sul suo stato di salute<strong> lo scorso gennaio<\/strong>, dopo essersi sottoposta ad <strong>un intervento di rimozione di una massa<\/strong> tumorale.\u00a0<br \/>Schofield \u00e8 morta a Los Angeles ma era<strong> nata in Galles nel 1963<\/strong>. Figlia di un produttore cinematografico che aveva all&#8217;attivo cult come Jerry Maguire, aveva iniziato presto nel mondo della <strong>moda a Londra <\/strong>dove la sua agenzia era riuscita a farle ottenere <strong>prestigiose copertine<\/strong>.\u00a0<br \/>Le pose per Vogue Italia e Vogue Germania l&#8217;hanno lannciata per numerose campagne pubblicitarie, foto e video per marchi di moda e bellezza e non solo, da <strong>Revlon a Yves Saint Laurent<\/strong>,<strong> a Versace<\/strong>.\u00a0<br \/>Melissa Richardson, dell&#8217;agenzia londinese Take Two la ricorda con affetto. &#8220;L&#8217;abbiamo amata perch\u00e9 era divertente, vera e bella (&#8230;) Non \u00e8 mai cambiata dalla dolce ragazza gallese di 17 anni che ho incontrato per la prima volta. Era leale, premurosa, e conosceva il suo mestiere. Era la migliore&#8221;.<\/p>\n<p>\t\t\t<a class=\"c-inline-card j-inline-card \" href=\"https:\/\/tg24.sky.it\/cronaca\/2025\/04\/11\/lucy-markovic-morta-a-27-anni-a-causa-di-una-malattia-rara\" rel=\"follow nofollow noopener\" data-intcmp-qp=\"skytg24_articolo_approfondimenti_inline\" target=\"_blank\"><\/p>\n<p>\n\t\t\t         Leggi anche<br \/>\n\t\t\t         La modella Lucy Markovic \u00e8 morta a 27 anni, aveva una malattia rara\n\t\t\t      <\/p>\n<p>\t\t\t<\/a><\/p>\n<p>\t\t\tUna carriera tra moda, recitazione e scrittura<\/p>\n<p>Annabel Schofield ha recitato dai primi anni Ottanta al 2000, tra i film da lei interpretati anche Solar Crisis (1990) e Dragonard (1988).\u00a0<br \/>Come il padre, aveva deciso, a un certo punto di dedicarsi alla produzione fondando la<strong> Bella Bene Production<\/strong>, che si occupava di <strong>progetti di moda e pubblicitari<\/strong>.\u00a0<br \/>La sua vita avventurosa con picchi di fama, specie negli anni Ottanta quando oltre alla popolarit\u00e0 frequentava gli ambienti pi\u00f9 glamour di Londra, era stata l&#8217;ispirazione per The Cherry Alignment,<strong> romanzo pubblicato nel 2013 <\/strong>e parzialmente autobiografico. La dedica del libro \u00e8 per Heath Ledger, attore con cui l&#8217;attrice e modella aveva una bella amicizia.\u00a0<\/p>\n","protected":false},"excerpt":{"rendered":"Annabel Schofield, modella, attrice, produttrice e scrittrice britannica, \u00e8 morta lo scorso 28 febbraio all&#8217;et\u00e0 di 62 anni,&hellip;\n","protected":false},"author":3,"featured_media":380225,"comment_status":"","ping_status":"","sticky":false,"template":"","format":"standard","meta":{"footnotes":"","_share_on_mastodon":"0"},"categories":[1451],"tags":[1621,1620,203,204,1537,90,89,3331,17135],"class_list":["post-380224","post","type-post","status-publish","format-standard","has-post-thumbnail","category-celebrita","tag-celebrita","tag-celebrities","tag-entertainment","tag-intrattenimento","tag-it","tag-italia","tag-italy","tag-lutto","tag-modelle"],"share_on_mastodon":{"url":"https:\/\/pubeurope.com\/@it\/116171369647661540","error":""},"_links":{"self":[{"href":"https:\/\/www.europesays.com\/it\/wp-json\/wp\/v2\/posts\/380224","targetHints":{"allow":["GET"]}}],"collection":[{"href":"https:\/\/www.europesays.com\/it\/wp-json\/wp\/v2\/posts"}],"about":[{"href":"https:\/\/www.europesays.com\/it\/wp-json\/wp\/v2\/types\/post"}],"author":[{"embeddable":true,"href":"https:\/\/www.europesays.com\/it\/wp-json\/wp\/v2\/users\/3"}],"replies":[{"embeddable":true,"href":"https:\/\/www.europesays.com\/it\/wp-json\/wp\/v2\/comments?post=380224"}],"version-history":[{"count":0,"href":"https:\/\/www.europesays.com\/it\/wp-json\/wp\/v2\/posts\/380224\/revisions"}],"wp:featuredmedia":[{"embeddable":true,"href":"https:\/\/www.europesays.com\/it\/wp-json\/wp\/v2\/media\/380225"}],"wp:attachment":[{"href":"https:\/\/www.europesays.com\/it\/wp-json\/wp\/v2\/media?parent=380224"}],"wp:term":[{"taxonomy":"category","embeddable":true,"href":"https:\/\/www.europesays.com\/it\/wp-json\/wp\/v2\/categories?post=380224"},{"taxonomy":"post_tag","embeddable":true,"href":"https:\/\/www.europesays.com\/it\/wp-json\/wp\/v2\/tags?post=380224"}],"curies":[{"name":"wp","href":"https:\/\/api.w.org\/{rel}","templated":true}]}}