{"id":381023,"date":"2026-03-05T02:15:11","date_gmt":"2026-03-05T02:15:11","guid":{"rendered":"https:\/\/www.europesays.com\/it\/381023\/"},"modified":"2026-03-05T02:15:11","modified_gmt":"2026-03-05T02:15:11","slug":"ho-ritrovato-nausika-sara-sempre-la-mia-sorellina-la-influencer-racconta-lincontro-casuale-che-lha-riempita-di-gioia","status":"publish","type":"post","link":"https:\/\/www.europesays.com\/it\/381023\/","title":{"rendered":"&#8220;Ho ritrovato Nausika, sar\u00e0 sempre la mia sorellina&#8221;. La influencer racconta l&#8217;incontro casuale che l&#8217;ha riempita di gioia"},"content":{"rendered":"<p>Metti una sera a teatro, per la prima di un musical, il piacere di uno spettacolo amato in tutto il mondo, iil glamour di una prima ma, sopra a tutto questo, un incontro inaspettato che ti apre il cuore. E&#8217; quello che \u00e8 successo ieri sera a Giulia Salemi, che si apprestava a godersi Notre Dame de Paris, e invece \u00e8 stata travolta da emozioni ben pi\u00f9 forti. Emozioni che lei stessa ha raccontato nelle sue Instagam stories con grande entusiasmo.\u00a0<\/p>\n<p>La influencer ha infatti girato un breve video ancora nel foyer del teatro per raccontare cose le \u00e8 successo. Nel video appare insieme a una ragazza pi\u00f9 giovane, ed \u00e8 proprio la presenza di quella ragazza a motivare il suo entusiasmo: \u201cSono felicissima perch\u00e9 per caso a Notre Dame de Paris, per chi ha seguito la mia edizione del GF il momento pi\u00f9 toccante \u00e8 stato quando ho parlato della mia sorella di quando ero piccola che poi ci siamo separate e ho trovato Nausika!\u201d Annuncia, stringendo la ragazza a s\u00e8.\u00a0<\/p>\n<p>Poi ha spiegato chi \u00e8 Nausika: \u201cSe avete seguito la mia partecipazione al Grande Fratello sapete che uno dei momenti pi\u00f9 toccanti \u00e8 stato quando ho parlato di lei, la mia sorellina con cui sono cresciuta\u201d. Nausika infatti, non \u00e8 la sorella di sangue di Giulia Salemi, pi\u00f9 una sorella di anima, visto che le due sono cresciute insieme. Dentro la casa del reality aveva raccontato quanto era stato per lei penoso separarsi dalla sua sorellina, e quanto ancora, ad anni di distanza, sentisse quella sofferenza.<\/p>\n<p>&#8220;E ora ci siamo ritrovate, cos\u00ec per caso. Ora devi conoscere <a href=\"https:\/\/www.today.it\/gossip\/vip\/giulia-salemi-figlio-kian-cammina.html\" rel=\"nofollow noopener\" target=\"_blank\">Kian<\/a>!&#8221; Ha concluso il video, riferendosi al figlio suo e di Pierpaolo Pretelli che era ovviamente con lei a teatro.<\/p>\n<p><a href=\"https:\/\/www.today.it\/storie\/giulia-salemi-iran-appello.html\" target=\"_blank\" rel=\"nofollow noopener\">Giulia Salemi, le parole sull&#8217;Iran: &#8220;Parlo da figlia di quell&#8217;antica civilt\u00e0: non lasciamo soli gli iraniani&#8221;<\/a><\/p>\n<p>In una storia successiva Giulia Salemi spiega: &#8220;Appena uscita dalla casa l\u2019avevo cercata e ci eravamo riviste\u2026<strong> <\/strong>Poi ci siamo perse di vista ed eccoci qua per caso<strong>. <\/strong>Sar\u00e0 per sempre mia sorellina anche dopo 25 anni&#8221;. Insomma, un&#8217;emozione che vale pi\u00f9 di 100 premiere teatrali.<\/p>\n<p>\u00a0<\/p>\n<p>\u00a0<\/p>\n","protected":false},"excerpt":{"rendered":"Metti una sera a teatro, per la prima di un musical, il piacere di uno spettacolo amato in&hellip;\n","protected":false},"author":3,"featured_media":381024,"comment_status":"","ping_status":"","sticky":false,"template":"","format":"standard","meta":{"footnotes":"","_share_on_mastodon":"0"},"categories":[1444],"tags":[203,9213,6061,204,1537,90,89,9214,9215,253],"class_list":["post-381023","post","type-post","status-publish","format-standard","has-post-thumbnail","category-tv","tag-entertainment","tag-giulia-salemi","tag-grande-fratello","tag-intrattenimento","tag-it","tag-italia","tag-italy","tag-kian","tag-pierpaolo-pretelli","tag-tv"],"share_on_mastodon":{"url":"https:\/\/pubeurope.com\/@it\/116174161532149350","error":""},"_links":{"self":[{"href":"https:\/\/www.europesays.com\/it\/wp-json\/wp\/v2\/posts\/381023","targetHints":{"allow":["GET"]}}],"collection":[{"href":"https:\/\/www.europesays.com\/it\/wp-json\/wp\/v2\/posts"}],"about":[{"href":"https:\/\/www.europesays.com\/it\/wp-json\/wp\/v2\/types\/post"}],"author":[{"embeddable":true,"href":"https:\/\/www.europesays.com\/it\/wp-json\/wp\/v2\/users\/3"}],"replies":[{"embeddable":true,"href":"https:\/\/www.europesays.com\/it\/wp-json\/wp\/v2\/comments?post=381023"}],"version-history":[{"count":0,"href":"https:\/\/www.europesays.com\/it\/wp-json\/wp\/v2\/posts\/381023\/revisions"}],"wp:featuredmedia":[{"embeddable":true,"href":"https:\/\/www.europesays.com\/it\/wp-json\/wp\/v2\/media\/381024"}],"wp:attachment":[{"href":"https:\/\/www.europesays.com\/it\/wp-json\/wp\/v2\/media?parent=381023"}],"wp:term":[{"taxonomy":"category","embeddable":true,"href":"https:\/\/www.europesays.com\/it\/wp-json\/wp\/v2\/categories?post=381023"},{"taxonomy":"post_tag","embeddable":true,"href":"https:\/\/www.europesays.com\/it\/wp-json\/wp\/v2\/tags?post=381023"}],"curies":[{"name":"wp","href":"https:\/\/api.w.org\/{rel}","templated":true}]}}