{"id":381084,"date":"2026-03-05T03:10:23","date_gmt":"2026-03-05T03:10:23","guid":{"rendered":"https:\/\/www.europesays.com\/it\/381084\/"},"modified":"2026-03-05T03:10:23","modified_gmt":"2026-03-05T03:10:23","slug":"come-la-luce-dei-tramonti-a-nordest-invase-le-case-di-milioni-di-italiani","status":"publish","type":"post","link":"https:\/\/www.europesays.com\/it\/381084\/","title":{"rendered":"come la &#8220;Luce&#8221; dei &#8220;Tramonti a nordest&#8221; invase le case di milioni di italiani"},"content":{"rendered":"<p>Era il 3 marzo di 25 anni fa e la luce dei nostri tramonti entrava prepotentemente nelle case di milioni di italiani. Nella tarda serata di quel giorno del 2001 Elisa trionfava a Sanremo con un pezzo che ancora oggi, a distanza di cos\u00ec tanti anni, rappresenta il simbolo dell&#8217;amore verso la propria terra e una canzone indimentacabile. La cantante bisiaca l&#8217;ha ricordato oggi con un post pubblicato sui suoi canali social di cui ha raccontato alcuni dettagli.\u00a0<\/p>\n<p>Il racconto<\/p>\n<p>Luce (Tramonti a nordest) era nato prima in inglese, lingua che fino ad allora Elisa aveva utilizzato nei suoi primi due album. Il titolo originale era \u201cCome Speak to Me\u201d, come ricordato dalla stessa artista nostrana. Il brano, racconta Elisa, \u201csegna il mio debutto in italiano\u201d. Dopo il testo in inglese, Elisa lo traduce e lo adatta, assieme a Zucchero. Il risultato \u00e8 un brano unico, che piomba nelle abitazioni degli italiani incollati alla televisione, emozionando un po&#8217; tutti.\u00a0<\/p>\n<p>\u201cUna storia vissuta sulla mia pelle\u201d<\/p>\n<p>\u201cLa canzone &#8211; scrive la cantante &#8211; parlava di una storia vissuta sulla mia pelle. \u201dLuce\u201d \u00e8 ancora oggi la canzone pi\u00f9 premiata nella storia del Festival con sei riconoscimenti ottenuti, tra cui il Premio della Critica Mia Martini. Grazie per tutto l\u2019amore e l\u2019affetto per questa canzone che per me \u00e8 stata, ed \u00e8 ancora, cos\u00ec importante\u201d.\u00a0<\/p>\n","protected":false},"excerpt":{"rendered":"Era il 3 marzo di 25 anni fa e la luce dei nostri tramonti entrava prepotentemente nelle case&hellip;\n","protected":false},"author":3,"featured_media":381085,"comment_status":"","ping_status":"","sticky":false,"template":"","format":"standard","meta":{"footnotes":"","_share_on_mastodon":"0"},"categories":[1443],"tags":[13630,203,204,1537,90,89,18494,1538,1539,168247,219250],"class_list":["post-381084","post","type-post","status-publish","format-standard","has-post-thumbnail","category-musica","tag-elisa","tag-entertainment","tag-intrattenimento","tag-it","tag-italia","tag-italy","tag-luce","tag-music","tag-musica","tag-nordest","tag-tramonti"],"share_on_mastodon":{"url":"https:\/\/pubeurope.com\/@it\/116174377715382479","error":""},"_links":{"self":[{"href":"https:\/\/www.europesays.com\/it\/wp-json\/wp\/v2\/posts\/381084","targetHints":{"allow":["GET"]}}],"collection":[{"href":"https:\/\/www.europesays.com\/it\/wp-json\/wp\/v2\/posts"}],"about":[{"href":"https:\/\/www.europesays.com\/it\/wp-json\/wp\/v2\/types\/post"}],"author":[{"embeddable":true,"href":"https:\/\/www.europesays.com\/it\/wp-json\/wp\/v2\/users\/3"}],"replies":[{"embeddable":true,"href":"https:\/\/www.europesays.com\/it\/wp-json\/wp\/v2\/comments?post=381084"}],"version-history":[{"count":0,"href":"https:\/\/www.europesays.com\/it\/wp-json\/wp\/v2\/posts\/381084\/revisions"}],"wp:featuredmedia":[{"embeddable":true,"href":"https:\/\/www.europesays.com\/it\/wp-json\/wp\/v2\/media\/381085"}],"wp:attachment":[{"href":"https:\/\/www.europesays.com\/it\/wp-json\/wp\/v2\/media?parent=381084"}],"wp:term":[{"taxonomy":"category","embeddable":true,"href":"https:\/\/www.europesays.com\/it\/wp-json\/wp\/v2\/categories?post=381084"},{"taxonomy":"post_tag","embeddable":true,"href":"https:\/\/www.europesays.com\/it\/wp-json\/wp\/v2\/tags?post=381084"}],"curies":[{"name":"wp","href":"https:\/\/api.w.org\/{rel}","templated":true}]}}