{"id":381516,"date":"2026-03-05T09:50:13","date_gmt":"2026-03-05T09:50:13","guid":{"rendered":"https:\/\/www.europesays.com\/it\/381516\/"},"modified":"2026-03-05T09:50:13","modified_gmt":"2026-03-05T09:50:13","slug":"le-condizioni-di-allegri-per-dire-si-al-real-madrid-modric-e-rabiot","status":"publish","type":"post","link":"https:\/\/www.europesays.com\/it\/381516\/","title":{"rendered":"Le condizioni di Allegri per dire s\u00ec al Real Madrid: Modric e Rabiot"},"content":{"rendered":"<p>Continuano i rumors sul futuro dell&#8217;allenatore del Milan e secondo Tuttosport Allegri ha fatto due richieste a Florentino Perez per dire s\u00ec<\/p>\n<p>Terza volta negli ultimi 7 anni e, questa volta, potrebbe davvero essere quella buona. <strong>Il Real Madrid ha gi\u00e0 iniziato a programmare il proprio futuro<\/strong> e, per ripartire, questa volta <strong>Florentino Perez<\/strong> vuole ritrovare una guida sicura e di esperienza. Il flop Xabi Alonso ha lasciato il segno e oggi anche Alvaro Arbeloa ha un destino segnato. Proprio per questo, per la terza volta negli ultimi sette anni e dopo i primi due no incassati, <strong>il presidente delle Merengues \u00e8 convinto che Massimiliano Allegri possa essere la scelta giusta.<\/strong><\/p>\n<p>Secondo quanto riportato da Tuttosport, tuttavia, l&#8217;attuale allenatore del <strong>Milan<\/strong> se decider\u00e0 di approfondire i discorsi con i Blancos, <strong>ha gi\u00e0 fissato due priorit\u00e0 nelle richieste al club spagnolo.<\/strong><\/p>\n","protected":false},"excerpt":{"rendered":"Continuano i rumors sul futuro dell&#8217;allenatore del Milan e secondo Tuttosport Allegri ha fatto due richieste a Florentino&hellip;\n","protected":false},"author":3,"featured_media":249247,"comment_status":"","ping_status":"","sticky":false,"template":"","format":"standard","meta":{"footnotes":"","_share_on_mastodon":"0"},"categories":[1452],"tags":[54678,1744,721,353,1740,1537,90,89,50484,24297,553,28270,1739,245,244,355],"class_list":["post-381516","post","type-post","status-publish","format-standard","has-post-thumbnail","category-calcio","tag-a-rabiot","tag-ac-milan","tag-calcio","tag-calciomercato","tag-football","tag-it","tag-italia","tag-italy","tag-l-modric","tag-m-allegri","tag-milan","tag-real-madrid","tag-soccer","tag-sport","tag-sports","tag-transfers"],"share_on_mastodon":{"url":"https:\/\/pubeurope.com\/@it\/116175950771102684","error":""},"_links":{"self":[{"href":"https:\/\/www.europesays.com\/it\/wp-json\/wp\/v2\/posts\/381516","targetHints":{"allow":["GET"]}}],"collection":[{"href":"https:\/\/www.europesays.com\/it\/wp-json\/wp\/v2\/posts"}],"about":[{"href":"https:\/\/www.europesays.com\/it\/wp-json\/wp\/v2\/types\/post"}],"author":[{"embeddable":true,"href":"https:\/\/www.europesays.com\/it\/wp-json\/wp\/v2\/users\/3"}],"replies":[{"embeddable":true,"href":"https:\/\/www.europesays.com\/it\/wp-json\/wp\/v2\/comments?post=381516"}],"version-history":[{"count":0,"href":"https:\/\/www.europesays.com\/it\/wp-json\/wp\/v2\/posts\/381516\/revisions"}],"wp:featuredmedia":[{"embeddable":true,"href":"https:\/\/www.europesays.com\/it\/wp-json\/wp\/v2\/media\/249247"}],"wp:attachment":[{"href":"https:\/\/www.europesays.com\/it\/wp-json\/wp\/v2\/media?parent=381516"}],"wp:term":[{"taxonomy":"category","embeddable":true,"href":"https:\/\/www.europesays.com\/it\/wp-json\/wp\/v2\/categories?post=381516"},{"taxonomy":"post_tag","embeddable":true,"href":"https:\/\/www.europesays.com\/it\/wp-json\/wp\/v2\/tags?post=381516"}],"curies":[{"name":"wp","href":"https:\/\/api.w.org\/{rel}","templated":true}]}}