{"id":381912,"date":"2026-03-05T15:01:14","date_gmt":"2026-03-05T15:01:14","guid":{"rendered":"https:\/\/www.europesays.com\/it\/381912\/"},"modified":"2026-03-05T15:01:14","modified_gmt":"2026-03-05T15:01:14","slug":"guerra-iran-tajani-e-crosetto-in-parlamento-per-riferire-sulla-crisi","status":"publish","type":"post","link":"https:\/\/www.europesays.com\/it\/381912\/","title":{"rendered":"Guerra Iran, Tajani\u00a0e\u00a0Crosetto\u00a0in Parlamento per riferire sulla crisi"},"content":{"rendered":"<p>I ministri della Difesa e degli Esteri, Guido Crosetto e Antonio Tajani, hanno tenuto le\u00a0comunicazioni\u00a0a Montecitorio\u00a0sulla situazione in Medio Oriente. La Camera ha approvato la risoluzione di maggiornaza. Nel pomeriggio i due\u00a0a Palazzo Madama.\u00a0Meloni in Parlamento l&#8217;11 su Consiglio Ue e Iran<\/p>\n<p>La guerra in Iran arriva in Parlamento: a Montecitorio si sono tenute le comunicazioni dei ministri della Difesa e degli Esteri, Guido Crosetto e Antonio Tajani, sulla situazione in Iran e nel Golfo. Per primo ha parlato il titolare della Farnesina che ribadisce: &#8220;L&#8217;Italia non \u00e8 in guerra, privilegiare la via diplomatica&#8221;.\u00a0Poi ha preso la parola il collega. Dopo l&#8217;intervento dei ministri \u00e8 iniziato il dibattito, poi le repliche e le dichiarazioni di voto sulle risoluzioni presentate dalla maggioranza e dalle opposizioni, con la prima che \u00e8 stata approvata. Nel pomeriggio poi i due informeranno l&#8217;Aula di Palazzo Madama sugli stessi temi.\u00a0Intanto il ministro dei Rapporti con il Parlamento Luca Ciriani ha detto che &#8220;Meloni mi ha comunicato la disponibilit\u00e0 a venire in Parlamento mercoled\u00ec 11&#8221; marzo, &#8220;anticipando le comunicazioni sul Consiglio europeo e allargandole alla crisi in Medio Oriente. Ho informato i presidenti di\u00a0Camera\u00a0e Senato per verificare se ci sono le condizioni\u201d.<\/p>\n<p>\t\t \tVia libera della Camera alla risoluzione di maggioranza<\/p>\n<p>L&#8217;Aula della Camera ha approvato la risoluzione di maggioranza che impegna il governo &#8220;a partecipare&#8221; allo &#8220;sforzo comune in ambito Ue per sostenere, in caso di richiesta, stati membri Ue nella difesa del proprio territorio da attacchi missilistici o via droni da parte iraniana&#8221; e a &#8220;confermare il rispetto, nell&#8217;utilizzo delle installazioni militari presenti sul territorio nazionale e concesse alle forze statunitensi, del quadro giuridico definito dagli accordi internazionali vigenti&#8221;. La risoluzione parla anche del &#8220;dispiegamento e il rischieramento di sistemi di difesa aerea e antimissilistica e di sorveglianza, nel perimetro di quanto autorizzato nell&#8217;area geografica di intervento, a protezione dei cittadini italiani, a supporto dei Paesi partner dell&#8217;area del Golfo e per la salvaguardia delle infrastrutture strategiche presenti nell&#8217;area, a tutela degli interessi primari nazionali&#8221;.<\/p>\n<p>\t\t\t<a class=\"c-inline-card j-inline-card c-inline-card--with-image\" href=\"https:\/\/tg24.sky.it\/mondo\/approfondimenti\/curdi-chi-sono\" rel=\"follow nofollow noopener\" data-intcmp=\"skytg24_articolo_approfondimenti_inline\" target=\"_blank\"><\/p>\n<p>\t\t\t         <img decoding=\"async\" crossorigin=\"anonymous\" alt=\"\" src=\"https:\/\/www.europesays.com\/it\/wp-content\/uploads\/2026\/03\/curdi_bandiera_getty.jpg\"  loading=\"lazy\"  bad-src=\"https:\/\/www.europesays.com\/it\/wp-content\/uploads\/2026\/03\/curdi_bandiera_getty.jpg\"\/><\/p>\n<p>\n\t\t\t         Leggi anche<br \/>\n\t\t\t         Chi sono i curdi, storia di un popolo (e di uno Stato mai nato)\n\t\t\t      <\/p>\n<p>\t\t\t<\/a><\/p>\n<p>\t\t \tTajani: &#8220;Gravit\u00e0 situazione richiede responsabilit\u00e0 condivisa&#8221;<\/p>\n<p>&#8220;La gravit\u00e0 della situazione richiede a tutti noi, governo e parlamento, un&#8217;assuzione di responsabilit\u00e0 condivisa&#8221;, ha detto il ministro degli Esteri Antonio Tajani in Aula alla Camera nelle comunicazioni sull&#8217;Iran.\u00a0&#8220;Stella polare del nostro impegno resta la de-escalation. Vogliamo evitare assolutamente un allargamento del conflitto. Stiamo incoraggiando tutte le parti a esercitare la massima moderazione, tenendo aperti i canali di dialogo con l&#8217;Iran, senza tradire la nostra posizione: l&#8217;Iran non pu\u00f2 dotarsi di armi nucleari e disporre di sistemi missilistici in grado di rappresentare una minaccia esistenziale per Israele, per la regione e per l&#8217;Europa&#8221;.\u00a0<\/p>\n<p>&#8220;100mila italiani coinvolti direttamente o meno dalla crisi&#8221;<\/p>\n<p>&#8220;Sono 100mila gli italiani coinvolti direttamente o indirettamente nelle aree&#8221; della crisi&#8221;, ha aggiunto Tajani. &#8220;La sicurezza dei connazionali \u00e8 la priorit\u00e0 assoluta. La task force Golfo ha gestito 14 mila chiamate e diverse migliaia di email. Gli italiani aiutati a lasciare le aree a rischio sono arrivati a 10.000&#8221;, ha detto. Di fronte agli &#8220;attacchi indiscriminati&#8221; dell&#8217;Iran ai Paesi della regione, &#8220;alcuni nostri partner strategici del Golfo hanno formalmente chiesto il sostegno dell&#8217;Italia per rafforzare le proprie capacit\u00e0 di difesa aerea. Si tratta di nazioni dove sono presenti decine di migliaia di italiani, civili e militari, che abbiamo il dovere di proteggere. Ecco perch\u00e9 il governo ha ritenuto doveroso aderire a queste richieste&#8221;, ha confermato Tajani.\u00a0&#8220;Siamo qui oggi per condividere con il Parlamento questa scelta. Per questo rivolgo un nuovo ancorato appello a tutte le forze politiche: il confronto \u00e8 legittimo e doveroso, le differenze di vedute fanno parte della normale dialettica democratica, ma in passaggi cos\u00ec delicati \u00e8 fondamentale essere uniti&#8221;.<\/p>\n<p>&#8220;Italia in prima linea in missioni navali in area cruciale per imprese&#8221;<\/p>\n<p>&#8220;Il Golfo \u00e8 anche un&#8217;area cruciale per il nostro export. Nel Mar Rosso transita tra Suez e il Mar Rosso circa il 40% del commercio marittimo italiano. Per questo l&#8217;Italia \u00e8 in prima linea nelle missioni navali europee Aspides e Atalanta per proteggere il traffico commerciale in un&#8217;area cruciale per le nostre imprese. Missioni che sono state rafforzate e che l&#8217;Unione Europea, come deciso nell&#8217;ultima riunione del Consiglio, andranno avanti. La nostra priorit\u00e0 continua a essere la protezione del tessuto economico italiano e del potere d&#8217;acquisto delle famiglie, insieme alle agenzie per l&#8217;internazionalizzazione&#8221;, ha detto Tajani alla Camera.<\/p>\n<p>\t\t\t<a class=\"c-inline-card j-inline-card c-inline-card--with-image\" href=\"https:\/\/tg24.sky.it\/mondo\/2026\/03\/05\/guerra-iran-usa-israele-diretta\" rel=\"follow nofollow noopener\" data-intcmp=\"skytg24_articolo_approfondimenti_inline\" target=\"_blank\"><\/p>\n<p>\t\t\t         <img decoding=\"async\" crossorigin=\"anonymous\" alt=\"\" src=\"https:\/\/www.europesays.com\/it\/wp-content\/uploads\/2026\/03\/GettyImages-2264270643.jpg\"  loading=\"lazy\"  bad-src=\"https:\/\/www.europesays.com\/it\/wp-content\/uploads\/2026\/03\/GettyImages-2264270643.jpg\"\/><\/p>\n<p>\n\t\t\t         Vedi anche<br \/>\n\t\t\t         Da Parigi, Italia e Atene aiuti a Cipro. Droni Iran su aeroporto azero\n\t\t\t      <\/p>\n<p>\t\t\t<\/a><\/p>\n<p>\t\t \tCrosetto: &#8220;250 nostri militari evacuati in Arabia Saudita da altri Paesi&#8221;<\/p>\n<p>Il ministro della Difesa, Guido Crosetto, ha detto: avevamo 2.576 persone nell&#8217;area interessata dalla crisi in Medioriente &#8220;prima che iniziasse il conflitto e per effetto di questa situazione nei giorni scorsi abbiamo preso altre misure: in Kuwait \u00e8 in atto un movimento di 239 militari verso l&#8217;Arabia Saudita: dei 321 ne rimarranno 82. In Qatar 7 dei 10 militari stanno raggiungendo l&#8217;Arabia Saudita. In Bahrein, dove abbiamo 5 militari, stiamo ritirando il personale. In Libano stiamo valutando attentamente la situazione e siamo pronti a far fronte ad ogni esigenza anche con personale navale per eventuali evacuazioni&#8221;.\u00a0<\/p>\n<p>Crosetto: &#8220;Sistemi difesa missilistica in Medioriente e aiuto a Cipro&#8221;<\/p>\n<p>&#8220;Dobbiamo rivalutare i nostri assetti nella regione e rispondere alle richieste dei Paesi amici in difficolt\u00e0. Intendiamo dispiegare un dispositivo multi dominio in Medioriente, con sistemi di difesa aerea anti drone e antimissilistica&#8221;, ha detto Crosetto. &#8220;Porteremo assieme a spagnoli e francesi un aiuto a Cipro&#8221;, ha anche aggiunto.\u00a0 &#8220;Visto che quello che \u00e8 successo in Turchia ed \u00e8 successo a Cipro ho dato mandato al capo di Stato maggiore della Difesa di innalzare al massimo il livello di protezione della difesa aerea e anti balistica nazionale in coordinamento con gli alleati e con la Nato. Di fronte a una reazione sconsiderata possiamo aspettarci di tutto e tutto pu\u00f2 essere aspettato&#8221;, ha detto il ministro della Difesa.<\/p>\n<p>&#8220;Se Usa ci chiederanno basi ne discuteremo in Parlamento&#8221;<\/p>\n<p>&#8220;Ad oggi non \u00e8 pervenuta alcuna richiesta. Non c&#8217;\u00e8 un tema&#8221; di concessione di basi. &#8220;Qualora dovessero emergere domande di questo tipo saremmo qua, ma ad oggi non \u00e8 successo. L&#8217;Italia non \u00e8 in guerra, stiamo cercando di gestire, mitigare in stretto accordo con le nazioni amiche le conseguenze di questo conflitto. Ci dicono che durer\u00e0 settimane&#8221;, dice Crosetto specificando che eventuali decisioni sulla concessione di basi Usa sul territorio italiano per attacchi in Iran saranno condivise con il Parlamento. &#8220;Certo che \u00e8 stata al di fuori delle regole del diritto internazionale&#8221;, ha replicato Crosetto rispondendo alle proteste dei parlamentari dell&#8217;opposizione che accusavano gli Usa e Israele di aver agito fuori dal diritto internazionale. &#8220;L&#8217;attacco israeliano \u00e8 partito nel momento in cui la posizione di Khamenei \u00e8 diventata nota, \u00e8 una guerra che \u00e8 partita all&#8217;insaputa del mondo e che ora ci si trova a gestire &#8211; ha aggiunto &#8211; Il problema nostro \u00e8 gestire le conseguenze di una crisi che \u00e8 esplosa e che non abbiamo voluto&#8221;.<\/p>\n<p>\t\t\t<a class=\"c-inline-card j-inline-card c-inline-card--with-image\" href=\"https:\/\/tg24.sky.it\/mondo\/2026\/03\/05\/guerra-iran-giorgia-meloni-intervista\" rel=\"follow nofollow noopener\" data-intcmp=\"skytg24_articolo_approfondimenti_inline\" target=\"_blank\"><\/p>\n<p>\t\t\t         <img decoding=\"async\" crossorigin=\"anonymous\" alt=\"\" src=\"https:\/\/www.europesays.com\/it\/wp-content\/uploads\/2026\/03\/1772722873_250_meloni_ansa.jpg\"  loading=\"lazy\"  bad-src=\"https:\/\/www.europesays.com\/it\/wp-content\/uploads\/2026\/03\/1772722873_250_meloni_ansa.jpg\"\/><\/p>\n<p>\n\t\t\t         Vedi anche<br \/>\n\t\t\t         Iran, Meloni: &#8220;Sulle basi Usa decideremo insieme al Parlamento&#8221;\n\t\t\t      <\/p>\n<p>\t\t\t<\/a><\/p>\n<p>\t\t \tSchlein: \u201cServe ora il no all&#8217;uso delle basi militari\u201d<\/p>\n<p>Tra le opposizioni a intervenire \u00e8 stata la segretaria del Pd Elly Schlein: \u201cNoi diciamo no all&#8217;autorizzazione delle basi per appoggiare in un nessun modo questa guerra che viola il diritto internazionale. Il punto non \u00e8 che tornerete qui se ve le chiedono. Dovete dire di no gi\u00e0 adesso, perch\u00e9 sarebbe contro l&#8217;articolo 11 della costituzione&#8221;. La leader Dem ha aggiunto: \u201cMinistro Crosetto, le \u00e8 sfuggito, le \u00e8 sfuggito, che gli attacchi&#8221; all&#8217;Iran &#8220;erano fuori dal diritto internazionale. Ci ha messo sei giorni. Vorrei sapere: \u00e8 la posizione del governo \u00e8 solo la sua posizione? Mi interesserebbe capire cosa ne pensa Meloni. Non potete rimanere schiacciati dalle strategie di Trump e Netanyahu&#8221;. E ancora, \u201cqual \u00e8 la strategia di Trump. Ha una strategia? Noi pensiamo che la transizione pacifica e democratica spetti al popolo iraniano&#8221;. Su quanto accaduto, &#8220;da Meloni nulla&#8221;, nessun commento, mentre &#8220;il premier spagnolo ha detto: no alla guerra. Noi la pensiamo come lui e gli diamo tutto il supporto e la solidariet\u00e0 per le minacce di ritorsione del presidente americano Trump&#8221;.<\/p>\n<p>Bonelli: \u201cIl governo sta portando l&#8217;Italia in guerra\u201d<\/p>\n<p>Angelo Bonelli di Avs ha attaccato: \u201cPerch\u00e9 la presidente Meloni non \u00e8 in Aula? Perch\u00e9 continua a fuggire dal Parlamento? \u00c8 inaccettabile. Voi state portando l&#8217;Italia in guerra&#8221;, ha aggiunto. &#8220;Quando arriva un aereo militare per fare manutenzione e poi andare a bombardare&#8221; questo &#8220;significa stare dentro a una guerra e noi non siamo d&#8217;accordo&#8221;. &#8220;Non avete mai pronunciato i nomi di Trump e Netanyahu, i responsabili della guerra&#8221; e &#8220;avete dimenticato quello che quel criminale di Netanyahu ha fatto a Gaza&#8221;, ha detto ancora Bonelli.<\/p>\n<p>Ricciardi (M5s) a Tajani: \u201cSi sciacqui bocca prima di parlare di Conte\u201d<\/p>\n<p>&#8220;Avete parlato come se non fosse esistito un attacco&#8221; all&#8217;Iran, &#8220;il diritto internazionale a cui oggi vi appellate richiamando i trattati, ieri non serviva a nulla&#8230;Venite a chiedere l&#8217;uso della basi. Tajani ride, si sciacqui la bocca prima di parlare di chi ha portato in questo paese di 209 miliardi. Lei deve solo imparare da chi riusciva a parlare sia con gli Usa che con la Cina. Perch\u00e9 al mondo si sta cos\u00ec, non inginocchiandosi con il cappellino Maga\u201d, ha detto il capogruppo del M5s alla Camera Riccardo Ricciardi nell&#8217;Aula della Camera sull&#8217;Iran rivolto al titolare degli Esteri. Durante l&#8217;invettiva del pentastellato il ministro in Aula ha reagito ridendo.<\/p>\n<p>\t\t\t<a class=\"c-inline-card j-inline-card c-inline-card--with-image\" href=\"https:\/\/tg24.sky.it\/politica\/2026\/03\/04\/ministro-crosetto-dubai-news\" rel=\"follow nofollow noopener\" data-intcmp=\"skytg24_articolo_approfondimenti_inline\" target=\"_blank\"><\/p>\n<p>\t\t\t         <img decoding=\"async\" crossorigin=\"anonymous\" alt=\"\" src=\"https:\/\/www.europesays.com\/it\/wp-content\/uploads\/2026\/03\/1772722874_437_Crosetto.jpeg\"  loading=\"lazy\"  bad-src=\"https:\/\/www.europesays.com\/it\/wp-content\/uploads\/2026\/03\/1772722874_437_Crosetto.jpeg\"\/><\/p>\n<p>\n\t\t\t         Vedi anche<br \/>\n\t\t\t         Crosetto: &#8220;Non ho interessi a Dubai. Meloni furibonda con me? No&#8221;\n\t\t\t      <\/p>\n<p>\t\t\t<\/a><\/p>\n<p>\t            TAG:<\/p>\n","protected":false},"excerpt":{"rendered":"I ministri della Difesa e degli Esteri, Guido Crosetto e Antonio Tajani, hanno tenuto le\u00a0comunicazioni\u00a0a Montecitorio\u00a0sulla situazione in&hellip;\n","protected":false},"author":3,"featured_media":381913,"comment_status":"","ping_status":"","sticky":false,"template":"","format":"standard","meta":{"footnotes":"","_share_on_mastodon":"0"},"categories":[79],"tags":[120,44542,14,93,94,369,5279,77,40161,764,72,1537,90,89,7673,7,15,8111,2419,11,84,91,12,85,92,410],"class_list":["post-381912","post","type-post","status-publish","format-standard","has-post-thumbnail","category-italia","tag-antonio-tajani","tag-camera-dei-deputati","tag-cronaca","tag-cronaca-italiana","tag-cronacaitaliana","tag-digitall","tag-governo-meloni","tag-guerra","tag-guido-crosetto","tag-iran","tag-israele","tag-it","tag-italia","tag-italy","tag-medio-oriente","tag-news","tag-notizie","tag-parlamento","tag-senato","tag-ultime-notizie","tag-ultime-notizie-e-news-di-oggi","tag-ultime-notizie-italia","tag-ultimenotizie","tag-ultimenotizieenewsdioggi","tag-ultimenotizieitalia","tag-usa"],"share_on_mastodon":{"url":"https:\/\/pubeurope.com\/@it\/116177173788285658","error":""},"_links":{"self":[{"href":"https:\/\/www.europesays.com\/it\/wp-json\/wp\/v2\/posts\/381912","targetHints":{"allow":["GET"]}}],"collection":[{"href":"https:\/\/www.europesays.com\/it\/wp-json\/wp\/v2\/posts"}],"about":[{"href":"https:\/\/www.europesays.com\/it\/wp-json\/wp\/v2\/types\/post"}],"author":[{"embeddable":true,"href":"https:\/\/www.europesays.com\/it\/wp-json\/wp\/v2\/users\/3"}],"replies":[{"embeddable":true,"href":"https:\/\/www.europesays.com\/it\/wp-json\/wp\/v2\/comments?post=381912"}],"version-history":[{"count":0,"href":"https:\/\/www.europesays.com\/it\/wp-json\/wp\/v2\/posts\/381912\/revisions"}],"wp:featuredmedia":[{"embeddable":true,"href":"https:\/\/www.europesays.com\/it\/wp-json\/wp\/v2\/media\/381913"}],"wp:attachment":[{"href":"https:\/\/www.europesays.com\/it\/wp-json\/wp\/v2\/media?parent=381912"}],"wp:term":[{"taxonomy":"category","embeddable":true,"href":"https:\/\/www.europesays.com\/it\/wp-json\/wp\/v2\/categories?post=381912"},{"taxonomy":"post_tag","embeddable":true,"href":"https:\/\/www.europesays.com\/it\/wp-json\/wp\/v2\/tags?post=381912"}],"curies":[{"name":"wp","href":"https:\/\/api.w.org\/{rel}","templated":true}]}}