{"id":38302,"date":"2025-08-09T23:23:34","date_gmt":"2025-08-09T23:23:34","guid":{"rendered":"https:\/\/www.europesays.com\/it\/38302\/"},"modified":"2025-08-09T23:23:34","modified_gmt":"2025-08-09T23:23:34","slug":"quando-il-gioco-si-fa-duro","status":"publish","type":"post","link":"https:\/\/www.europesays.com\/it\/38302\/","title":{"rendered":"\u201cQuando il gioco si fa duro\u2026\u201d"},"content":{"rendered":"<p>Continua il legame tra M&amp;G Scuola Pallavolo e la cooperativa \u201cLa Rugiada\u201d, a testimonianza di quanto lo sport, a volte, possa essere terapeutico oltre che socialmente fondamentale.<\/p>\n<p>La prima occasione era stata una visita che operatori, ragazze e ragazzi della<br \/>Cooperativa La Rugiada di Servigliano avevano fatto al PalaSavelli di Porto San Giorgio all\u2019allenamento della Yuasa Battery, dialogando con il coach Ortenzi e i giocatori Marchisio e Cubito. L\u2019impegno con cui ci si era salutati era stato di non considerare quel momento il primo e l\u2019ultimo.<\/p>\n<p><a href=\"https:\/\/www.legavolley.it\/wp-content\/uploads\/2025\/08\/Rugiada3.jpg\" rel=\"nofollow noopener\" target=\"_blank\"><img loading=\"lazy\" decoding=\"async\" class=\"size-medium wp-image-454366 alignleft\" src=\"https:\/\/www.europesays.com\/it\/wp-content\/uploads\/2025\/08\/Rugiada3-240x300.jpg\" alt=\"\" width=\"240\" height=\"300\"  \/><\/a>Cos\u00ec, qualche giorno fa, Francesca Trap\u00e8 e Andrea Nicolini, due degli allenatori della galassia M&amp;G, hanno raggiunto la comunit\u00e0 a Servigliano per regalare due ore di allenamento di pallavolo ai ragazzi e alle ragazze della struttura, all\u2019aperto, al Parco della Pace. Ne \u00e8 nato qualcosa di speciale per tutti, come arriva dalle voci dei diretti interessati.<br \/>Daniela, una delle operatrici: \u201c\u00c8 stata un\u2019esperienza molto piacevole e stimolante, nella quale i ragazzi hanno sperimentato un modo diverso di fare attivit\u00e0 fisica attraverso il gioco; un\u2019esperienza che ha favorito la collaborazione e lo spirito di gruppo nonch\u00e9 la possibilit\u00e0 di aprirsi a nuove sfide\u201d. Simone, il coordinatore: \u201cSiamo profondamente grati ad Andrea e Francesca che, con la loro passione e professionalit\u00e0, ci hanno splendidamente introdotti al mondo della pallavolo. Momenti cos\u00ec preziosi sono fondamentali per il percorso riabilitativo dei nostri ospiti; confidiamo quindi di poter consolidare questo splendido rapporto e renderlo un appuntamento quotidiano per continuare ad offrire benessere ed integrazione agli ospiti della nostra comunit\u00e0. La pallavolo fa bene per tanti motivi, ci piacerebbe aggiungere anche il valore nei confronti di chi \u00e8 impegnato in un percorso riabilitativo\u201d.<\/p>\n<p><a href=\"https:\/\/www.legavolley.it\/wp-content\/uploads\/2025\/08\/Rugiada2.jpg\" rel=\"nofollow noopener\" target=\"_blank\"><img loading=\"lazy\" decoding=\"async\" class=\"size-medium wp-image-454363 alignleft\" src=\"https:\/\/www.europesays.com\/it\/wp-content\/uploads\/2025\/08\/Rugiada2-240x300.jpg\" alt=\"\" width=\"240\" height=\"300\"  \/><\/a>Fanno eco le parole di Francesca e Andrea, lato M&amp;G Scuola Pallavolo, a confermare il ruolo rigenerativo dello sport e l\u2019attenzione che la societ\u00e0, che ha unito Grottazzolina e Montegiorgio, ha per una serie di realt\u00e0 fuori e oltre il taraflex.<br \/>Andrea Nicolini lega insieme il piacere, il timore, l\u2019orgoglio e infine la soddisfazione che rilancia per un nuovo seme: \u201cPensavo che avremmo avuto a che fare con persone la cui vita aveva incontrato difficolt\u00e0 e fragilit\u00e0 ed essere in grado di farli divertire nel fare uno sport particolare come la pallavolo \u2013 difficile persino per i professionisti, figuriamoci per chi fatica ad avere occasioni per fare attivit\u00e0 fisica \u2013 dava qualche pensiero e timore. Ma quando abbiamo iniziato \u00e8 stato subito molto bello e tutte le remore sono volate via. Vedere che si divertivano e che erano coinvolti, pur in un iniziale timore del giudizio \u00e8 stato un miracolo, davvero molto, molto emozionante. Quel passo fatto verso quei ragazzi alla fine \u00e8 stato proprio curativo, ma in primis per me, tanto da iniziare a pensare alla possibilit\u00e0 di strutturare un progetto pi\u00f9 sistematico durante la prossima stagione.<br \/>Sono io a dover ringraziare loro perch\u00e9 mi hanno regalato due ore davvero molto belle e speciali\u201d<br \/>Queste le parole di Francesca Trap\u00e8, che, con Andrea, ha gestito l\u2019allenamento: \u201cgi\u00e0 con il primo gioco di riscaldamento, tutti coloro in grado di potersi allenare sono scesi in campo, pronti a dare il meglio di s\u00e9, forse motivati anche da un pizzico di spirito competitivo. E pi\u00f9 la palla prendeva movimento, pi\u00f9 crescevano i sorrisi; non ci aspettavamo che coinvolgerli sarebbe stato cos\u00ec naturale. Immersi in un clima spontaneo di serenit\u00e0, e via via che aumentava la confidenza con la palla, i ragazzi sembravano mostrare un interesse maggiore. Sono grata dell\u2019opportunit\u00e0 che mi \u00e8 stata data, perch\u00e9 \u00e8 stato un pomeriggio intenso e significativo, caratterizzato da uno scambio reciproco di sensazioni positive e sorrisi\u201d.<br \/>La vocazione territoriale della M&amp;G continua a tessere reti, non limitandosi a quella casa di tutti che \u00e8 il PalaSavelli ma facendo della pallavolo sempre pi\u00f9 occasione di incontro, relazione, attenzione alla crescita non solo sportiva delle persone<\/p>\n","protected":false},"excerpt":{"rendered":"Continua il legame tra M&amp;G Scuola Pallavolo e la cooperativa \u201cLa Rugiada\u201d, a testimonianza di quanto lo sport,&hellip;\n","protected":false},"author":3,"featured_media":32451,"comment_status":"","ping_status":"","sticky":false,"template":"","format":"standard","meta":{"footnotes":""},"categories":[1474],"tags":[1537,90,89,245,244,1869],"class_list":{"0":"post-38302","1":"post","2":"type-post","3":"status-publish","4":"format-standard","5":"has-post-thumbnail","7":"category-volley","8":"tag-it","9":"tag-italia","10":"tag-italy","11":"tag-sport","12":"tag-sports","13":"tag-volley"},"share_on_mastodon":{"url":"","error":""},"_links":{"self":[{"href":"https:\/\/www.europesays.com\/it\/wp-json\/wp\/v2\/posts\/38302","targetHints":{"allow":["GET"]}}],"collection":[{"href":"https:\/\/www.europesays.com\/it\/wp-json\/wp\/v2\/posts"}],"about":[{"href":"https:\/\/www.europesays.com\/it\/wp-json\/wp\/v2\/types\/post"}],"author":[{"embeddable":true,"href":"https:\/\/www.europesays.com\/it\/wp-json\/wp\/v2\/users\/3"}],"replies":[{"embeddable":true,"href":"https:\/\/www.europesays.com\/it\/wp-json\/wp\/v2\/comments?post=38302"}],"version-history":[{"count":0,"href":"https:\/\/www.europesays.com\/it\/wp-json\/wp\/v2\/posts\/38302\/revisions"}],"wp:featuredmedia":[{"embeddable":true,"href":"https:\/\/www.europesays.com\/it\/wp-json\/wp\/v2\/media\/32451"}],"wp:attachment":[{"href":"https:\/\/www.europesays.com\/it\/wp-json\/wp\/v2\/media?parent=38302"}],"wp:term":[{"taxonomy":"category","embeddable":true,"href":"https:\/\/www.europesays.com\/it\/wp-json\/wp\/v2\/categories?post=38302"},{"taxonomy":"post_tag","embeddable":true,"href":"https:\/\/www.europesays.com\/it\/wp-json\/wp\/v2\/tags?post=38302"}],"curies":[{"name":"wp","href":"https:\/\/api.w.org\/{rel}","templated":true}]}}