{"id":383462,"date":"2026-03-06T15:43:10","date_gmt":"2026-03-06T15:43:10","guid":{"rendered":"https:\/\/www.europesays.com\/it\/383462\/"},"modified":"2026-03-06T15:43:10","modified_gmt":"2026-03-06T15:43:10","slug":"eva-cavalli-racconta-il-malore-dopo-un-trattamento-in-turchia-da-quel-giorno-la-mia-vita-e-cambiata-roberto-non-mi-ha-mai-lasciata-sola","status":"publish","type":"post","link":"https:\/\/www.europesays.com\/it\/383462\/","title":{"rendered":"Eva Cavalli racconta il malore dopo un trattamento in Turchia: \u00abDa quel giorno la mia vita \u00e8 cambiata. Roberto non mi ha mai lasciata sola\u00bb"},"content":{"rendered":"<p class=\"has-dropcap\">Stilista e modella austriaca classe 1959, adottata da Firenze a partire dal 1978, <strong>Eva Cavalli \u00e8 anche e soprattutto la musa e il braccio destro di <a href=\"https:\/\/www.vanityfair.it\/article\/sfilata-roberto-cavalli-beauty-look-rich-girl\" rel=\"nofollow noopener\" target=\"_blank\">Roberto Cavalli<\/a><\/strong>, oltre che sua ex moglie e madre dei loro <strong>tre figl<\/strong>i, Rachele, Daniele e Robin. In un&#8217;intervista rilasciata a Il Corriere della Sera, Eva Cavalli si \u00e8 aperta su un <strong>grave problema di salute<\/strong> che, da un giorno all&#8217;altro, l&#8217;ha portata al <strong>ricovero ospedaliero<\/strong> e a una serie di interventi d&#8217;urgenza.<\/p>\n<p>Al giornale, la <strong>direttrice creativa della maison Cavalli<\/strong> ed ex Miss Austria 1977 ha raccontato: \u00ab<strong>Da due anni\u00a0la mia vita \u00e8 cambiata<\/strong>: tutto \u00e8 successo in un <strong>centro benessere in Turchia<\/strong>, a Bodrum. Ci ero gi\u00e0 stata anni fa e ci sono tornata per una settimana dedicata alla salute e al riequilibrio. <strong>Invece, da l\u00ec, \u00e8 iniziato l\u2019inferno<\/strong>. Durante un trattamento medicale <strong>ho sentito un dolore acutissimo<\/strong>, cos\u00ec forte da svenire. <strong>Mi sono risvegliata in ospedale<\/strong>, dove mi hanno dimesso rassicurandomi che era tutto a posto. Il giorno seguente, per\u00f2, <strong>la febbre era alta, non riuscivo a mangiare<\/strong>, stentavo a parlare con mia figlia. <strong>\u00c8 stata lei a dirmi di farmi vedere di nuovo<\/strong>: ci sono riuscita tramite un amico, Remo Ruffini, anche lui in vacanza in Turchia. <strong>\u200bHanno scoperto che avevo un organo vitale lacerato.<\/strong> Sono stata operata la notte d\u2019urgenza, per salvarmi la vita. <strong>Il primo di una serie di interventi<\/strong>\u00bb, ha commentato Eva Cavalli.<\/p>\n<p>In seguito l&#8217;ex moglie dello stilista ha intrapreso le vie legali. \u00ab<strong>Nei confronti dell\u2019ospedale che mi aveva dimesso la prima volta con troppa superficialit\u00e0<\/strong>, senza i dovuti accertamenti. <strong>La maggior parte degli interventi che sono seguiti si sarebbero potuti evitare<\/strong>, se avessero agito subito. Ho dovuto mettere in pausa tutto: lavoro, viaggi, progetti. <strong>\u00c8 come se, da un momento all\u2019altro, si fosse fermata la mia vita<\/strong>\u00bb, ha commentato Eva Cavalli.<\/p>\n<p>La quale fa sapere di stare, oggi, \u00abun po\u2019 meglio. Dopo essere scomparsa dalla vita lavorativa e sociale per costanti controlli e cure, <strong>adesso voglio guarire e rimettermi in forma<\/strong>. Ho ancora troppi progetti\u00bb. Quanto al rapporto con l&#8217;ex marito e padre dei suoi figli, l&#8217;ex modella ha aggiunto: <strong>\u00abMi chiamavano \u201cthe secret weapon behind Roberto\u201d. L<\/strong>ui aveva la visione, quell\u2019istinto selvaggio e poetico che accendeva tutto; <strong>io ero la struttura, la presenza costante che trasformava l\u2019ispirazione in realt\u00e0<\/strong>. C\u2019ero sempre: dietro le quinte e in passerella con lui, perch\u00e9 i sogni, per diventare leggenda, hanno bisogno di disciplina e amore quotidiano. <strong>Essere in due era una necessit\u00e0, da soli tutto \u00e8 pi\u00f9 difficile<\/strong>\u00bb. I due si erano <strong>sposati nel 1980 a <a href=\"https:\/\/www.vanityfair.it\/migliori-ristoranti-firenze\" rel=\"nofollow noopener\" target=\"_blank\">Firenze<\/a>,<\/strong> per poi prendere strade separate nel 2014. Lo <a href=\"https:\/\/www.vanityfair.it\/article\/roberto-cavalli-morto-re-animalier\" rel=\"nofollow noopener\" target=\"_blank\">stilista<\/a> \u00e8 mancato nell&#8217;aprile del 2024.<\/p>\n","protected":false},"excerpt":{"rendered":"Stilista e modella austriaca classe 1959, adottata da Firenze a partire dal 1978, Eva Cavalli \u00e8 anche e&hellip;\n","protected":false},"author":3,"featured_media":383463,"comment_status":"","ping_status":"","sticky":false,"template":"","format":"standard","meta":{"footnotes":"","_share_on_mastodon":"0"},"categories":[1451],"tags":[1621,1620,203,204,1537,90,89,3112,35571,240,17926],"class_list":["post-383462","post","type-post","status-publish","format-standard","has-post-thumbnail","category-celebrita","tag-celebrita","tag-celebrities","tag-entertainment","tag-intrattenimento","tag-it","tag-italia","tag-italy","tag-moda","tag-roberto-cavalli","tag-salute","tag-star-nel-privato"],"share_on_mastodon":{"url":"https:\/\/pubeurope.com\/@it\/116183001241298519","error":""},"_links":{"self":[{"href":"https:\/\/www.europesays.com\/it\/wp-json\/wp\/v2\/posts\/383462","targetHints":{"allow":["GET"]}}],"collection":[{"href":"https:\/\/www.europesays.com\/it\/wp-json\/wp\/v2\/posts"}],"about":[{"href":"https:\/\/www.europesays.com\/it\/wp-json\/wp\/v2\/types\/post"}],"author":[{"embeddable":true,"href":"https:\/\/www.europesays.com\/it\/wp-json\/wp\/v2\/users\/3"}],"replies":[{"embeddable":true,"href":"https:\/\/www.europesays.com\/it\/wp-json\/wp\/v2\/comments?post=383462"}],"version-history":[{"count":0,"href":"https:\/\/www.europesays.com\/it\/wp-json\/wp\/v2\/posts\/383462\/revisions"}],"wp:featuredmedia":[{"embeddable":true,"href":"https:\/\/www.europesays.com\/it\/wp-json\/wp\/v2\/media\/383463"}],"wp:attachment":[{"href":"https:\/\/www.europesays.com\/it\/wp-json\/wp\/v2\/media?parent=383462"}],"wp:term":[{"taxonomy":"category","embeddable":true,"href":"https:\/\/www.europesays.com\/it\/wp-json\/wp\/v2\/categories?post=383462"},{"taxonomy":"post_tag","embeddable":true,"href":"https:\/\/www.europesays.com\/it\/wp-json\/wp\/v2\/tags?post=383462"}],"curies":[{"name":"wp","href":"https:\/\/api.w.org\/{rel}","templated":true}]}}