{"id":383588,"date":"2026-03-06T17:34:14","date_gmt":"2026-03-06T17:34:14","guid":{"rendered":"https:\/\/www.europesays.com\/it\/383588\/"},"modified":"2026-03-06T17:34:14","modified_gmt":"2026-03-06T17:34:14","slug":"bill-e-il-padre-di-luna","status":"publish","type":"post","link":"https:\/\/www.europesays.com\/it\/383588\/","title":{"rendered":"Bill \u00e8 il padre di Luna"},"content":{"rendered":"<p>Ecco cosa vedremo la prossima settimana nelle puntate di <a href=\"https:\/\/www.ilmattino.it\/t\/beautiful\" rel=\"nofollow noopener\" target=\"_blank\">Beautiful<\/a>, la nota soap opera americana, che va in onda in prima visione su <strong>Canale 5<\/strong> dal luned\u00ec al sabato alle ore 13:40 e on demand sulla piattaforma Mediaset Infinity. Al centro della trama ci sar\u00e0 la questione del test di paternit\u00e0 a cui ha deciso di sottoporsi Bill Spencer (Don Diamont) e di cui si conosceranno finalmente i risultati. Vediamo di seguito le <a href=\"https:\/\/www.ilmattino.it\/t\/anticipazioni\" rel=\"nofollow noopener\" target=\"_blank\">anticipazioni<\/a> dal 9 al 14 marzo.<\/p>\n<p>Una verit\u00e0, quella che verr\u00e0 a galla, che metter\u00e0 in subbuglio la vita di molte persone e diverse famiglie, coinvolgendo sia il suo figlio pi\u00f9 grande Liam (Scott Clifton) che la sua ex moglie Katie (Heather Tom) ma soprattutto Luna (Lisa Yamada ) e le due sorelle rivali Poppy (Romy Park) e Li (Naomi Matsuda) . Colpi di scena si registreranno anche presso la sede della Maison Forrester Creation dove torneranno a galla i dissapori tra le famiglie Forrester e Logan, con la richiesta di Ridge (Thorsten Kaye) a Brooke (Katherine Kelly Lang) di affiancare sua figlia Steffy alla guida dell\u2019azienda.<\/p>\n","protected":false},"excerpt":{"rendered":"Ecco cosa vedremo la prossima settimana nelle puntate di Beautiful, la nota soap opera americana, che va in&hellip;\n","protected":false},"author":3,"featured_media":383589,"comment_status":"","ping_status":"","sticky":false,"template":"","format":"standard","meta":{"footnotes":"","_share_on_mastodon":"0"},"categories":[1444],"tags":[1518,16275,685,203,204,1537,90,89,9060,11579,33298,242,253,410],"class_list":["post-383588","post","type-post","status-publish","format-standard","has-post-thumbnail","category-tv","tag-anticipazioni","tag-beautiful","tag-canale-5","tag-entertainment","tag-intrattenimento","tag-it","tag-italia","tag-italy","tag-mediaset","tag-soap","tag-soap-opera","tag-stati-uniti","tag-tv","tag-usa"],"share_on_mastodon":{"url":"https:\/\/pubeurope.com\/@it\/116183437567973369","error":""},"_links":{"self":[{"href":"https:\/\/www.europesays.com\/it\/wp-json\/wp\/v2\/posts\/383588","targetHints":{"allow":["GET"]}}],"collection":[{"href":"https:\/\/www.europesays.com\/it\/wp-json\/wp\/v2\/posts"}],"about":[{"href":"https:\/\/www.europesays.com\/it\/wp-json\/wp\/v2\/types\/post"}],"author":[{"embeddable":true,"href":"https:\/\/www.europesays.com\/it\/wp-json\/wp\/v2\/users\/3"}],"replies":[{"embeddable":true,"href":"https:\/\/www.europesays.com\/it\/wp-json\/wp\/v2\/comments?post=383588"}],"version-history":[{"count":0,"href":"https:\/\/www.europesays.com\/it\/wp-json\/wp\/v2\/posts\/383588\/revisions"}],"wp:featuredmedia":[{"embeddable":true,"href":"https:\/\/www.europesays.com\/it\/wp-json\/wp\/v2\/media\/383589"}],"wp:attachment":[{"href":"https:\/\/www.europesays.com\/it\/wp-json\/wp\/v2\/media?parent=383588"}],"wp:term":[{"taxonomy":"category","embeddable":true,"href":"https:\/\/www.europesays.com\/it\/wp-json\/wp\/v2\/categories?post=383588"},{"taxonomy":"post_tag","embeddable":true,"href":"https:\/\/www.europesays.com\/it\/wp-json\/wp\/v2\/tags?post=383588"}],"curies":[{"name":"wp","href":"https:\/\/api.w.org\/{rel}","templated":true}]}}