{"id":383783,"date":"2026-03-06T20:12:11","date_gmt":"2026-03-06T20:12:11","guid":{"rendered":"https:\/\/www.europesays.com\/it\/383783\/"},"modified":"2026-03-06T20:12:11","modified_gmt":"2026-03-06T20:12:11","slug":"fcin1908-inter-ritiro-estivo-in-montagna-ma-non-in-italia-ecco-dove","status":"publish","type":"post","link":"https:\/\/www.europesays.com\/it\/383783\/","title":{"rendered":"FCIN1908 &#8211; Inter, ritiro estivo in montagna ma non in Italia: ecco dove"},"content":{"rendered":"<p>Come appreso da Fcinter1908.it, l&#8217;Inter in estate far\u00e0 parte del ritiro in montagna: le ultime sulla location<\/p>\n<p>Mancano ancora pi\u00f9 di due mesi alla fine della stagione ma l&#8217;Inter sta iniziando anche a ragionare in vista della prossima, non solo sul mercato. Arrivano anche importanti novit\u00e0 sul ritiro estivo per preparare l&#8217;anno prossimo.<\/p>\n<p>Secondo quanto appreso da Fcinter1908.it, infatti, in estate l&#8217;Inter torner\u00e0 a svolgere una parte del ritiro in <a href=\"https:\/\/www.fcinter1908.it\/ultimora\/fcin1908-inter-si-cambia-in-estate-ritiro\/\" rel=\"nofollow noopener\" target=\"_blank\">montagna<\/a>.\u00a0Negli anni scorsi, infatti, l&#8217;Inter aveva svolto il ritiro a Pinzolo e Riscone di Brunico.<\/p>\n<p>Come appreso da Fcinter1908.it, per\u00f2, questa volta i nerazzurri non si alleneranno in Italia, bens\u00ec in Germania. Ancora non nota la location definitiva ma una parte della preparazione estiva avverr\u00e0 in terra tedesca. Gli allenamenti dovrebbero non essere aperti al pubblico ma chiusi solo per lo staff e per i giocatori, in attesa poi di conferme definitive.<\/p>\n<p class=\"is-copyright\">\u00a9 RIPRODUZIONE RISERVATA<\/p>\n","protected":false},"excerpt":{"rendered":"Come appreso da Fcinter1908.it, l&#8217;Inter in estate far\u00e0 parte del ritiro in montagna: le ultime sulla location Mancano&hellip;\n","protected":false},"author":3,"featured_media":383784,"comment_status":"","ping_status":"","sticky":false,"template":"","format":"standard","meta":{"footnotes":"","_share_on_mastodon":"0"},"categories":[1452],"tags":[37083,721,1533,1740,350,1537,90,89,37835,14274,1738,220648,1739,245,244],"class_list":["post-383783","post","type-post","status-publish","format-standard","has-post-thumbnail","category-calcio","tag-appreso","tag-calcio","tag-estate","tag-football","tag-inter","tag-it","tag-italia","tag-italy","tag-location","tag-montagna","tag-ritiro","tag-ritiro-montagna","tag-soccer","tag-sport","tag-sports"],"share_on_mastodon":{"url":"https:\/\/pubeurope.com\/@it\/116184058951893926","error":""},"_links":{"self":[{"href":"https:\/\/www.europesays.com\/it\/wp-json\/wp\/v2\/posts\/383783","targetHints":{"allow":["GET"]}}],"collection":[{"href":"https:\/\/www.europesays.com\/it\/wp-json\/wp\/v2\/posts"}],"about":[{"href":"https:\/\/www.europesays.com\/it\/wp-json\/wp\/v2\/types\/post"}],"author":[{"embeddable":true,"href":"https:\/\/www.europesays.com\/it\/wp-json\/wp\/v2\/users\/3"}],"replies":[{"embeddable":true,"href":"https:\/\/www.europesays.com\/it\/wp-json\/wp\/v2\/comments?post=383783"}],"version-history":[{"count":0,"href":"https:\/\/www.europesays.com\/it\/wp-json\/wp\/v2\/posts\/383783\/revisions"}],"wp:featuredmedia":[{"embeddable":true,"href":"https:\/\/www.europesays.com\/it\/wp-json\/wp\/v2\/media\/383784"}],"wp:attachment":[{"href":"https:\/\/www.europesays.com\/it\/wp-json\/wp\/v2\/media?parent=383783"}],"wp:term":[{"taxonomy":"category","embeddable":true,"href":"https:\/\/www.europesays.com\/it\/wp-json\/wp\/v2\/categories?post=383783"},{"taxonomy":"post_tag","embeddable":true,"href":"https:\/\/www.europesays.com\/it\/wp-json\/wp\/v2\/tags?post=383783"}],"curies":[{"name":"wp","href":"https:\/\/api.w.org\/{rel}","templated":true}]}}