{"id":384191,"date":"2026-03-07T02:33:39","date_gmt":"2026-03-07T02:33:39","guid":{"rendered":"https:\/\/www.europesays.com\/it\/384191\/"},"modified":"2026-03-07T02:33:39","modified_gmt":"2026-03-07T02:33:39","slug":"bella-hadid-ha-reso-il-pageboy-bob-alla-anna-wintour-il-taglio-di-capelli-piu-cool-della-primavera","status":"publish","type":"post","link":"https:\/\/www.europesays.com\/it\/384191\/","title":{"rendered":"Bella Hadid ha reso il Pageboy Bob alla Anna Wintour il taglio di capelli pi\u00f9 cool della primavera"},"content":{"rendered":"<p>Un taglio che affonda le sue radici negli anni &#8217;60, \u00abil tradizionale pageboy bob \u00e8 caratterizzato da una lunghezza arrotondata, dalle orecchie alle spalle, con punte smussate arricciate verso l&#8217;interno e una frangia pesante\u00bb, ha dichiarato a Glamour <a data-offer-url=\"https:\/\/www.instagram.com\/elliotbutehair\/\" class=\"external-link\" data-event-click=\"{&quot;element&quot;:&quot;ExternalLink&quot;,&quot;outgoingURL&quot;:&quot;https:\/\/www.instagram.com\/elliotbutehair\/&quot;}\" href=\"https:\/\/www.instagram.com\/elliotbutehair\/\" rel=\"nofollow noopener\" target=\"_blank\">Elliot Bute<\/a>, stylist del salone londinese Hershesons. Mentre i tagli da paggetto di una volta (si pensi alla Principessa Diana) avevano una forma decisamente arrotondata, le versioni moderne come quella della Hadid \u00abaggiungono lunghezze diverse e finiture strutturate, trasformando lo stile un tempo rigido in qualcosa di pi\u00f9 versatile\u00bb, afferma Bute.<\/p>\n<p>A differenza di un bob smussato che predilige linee nette, il pagebob pi\u00f9 morbido invita a una texture scompigliata. \u00c8 questo che lo rende un taglio corto senza sforzo per la primavera e l&#8217;estate: \u00c8 abbastanza corto da mantenere lo stile fresco, ma non cos\u00ec preciso da dover richiedere l&#8217;uso della piastra da portare sempre con s\u00e9. Anche se questo look pu\u00f2 essere acconciato in modo elegante, sembra altrettanto intenzionale con un tocco di spray texturizzante e qualche piega naturale.<\/p>\n<p><img decoding=\"async\" alt=\"Image may contain Bella Hadid Accessories Sunglasses Adult Person Clothing Coat Fur Face and Head\" loading=\"lazy\" class=\"ResponsiveImageContainer-dkeESL cQPiWi responsive-image__image\"   src=\"https:\/\/www.europesays.com\/it\/wp-content\/uploads\/2026\/03\/GettyImages-2264581005.jpg\"\/><\/p>\n<p>PARIS, FRANCE &#8211; MARCH 03: Bella Hadid seen during Day Two of Paris Fashion Week &#8211; Womenswear Fall\/Winter 2026\/2027 on March 03, 2026 in Paris, France. (Photo by Neil Mockford\/GC Images)Neil Mockford<\/p>\n<p>Vi sentite ispirate dal nuovo look di Bella Hadid? La buona notizia \u00e8 che ci sono molti modi per personalizzare il pageboy bob in base alla forma del viso e al tipo di capelli. Bute consiglia vivamente di sperimentare la frangia per questo taglio: optate per una frangia a ciuffi di glicine per un taglio a bassa manutenzione o aumentate l&#8217;effetto di incorniciatura del viso con una <a href=\"https:\/\/www.glamour.com\/story\/how-to-style-curtain-bangs\" rel=\"nofollow noopener\" target=\"_blank\">frangia a tendina<\/a> pi\u00f9 spessa.<\/p>\n<p>Potete anche ottenere l&#8217;essenza del look senza impegnarvi in un taglio super corto. \u00abGiocate con diverse lunghezze, da quella al mento a quella <a href=\"https:\/\/www.glamour.com\/gallery\/medium-length-haircuts\" rel=\"nofollow noopener\" target=\"_blank\">alle spalle<\/a>\u00bb, consiglia Bute. I tagli di media lunghezza sono pi\u00f9 adatti a voi? \u00abPuntate su una lunghezza che si aggiri intorno alle spalle e su strati che mettano in risalto i tratti del viso e aggiungano movimento\u00bb, dice.<\/p>\n<p><script async src=\"\/\/www.instagram.com\/embed.js\"><\/script><\/p>\n","protected":false},"excerpt":{"rendered":"Un taglio che affonda le sue radici negli anni &#8217;60, \u00abil tradizionale pageboy bob \u00e8 caratterizzato da una&hellip;\n","protected":false},"author":3,"featured_media":384192,"comment_status":"","ping_status":"","sticky":false,"template":"","format":"standard","meta":{"footnotes":"","_share_on_mastodon":"0"},"categories":[1451],"tags":[25553,3055,1621,1620,203,204,1537,90,89],"class_list":["post-384191","post","type-post","status-publish","format-standard","has-post-thumbnail","category-celebrita","tag-bella-hadid","tag-capelli","tag-celebrita","tag-celebrities","tag-entertainment","tag-intrattenimento","tag-it","tag-italia","tag-italy"],"share_on_mastodon":{"url":"https:\/\/pubeurope.com\/@it\/116185557056695262","error":""},"_links":{"self":[{"href":"https:\/\/www.europesays.com\/it\/wp-json\/wp\/v2\/posts\/384191","targetHints":{"allow":["GET"]}}],"collection":[{"href":"https:\/\/www.europesays.com\/it\/wp-json\/wp\/v2\/posts"}],"about":[{"href":"https:\/\/www.europesays.com\/it\/wp-json\/wp\/v2\/types\/post"}],"author":[{"embeddable":true,"href":"https:\/\/www.europesays.com\/it\/wp-json\/wp\/v2\/users\/3"}],"replies":[{"embeddable":true,"href":"https:\/\/www.europesays.com\/it\/wp-json\/wp\/v2\/comments?post=384191"}],"version-history":[{"count":0,"href":"https:\/\/www.europesays.com\/it\/wp-json\/wp\/v2\/posts\/384191\/revisions"}],"wp:featuredmedia":[{"embeddable":true,"href":"https:\/\/www.europesays.com\/it\/wp-json\/wp\/v2\/media\/384192"}],"wp:attachment":[{"href":"https:\/\/www.europesays.com\/it\/wp-json\/wp\/v2\/media?parent=384191"}],"wp:term":[{"taxonomy":"category","embeddable":true,"href":"https:\/\/www.europesays.com\/it\/wp-json\/wp\/v2\/categories?post=384191"},{"taxonomy":"post_tag","embeddable":true,"href":"https:\/\/www.europesays.com\/it\/wp-json\/wp\/v2\/tags?post=384191"}],"curies":[{"name":"wp","href":"https:\/\/api.w.org\/{rel}","templated":true}]}}