{"id":384712,"date":"2026-03-07T10:47:15","date_gmt":"2026-03-07T10:47:15","guid":{"rendered":"https:\/\/www.europesays.com\/it\/384712\/"},"modified":"2026-03-07T10:47:15","modified_gmt":"2026-03-07T10:47:15","slug":"bacio-appassionato-in-aeroporto-con-il-nuovo-fidanzato-chi-e-il-miliardario-gonzalo-hevia-bailleres","status":"publish","type":"post","link":"https:\/\/www.europesays.com\/it\/384712\/","title":{"rendered":"bacio appassionato in aeroporto con il nuovo fidanzato, chi \u00e8 il miliardario Gonzalo Hevia Baill\u00e8res"},"content":{"rendered":"<p>L\u2019attrice <strong><a href=\"https:\/\/www.ilgazzettino.it\/t\/emma-watson\" rel=\"nofollow noopener\" target=\"_blank\">Emma Watson<\/a><\/strong> esce allo scoperto con il miliardario messicano <strong>Gonzalo Hevia Baill\u00e8res<\/strong>. <\/p>\n<p>I due sono stati fotografati mentre si scambiavano un bacio appassionato in un aeroporto in Messico, tra sorrisi e gesti affettuosi. Nelle immagini la star appare rilassata con un look casual, mentre lui indossa giacca blu, T-shirt bianca e occhiali da sole. La coppia era gi\u00e0 stata avvistata insieme nel dicembre 2025 a Courchevel, esclusiva localit\u00e0 sciistica francese. Successivamente sono stati visti anche a Punta Mita, sulla costa pacifica del Messico.<br \/>\n    &#13;<\/p>\n<p>APPROFONDIMENTI<\/p>\n<p>&#13;<br \/>\n        &#13;<\/p>\n<p><strong>Chi \u00e8 il fidanzato di Emma\u00a0Watson\u00a0<\/strong> <\/p>\n<p>Baill\u00e8res proviene da una delle famiglie pi\u00f9 ricche del Messico ed \u00e8 fondatore della societ\u00e0 di investimenti <strong>HBeyond<\/strong>. In passato ha guidato aziende nel settore dell\u2019intelligenza artificiale e della logistica tecnologica.<\/p>\n<blockquote class=\"instagram-media\" data-instgrm-captioned=\"\" data-instgrm-permalink=\"https:\/\/www.instagram.com\/p\/C5yYdAzNjPf\/?utm_source=ig_embed&amp;utm_campaign=loading\" data-instgrm-version=\"14\" style=\" background:#FFF; border:0; border-radius:3px; box-shadow:0 0 1px 0 rgba(0,0,0,0.5),0 1px 10px 0 rgba(0,0,0,0.15); margin: 1px; max-width:540px; min-width:326px; padding:0; width:99.375%; width:-webkit-calc(100% - 2px); width:calc(100% - 2px);\" wp_automatic_readability=\"-7.6062992125984\"><\/blockquote>\n<p>L\u2019uomo d\u2019affari ha avuto una relazione con la pop star <strong>Belinda<\/strong>. Watson, invece, negli ultimi anni \u00e8 stata legata all\u2019imprenditore<strong> Brandon Green<\/strong>. Il bacio in aeroporto sembra ora confermare che la nuova storia d\u2019amore tra i due procede a gonfie vele.<\/p>\n<p>                        <script async src=\"\/\/www.instagram.com\/embed.js\"><\/script><\/p>\n","protected":false},"excerpt":{"rendered":"L\u2019attrice Emma Watson esce allo scoperto con il miliardario messicano Gonzalo Hevia Baill\u00e8res. I due sono stati fotografati&hellip;\n","protected":false},"author":3,"featured_media":384713,"comment_status":"","ping_status":"","sticky":false,"template":"","format":"standard","meta":{"footnotes":"","_share_on_mastodon":"0"},"categories":[1451],"tags":[44724,1621,1620,85857,203,221128,204,1537,90,89],"class_list":["post-384712","post","type-post","status-publish","format-standard","has-post-thumbnail","category-celebrita","tag-belinda","tag-celebrita","tag-celebrities","tag-emma-watson","tag-entertainment","tag-gonzalo-hevia-bailleres","tag-intrattenimento","tag-it","tag-italia","tag-italy"],"share_on_mastodon":{"url":"https:\/\/pubeurope.com\/@it\/116187499443402116","error":""},"_links":{"self":[{"href":"https:\/\/www.europesays.com\/it\/wp-json\/wp\/v2\/posts\/384712","targetHints":{"allow":["GET"]}}],"collection":[{"href":"https:\/\/www.europesays.com\/it\/wp-json\/wp\/v2\/posts"}],"about":[{"href":"https:\/\/www.europesays.com\/it\/wp-json\/wp\/v2\/types\/post"}],"author":[{"embeddable":true,"href":"https:\/\/www.europesays.com\/it\/wp-json\/wp\/v2\/users\/3"}],"replies":[{"embeddable":true,"href":"https:\/\/www.europesays.com\/it\/wp-json\/wp\/v2\/comments?post=384712"}],"version-history":[{"count":0,"href":"https:\/\/www.europesays.com\/it\/wp-json\/wp\/v2\/posts\/384712\/revisions"}],"wp:featuredmedia":[{"embeddable":true,"href":"https:\/\/www.europesays.com\/it\/wp-json\/wp\/v2\/media\/384713"}],"wp:attachment":[{"href":"https:\/\/www.europesays.com\/it\/wp-json\/wp\/v2\/media?parent=384712"}],"wp:term":[{"taxonomy":"category","embeddable":true,"href":"https:\/\/www.europesays.com\/it\/wp-json\/wp\/v2\/categories?post=384712"},{"taxonomy":"post_tag","embeddable":true,"href":"https:\/\/www.europesays.com\/it\/wp-json\/wp\/v2\/tags?post=384712"}],"curies":[{"name":"wp","href":"https:\/\/api.w.org\/{rel}","templated":true}]}}