{"id":385326,"date":"2026-03-07T19:58:14","date_gmt":"2026-03-07T19:58:14","guid":{"rendered":"https:\/\/www.europesays.com\/it\/385326\/"},"modified":"2026-03-07T19:58:14","modified_gmt":"2026-03-07T19:58:14","slug":"stiamo-benissimo-insieme-il-calcio-e-stato-collante-del-nostro-amore-papa-la-adora","status":"publish","type":"post","link":"https:\/\/www.europesays.com\/it\/385326\/","title":{"rendered":"\u00abstiamo benissimo insieme, il calcio \u00e8 stato collante del nostro amore. Pap\u00e0 la adora\u00bb"},"content":{"rendered":"<p>                Chi \u00e8 Davide Bonolis <\/p>\n<p><img decoding=\"async\" alt=\"\" src=\"https:\/\/www.europesays.com\/it\/wp-content\/uploads\/2026\/03\/whatsapp_image_2026_03_07_at_14.22.52_07142422.jpg\"\/><\/p>\n<p><strong>Davide Bonolis<\/strong> \u00e8 nato a Roma il 7 giugno 2004 ed \u00e8 il figlio di <strong>Paolo Bonolis<\/strong> e <strong>Sonia Bruganelli<\/strong>, due tra i volti pi\u00f9 noti della televisione italiana. Nonostante la notoriet\u00e0 della famiglia, ha scelto di costruire un percorso personale lontano dai riflettori dello spettacolo, puntando sul calcio.<\/p>\n<p> La carriera <\/p>\n<p>Attaccante mancino, capace di giocare sia da seconda punta sia da ala offensiva, <strong>Davide<\/strong> ha iniziato il suo percorso nelle giovanili della <strong>Roma<\/strong>, uno dei settori giovanili pi\u00f9 importanti del calcio italiano. Successivamente \u00e8 passato alla <strong>Sampdoria<\/strong>, continuando il suo percorso di crescita. Nel 2022 la sua carriera diventa una notizia nazionale quando firma un contratto triennale con la <strong>Triestina<\/strong>, entrando nella squadra Primavera del club. L\u2019esperienza prosegue poi con il <strong>Renate<\/strong>, dove continua a giocare nelle competizioni giovanili.<\/p>\n<p> La Kings League <\/p>\n<p>Negli ultimi anni Bonolis \u00e8 entrato anche nel mondo della <strong><a href=\"https:\/\/www.ilmessaggero.it\/t\/kings-league-italia\" rel=\"nofollow noopener\" target=\"_blank\">Kings League Italia<\/a><\/strong>, la competizione di calcio a 7 creata dall\u2019ex campione del Barcellona Gerard Piqu\u00e9 e diventata un fenomeno globale soprattutto sui social. Dopo una prima esperienza come wild card con i <strong>Caesar<\/strong>, \u00e8 passato ai <strong>Boomers<\/strong>, la squadra guidata da <a href=\"https:\/\/www.ilmessaggero.it\/t\/fedez\" rel=\"nofollow noopener\" target=\"_blank\">Fedez<\/a>. Si tratta di una vetrina molto seguita online, con partite spettacolari, regole particolari e un forte coinvolgimento di creator e personaggi del web. Per molti giovani calciatori rappresenta una nuova opportunit\u00e0 di visibilit\u00e0 al di fuori dei campionati professionistici.<\/p>\n<p> I problemi di peso <\/p>\n<p>Davide Bonolis negli anni ha raccontato anche un periodo molto delicato della sua adolescenza. A causa di problemi di salute e dell\u2019interruzione dell\u2019attivit\u00e0 sportiva, aveva preso molto peso arrivando a superare i 100 chili. Successivamente, spinto anche dalla perdita del nonno materno, ha intrapreso un percorso difficile per ritrovare equilibrio fisico e mentale, tornando allo sport e alla sua passione per il calcio. Oggi continua a inseguire il sogno di diventare un calciatore affermato, mentre la sua vita privata \u00e8 sempre pi\u00f9 al centro dell\u2019attenzione dei media.<\/p>\n","protected":false},"excerpt":{"rendered":"Chi \u00e8 Davide Bonolis Davide Bonolis \u00e8 nato a Roma il 7 giugno 2004 ed \u00e8 il figlio&hellip;\n","protected":false},"author":3,"featured_media":385327,"comment_status":"","ping_status":"","sticky":false,"template":"","format":"standard","meta":{"footnotes":"","_share_on_mastodon":"0"},"categories":[1451],"tags":[15945,685,1621,1620,51231,203,204,1537,90,89,220942,11099,12778,34417,22839],"class_list":["post-385326","post","type-post","status-publish","format-standard","has-post-thumbnail","category-celebrita","tag-bonolis","tag-canale-5","tag-celebrita","tag-celebrities","tag-davide-bonolis","tag-entertainment","tag-intrattenimento","tag-it","tag-italia","tag-italy","tag-martina-dotti","tag-oggi-in-tv","tag-paolo-bonolis","tag-sonia-bruganelli","tag-verissimo"],"share_on_mastodon":{"url":"https:\/\/pubeurope.com\/@it\/116189666201857378","error":""},"_links":{"self":[{"href":"https:\/\/www.europesays.com\/it\/wp-json\/wp\/v2\/posts\/385326","targetHints":{"allow":["GET"]}}],"collection":[{"href":"https:\/\/www.europesays.com\/it\/wp-json\/wp\/v2\/posts"}],"about":[{"href":"https:\/\/www.europesays.com\/it\/wp-json\/wp\/v2\/types\/post"}],"author":[{"embeddable":true,"href":"https:\/\/www.europesays.com\/it\/wp-json\/wp\/v2\/users\/3"}],"replies":[{"embeddable":true,"href":"https:\/\/www.europesays.com\/it\/wp-json\/wp\/v2\/comments?post=385326"}],"version-history":[{"count":0,"href":"https:\/\/www.europesays.com\/it\/wp-json\/wp\/v2\/posts\/385326\/revisions"}],"wp:featuredmedia":[{"embeddable":true,"href":"https:\/\/www.europesays.com\/it\/wp-json\/wp\/v2\/media\/385327"}],"wp:attachment":[{"href":"https:\/\/www.europesays.com\/it\/wp-json\/wp\/v2\/media?parent=385326"}],"wp:term":[{"taxonomy":"category","embeddable":true,"href":"https:\/\/www.europesays.com\/it\/wp-json\/wp\/v2\/categories?post=385326"},{"taxonomy":"post_tag","embeddable":true,"href":"https:\/\/www.europesays.com\/it\/wp-json\/wp\/v2\/tags?post=385326"}],"curies":[{"name":"wp","href":"https:\/\/api.w.org\/{rel}","templated":true}]}}