{"id":385598,"date":"2026-03-07T23:39:11","date_gmt":"2026-03-07T23:39:11","guid":{"rendered":"https:\/\/www.europesays.com\/it\/385598\/"},"modified":"2026-03-07T23:39:11","modified_gmt":"2026-03-07T23:39:11","slug":"dediche-e-hit-delta-radio-celebra-luniverso-femminile","status":"publish","type":"post","link":"https:\/\/www.europesays.com\/it\/385598\/","title":{"rendered":"Dediche e hit, Delta Radio celebra l\u2019universo femminile"},"content":{"rendered":"<p>Oggi, in occasione della giornata internazionale per le donne, le frequenze di Delta Radio si trasformeranno in un palcoscenico vibrante per celebrare l\u2019universo femminile. <strong>L&#8217;emittente, che con il suo segnale unisce idealmente Veneto ed Emilia Romagna, dove giunge grazie alla tecnologia Dab, ha orchestrato<\/strong> una maratona radiofonica pensata per rendere omaggio al talento, alla forza e alla determinazione del mondo femminile in ogni sua sfaccettatura.<\/p>\n<p>Dalle 7 alle 14, l\u2019etere si riempir\u00e0 di storie, visioni e riflessioni. Non sar\u00e0 solo un omaggio formale, ma un vero e proprio mosaico di testimonianze d&#8217;eccezione. Il microfono passer\u00e0 di mano in mano tra le protagoniste del panorama istituzionale, sociale, culturale ed economico del Veneto.<strong> Un coro di voci autorevoli che vedr\u00e0 la partecipazione straordinaria anche del governatore Alberto Stefani, del prefetto Franca Tancredi e di molte altre personalit\u00e0, pronte<\/strong>\u00a0pronto a condividere il proprio contributo in una giornata carica di significato.<\/p>\n<p>Ognuna delle persone che hanno accettato l\u2019invito della radio del territorio, ha pensato a una canzone da dedicare a donne (e uomini, perch\u00e9 no) <strong>nella giornata dell\u20198 marzo e ha lanciato la propria visione. Dediche musicali speciali che promettono di toccare le corde<\/strong> pi\u00f9 profonde degli ascoltatori. Sar\u00e0 un viaggio sonoro capace di offrire ispirazione, energia e, perch\u00e9 no, qualche momento di sana commozione, rendendo l&#8217;esperienza d&#8217;ascolto un appuntamento imperdibile per chiunque cerchi contenuti di spessore ma trasmessi con il calore tipico della radio.<\/p>\n<p><strong> Restare sintonizzati \u00e8 d&#8217;obbligo. Che siate in viaggio, a casa o al lavoro<\/strong>, l&#8217;appuntamento \u00e8 sulle frequenze classiche, sul sistema digitale DAB o in streaming globale attraverso il portale &#8216;deltaradio.it&#8217;. Preparatevi a una mattinata e a un pomeriggio intensi, perch\u00e9 le sorprese non mancheranno e ne ascolterete davvero delle belle.<\/p>\n","protected":false},"excerpt":{"rendered":"Oggi, in occasione della giornata internazionale per le donne, le frequenze di Delta Radio si trasformeranno in un&hellip;\n","protected":false},"author":3,"featured_media":385599,"comment_status":"","ping_status":"","sticky":false,"template":"","format":"standard","meta":{"footnotes":"","_share_on_mastodon":"0"},"categories":[1443],"tags":[81831,4063,102461,16213,203,204,1537,90,89,1538,1539,108],"class_list":["post-385598","post","type-post","status-publish","format-standard","has-post-thumbnail","category-musica","tag-alberto-stefani","tag-dab","tag-delta-radio","tag-emilia-romagna","tag-entertainment","tag-intrattenimento","tag-it","tag-italia","tag-italy","tag-music","tag-musica","tag-veneto"],"share_on_mastodon":{"url":"","error":""},"_links":{"self":[{"href":"https:\/\/www.europesays.com\/it\/wp-json\/wp\/v2\/posts\/385598","targetHints":{"allow":["GET"]}}],"collection":[{"href":"https:\/\/www.europesays.com\/it\/wp-json\/wp\/v2\/posts"}],"about":[{"href":"https:\/\/www.europesays.com\/it\/wp-json\/wp\/v2\/types\/post"}],"author":[{"embeddable":true,"href":"https:\/\/www.europesays.com\/it\/wp-json\/wp\/v2\/users\/3"}],"replies":[{"embeddable":true,"href":"https:\/\/www.europesays.com\/it\/wp-json\/wp\/v2\/comments?post=385598"}],"version-history":[{"count":0,"href":"https:\/\/www.europesays.com\/it\/wp-json\/wp\/v2\/posts\/385598\/revisions"}],"wp:featuredmedia":[{"embeddable":true,"href":"https:\/\/www.europesays.com\/it\/wp-json\/wp\/v2\/media\/385599"}],"wp:attachment":[{"href":"https:\/\/www.europesays.com\/it\/wp-json\/wp\/v2\/media?parent=385598"}],"wp:term":[{"taxonomy":"category","embeddable":true,"href":"https:\/\/www.europesays.com\/it\/wp-json\/wp\/v2\/categories?post=385598"},{"taxonomy":"post_tag","embeddable":true,"href":"https:\/\/www.europesays.com\/it\/wp-json\/wp\/v2\/tags?post=385598"}],"curies":[{"name":"wp","href":"https:\/\/api.w.org\/{rel}","templated":true}]}}