{"id":385749,"date":"2026-03-08T01:35:12","date_gmt":"2026-03-08T01:35:12","guid":{"rendered":"https:\/\/www.europesays.com\/it\/385749\/"},"modified":"2026-03-08T01:35:12","modified_gmt":"2026-03-08T01:35:12","slug":"referendum-bonaccini-getta-la-maschera-serve-che-prevalga-il-no-una-sconfitta-per-meloni","status":"publish","type":"post","link":"https:\/\/www.europesays.com\/it\/385749\/","title":{"rendered":"Referendum, Bonaccini getta la maschera: &#8220;Serve che prevalga il no, una sconfitta per Meloni&#8221;"},"content":{"rendered":"<p>Il &#8220;no&#8221; al <strong>referendum <\/strong>non \u00e8 un voto contro la riforma della Giustizia, ossia il tema sul quale sono chiamati gli italiani, ma un voto contro <strong>Giorgia Meloni<\/strong>. Almeno questo \u00e8 quello che sostiene il Partito democratico. E la riprova arriva da un video diffuso da Esperia,\u00a0canale media dedicato a politica e attualit\u00e0. Qui si vede niente di meno di <strong>Stefano Bonaccini<\/strong>, ex presidente della Regione Emilia-Romagna, nonch\u00e9 presidente del Pd dal 2023 ed europarlamentare dal 2024. &#8220;Rispetto chi vota s\u00ec, ma oggi abbiamo bisogno che prevalga il no perch\u00e9 sarebbe la prima vera sconfitta di Giorgia Meloni e delle destre in questo Paese&#8221;.<\/p>\n<p>&#8220;Il Pd &#8211; scrive Esperia a corredo del filmato su Instagram -, come ripetuto pi\u00f9 volte da suoi esponenti come la vice presidente del Parlamento Europeo <strong>Pina Picierno<\/strong> e l&#8217;ex parlamentare <strong>Stefano Ceccanti<\/strong>, \u00e8 sempre stato a favore della separazione delle carriere e il suo programma elettorale del 2022 prevedeva l&#8217;Alta Corte Disciplinare che \u00e8 stata inserita nella riforma. E allora perch\u00e9 si oppongono a questa riforma di civilt\u00e0? Lo spiega Bonaccini in questa confessione, rilasciata al nostro <strong>Alessandro Beccalossi<\/strong>, di pochi secondi: per andare contro la Meloni. Tutto qua. Si vuole tenere il Paese immobile e arretrato per un calcolo politico. A voi i commenti&#8221;.\u00a0<\/p>\n<p><a href=\"https:\/\/www.liberoquotidiano.it\/news\/giustizia\/46679989\/anm-membro-direttivo-smarca-perche-voto-si-referendum\/\" rel=\"nofollow noopener\" target=\"_blank\">Anm, il membro del direttivo si smarca: &#8220;Perch\u00e9 voto S\u00ec al referendum&#8221;Grosse sorprese nel cuore dell&#8217;Associazione nazionale magistrati: c&#8217;\u00e8 chi non \u00e8 contrario alla rif&#8230;<\/a><\/p>\n<p>Proprio sabato 7 marzo, Bonaccini \u00e8 intervenuto all&#8217;evento a Verona a sostegno del no.\u00a0Per il dem la riforma \u00e8 un bluff e un&#8217;operazione di scasso della Carta Costituzionale che non risolverebbe la vera emergenza dei tribunali italiani, ovvero l&#8217;eccessiva durata dei processi.\u00a0<\/p>\n<blockquote class=\"instagram-media\" data-instgrm-captioned=\"\" data-instgrm-permalink=\"https:\/\/www.instagram.com\/reel\/DVlVfI_jFTy\/?utm_source=ig_embed&amp;utm_campaign=loading\" data-instgrm-version=\"14\" style=\" background:#FFF; border:0; border-radius:3px; box-shadow:0 0 1px 0 rgba(0,0,0,0.5),0 1px 10px 0 rgba(0,0,0,0.15); margin: 1px; max-width:540px; min-width:326px; padding:0; width:99.375%; width:-webkit-calc(100% - 2px); width:calc(100% - 2px);\">\n<\/blockquote>\n<p><script async src=\"\/\/www.instagram.com\/embed.js\"><\/script><\/p>\n","protected":false},"excerpt":{"rendered":"Il &#8220;no&#8221; al referendum non \u00e8 un voto contro la riforma della Giustizia, ossia il tema sul quale&hellip;\n","protected":false},"author":3,"featured_media":385750,"comment_status":"","ping_status":"","sticky":false,"template":"","format":"standard","meta":{"footnotes":"","_share_on_mastodon":"0"},"categories":[79],"tags":[14,93,94,1537,90,89,7,15,490,115345,78495,106842,11,84,91,12,85,92],"class_list":["post-385749","post","type-post","status-publish","format-standard","has-post-thumbnail","category-italia","tag-cronaca","tag-cronaca-italiana","tag-cronacaitaliana","tag-it","tag-italia","tag-italy","tag-news","tag-notizie","tag-pd","tag-referendum-giustizia","tag-riforma-della-giustizia","tag-stefano-bonaccini","tag-ultime-notizie","tag-ultime-notizie-e-news-di-oggi","tag-ultime-notizie-italia","tag-ultimenotizie","tag-ultimenotizieenewsdioggi","tag-ultimenotizieitalia"],"share_on_mastodon":{"url":"https:\/\/pubeurope.com\/@it\/116190991331715730","error":""},"_links":{"self":[{"href":"https:\/\/www.europesays.com\/it\/wp-json\/wp\/v2\/posts\/385749","targetHints":{"allow":["GET"]}}],"collection":[{"href":"https:\/\/www.europesays.com\/it\/wp-json\/wp\/v2\/posts"}],"about":[{"href":"https:\/\/www.europesays.com\/it\/wp-json\/wp\/v2\/types\/post"}],"author":[{"embeddable":true,"href":"https:\/\/www.europesays.com\/it\/wp-json\/wp\/v2\/users\/3"}],"replies":[{"embeddable":true,"href":"https:\/\/www.europesays.com\/it\/wp-json\/wp\/v2\/comments?post=385749"}],"version-history":[{"count":0,"href":"https:\/\/www.europesays.com\/it\/wp-json\/wp\/v2\/posts\/385749\/revisions"}],"wp:featuredmedia":[{"embeddable":true,"href":"https:\/\/www.europesays.com\/it\/wp-json\/wp\/v2\/media\/385750"}],"wp:attachment":[{"href":"https:\/\/www.europesays.com\/it\/wp-json\/wp\/v2\/media?parent=385749"}],"wp:term":[{"taxonomy":"category","embeddable":true,"href":"https:\/\/www.europesays.com\/it\/wp-json\/wp\/v2\/categories?post=385749"},{"taxonomy":"post_tag","embeddable":true,"href":"https:\/\/www.europesays.com\/it\/wp-json\/wp\/v2\/tags?post=385749"}],"curies":[{"name":"wp","href":"https:\/\/api.w.org\/{rel}","templated":true}]}}