{"id":386701,"date":"2026-03-08T17:15:11","date_gmt":"2026-03-08T17:15:11","guid":{"rendered":"https:\/\/www.europesays.com\/it\/386701\/"},"modified":"2026-03-08T17:15:11","modified_gmt":"2026-03-08T17:15:11","slug":"paralimpiadi-emanuel-perathoner-e-oro-nello-snowboard-cross-sb-ll2-uomini","status":"publish","type":"post","link":"https:\/\/www.europesays.com\/it\/386701\/","title":{"rendered":"Paralimpiadi: Emanuel Perathoner \u00e8 oro nello snowboard cross SB-LL2 uomini"},"content":{"rendered":"<p>Primo successo azzurro alle Paralimpiadi di Milano Cortina. L&#8217;atleta italiano ha preceduto sul traguardo l&#8217;australiano Ben Tudhope e il coreano Lee Jehyuk<\/p>\n<p class=\"chapter-paragraph\">Primo trionfo paralimpico azzurro. <b>Emanuel Perathoner <\/b>ha vinto la medaglia d&#8217;oro nello snowboard cross uomini SB-LL2 alle Paralimpiadi di Milano Cortina. \u00c8 il primo oro per i colori azzurri dei Giochi 2026. Sulla pista di Cortina D&#8217;Ampezzo ha preceduto <b>l&#8217;australiano Ben Tudhope e il coreano Lee Jehyuk<\/b>.<\/p>\n<p class=\"chapter-paragraph\">A fine gara <b>Perathoner<\/b> non \u00e8 stato in grado di trattenere tutta la sua enorme felicit\u00e0: \u00abL&#8217;emozione \u00e8 stata gareggiare davanti al proprio pubblico, \u00e8 stato bellissimo. Per me \u00e8 una seconda giovinezza, ho iniziato alla grande, questa \u00e8 la mia disciplina, quella che ho sempre fatto, sono davvero contentissimo\u00bb.\u00a0\u00abOggi la pista era perfetta, &#8211; ha aggiunto <b>Perathoner<\/b> &#8211; andava benissimo, la settimana prossima ci sar\u00e0 un&#8217;altra gara, puntiamo<br \/>l&#8217;oro anche in quella, speriamo bene\u00bb.    &#13;<br \/>\n&#13;<br \/>\n&#13;<br \/>\n&#13;<br \/>\n&#13;<br \/>\n&#13;<br \/>\n&#13;<br \/>\n&#13;<br \/>\n&#13;<br \/>\n&#13;<br \/>\n&#13;<br \/>\n&#13;<br \/>\n&#13;<br \/>\n&#13;<br \/>\n&#13;<br \/>\n&#13;<br \/>\n&#13;<br \/>\n&#13;<br \/>\n&#13;<br \/>\n&#13;<br \/>\n&#13;<br \/>\n&#13;<br \/>\n&#13;<br \/>\n&#13;<br \/>\n&#13;<br \/>\n&#13;<br \/>\n&#13;<br \/>\n&#13;<br \/>\n&#13;<br \/>\n&#13;<br \/>\n&#13;<br \/>\n&#13;<br \/>\n&#13;<br \/>\n&#13;<br \/>\n&#13;<br \/>\n&#13;<br \/>\n&#13;<br \/>\n&#13;<br \/>\n&#13;<br \/>\n&#13;<br \/>\n&#13;<br \/>\n&#13;<br \/>\n&#13;<br \/>\n&#13;<br \/>\n&#13;<br \/>\n&#13;<br \/>\n&#13;<br \/>\n&#13;<br \/>\n&#13;<br \/>\n&#13;<br \/>\n&#13;<br \/>\n&#13;<br \/>\n&#13;\n<\/p>\n<p class=\"is-last-update\" datetime=\"2026-03-08T13:46:40+01:00\">8 marzo 2026 ( modifica il 8 marzo 2026 | 13:46)<\/p>\n<p class=\"is-copyright\">\n            \u00a9 RIPRODUZIONE RISERVATA\n        <\/p>\n","protected":false},"excerpt":{"rendered":"Primo successo azzurro alle Paralimpiadi di Milano Cortina. L&#8217;atleta italiano ha preceduto sul traguardo l&#8217;australiano Ben Tudhope e&hellip;\n","protected":false},"author":3,"featured_media":386702,"comment_status":"","ping_status":"","sticky":false,"template":"","format":"standard","meta":{"footnotes":"","_share_on_mastodon":"0"},"categories":[176],"tags":[7376,222171,222172,7920,391,222173,447,1537,90,89,3206,81641,157812,245,244],"class_list":["post-386701","post","type-post","status-publish","format-standard","has-post-thumbnail","category-sport","tag-australiano","tag-australiano-ben","tag-australiano-ben-tudhope","tag-azzurro","tag-ben","tag-ben-tudhope","tag-cortina","tag-it","tag-italia","tag-italy","tag-oro","tag-paralimpiadi","tag-perathoner","tag-sport","tag-sports"],"share_on_mastodon":{"url":"https:\/\/pubeurope.com\/@it\/116194687371879283","error":""},"_links":{"self":[{"href":"https:\/\/www.europesays.com\/it\/wp-json\/wp\/v2\/posts\/386701","targetHints":{"allow":["GET"]}}],"collection":[{"href":"https:\/\/www.europesays.com\/it\/wp-json\/wp\/v2\/posts"}],"about":[{"href":"https:\/\/www.europesays.com\/it\/wp-json\/wp\/v2\/types\/post"}],"author":[{"embeddable":true,"href":"https:\/\/www.europesays.com\/it\/wp-json\/wp\/v2\/users\/3"}],"replies":[{"embeddable":true,"href":"https:\/\/www.europesays.com\/it\/wp-json\/wp\/v2\/comments?post=386701"}],"version-history":[{"count":0,"href":"https:\/\/www.europesays.com\/it\/wp-json\/wp\/v2\/posts\/386701\/revisions"}],"wp:featuredmedia":[{"embeddable":true,"href":"https:\/\/www.europesays.com\/it\/wp-json\/wp\/v2\/media\/386702"}],"wp:attachment":[{"href":"https:\/\/www.europesays.com\/it\/wp-json\/wp\/v2\/media?parent=386701"}],"wp:term":[{"taxonomy":"category","embeddable":true,"href":"https:\/\/www.europesays.com\/it\/wp-json\/wp\/v2\/categories?post=386701"},{"taxonomy":"post_tag","embeddable":true,"href":"https:\/\/www.europesays.com\/it\/wp-json\/wp\/v2\/tags?post=386701"}],"curies":[{"name":"wp","href":"https:\/\/api.w.org\/{rel}","templated":true}]}}