{"id":386703,"date":"2026-03-08T17:17:12","date_gmt":"2026-03-08T17:17:12","guid":{"rendered":"https:\/\/www.europesays.com\/it\/386703\/"},"modified":"2026-03-08T17:17:12","modified_gmt":"2026-03-08T17:17:12","slug":"diletta-leotta-il-segreto-del-mio-matrimonio-con-karius-vivere-in-due-case-separate","status":"publish","type":"post","link":"https:\/\/www.europesays.com\/it\/386703\/","title":{"rendered":"Diletta Leotta: \u00abIl segreto del mio matrimonio con Karius? Vivere in due case separate\u00bb"},"content":{"rendered":"<p>    di<br \/>\n    Salvatore Riggio<\/p>\n<p class=\"summary-art is-line-h-12\">La conduttrice tv svela come si mantiene vivo il rapporto col calciatore tedesco: \u00abQuesta possibilit\u00e0 di avere i nostri spazi ci fortifica e ci d\u00e0 la possibilit\u00e0 di dire &#8220;stiamo insieme&#8221; ed \u00e8 una festa\u00bb<\/p>\n<p class=\"chapter-paragraph\">Il segreto della felicit\u00e0 tra <a href=\"https:\/\/milano.corriere.it\/notizie\/cronaca\/26_gennaio_28\/diletta-leotta-e-loris-karius-avranno-un-maschio-lo-diciamo-a-tutti-la-conduttrice-tv-pubblica-video-durante-l-ecografia-aa87d637-cb5d-4af4-82e4-b0ce9167exlk.shtml\" title=\"Diletta Leotta e Loris Karius avranno un maschio: \u00abLo diciamo a tutti?\u00bb, la conduttrice tv pubblica video durante l&#039;ecografia\" rel=\"nofollow noopener\" target=\"_blank\">Diletta Leotta e Loris Karius, <\/a>pronti a diventare genitori per la seconda volta? Vivere parte del tempo in due case diverse, lei a Milano e lui in Germania (scelta dettata dalle esigenze lavorative di entrambe). Lo ha rivelato la stessa Diletta, che si \u00e8 sposata con il portiere tedesco nel 2024, al podcast di <b>Paola Perego<\/b>: \u00abQuesta possibilit\u00e0 di avere i nostri spazi ci fortifica e ci d\u00e0 la possibilit\u00e0 di dire \u201cstiamo insieme\u201d ed \u00e8 una festa \u2013 ha spiegato Leotta \u2013. C&#8217;\u00e8 il desiderio. Avere i propri spazi \u00e8 una regola base pensando sul lungo termine. Settimana scorsa sono stata in Germania quattro giorni, poi lui viene nei weekend, poi io rivado\u00bb.\u00a0<\/p>\n<p class=\"chapter-paragraph\">Una situazione, per\u00f2, che non durer\u00e0 per sempre: \u00abPrima o poi vivremo sempre sotto lo stesso tetto\u00bb. Diletta ha parlato anche della profonda amicizia che da anni la lega a Elodie: \u00abCon lei \u00e8 nata una vera sorellanza. Ci siamo conosciute in radio. E io poi le ho detto: \u201cAndiamo a farci la piega dal parrucchiere?\u201d\u00bb. Infine,<b> Leotta con Paola Perego<\/b> ha ricordato quando 11 anni fa le fu hackerato il telefono e le sue foto intime furono pubblicate online: \u00abUn momento terribile, perch\u00e9 non ero abbastanza strutturata. Non \u00e8 neanche il reato in s\u00e9 a fare male. Si tratta di una questione di libert\u00e0: una donna \u00e8 libera di scattarsi le foto che vuole, ma nessuno ha il diritto di strappartele via\u00bb.\u00a0    &#13;<br \/>\n&#13;<br \/>\n&#13;<br \/>\n&#13;<br \/>\n&#13;<br \/>\n&#13;<br \/>\n&#13;<br \/>\n&#13;<br \/>\n&#13;<br \/>\n&#13;<br \/>\n&#13;<br \/>\n&#13;<br \/>\n&#13;<br \/>\n&#13;<br \/>\n&#13;<br \/>\n&#13;<br \/>\n&#13;<br \/>\n&#13;<br \/>\n&#13;<br \/>\n&#13;<br \/>\n&#13;<br \/>\n&#13;<br \/>\n&#13;<br \/>\n&#13;<br \/>\n&#13;<br \/>\n&#13;<br \/>\n&#13;<br \/>\n&#13;<br \/>\n&#13;<br \/>\n&#13;<br \/>\n&#13;<br \/>\n&#13;<br \/>\n&#13;<br \/>\n&#13;<br \/>\n&#13;<br \/>\n&#13;<br \/>\n&#13;<br \/>\n&#13;<br \/>\n&#13;<br \/>\n&#13;<br \/>\n&#13;<br \/>\n&#13;<br \/>\n&#13;<br \/>\n&#13;<br \/>\n&#13;<br \/>\n&#13;<br \/>\n&#13;<br \/>\n&#13;<br \/>\n&#13;<br \/>\n&#13;<br \/>\n&#13;<br \/>\n&#13;<br \/>\n&#13;\n<\/p>\n<p class=\"is-last-update\" datetime=\"2026-03-08T13:30:57+01:00\">8 marzo 2026 ( modifica il 8 marzo 2026 | 13:30)<\/p>\n<p class=\"is-copyright\">\n            \u00a9 RIPRODUZIONE RISERVATA\n        <\/p>\n","protected":false},"excerpt":{"rendered":"di Salvatore Riggio La conduttrice tv svela come si mantiene vivo il rapporto col calciatore tedesco: \u00abQuesta possibilit\u00e0&hellip;\n","protected":false},"author":3,"featured_media":386704,"comment_status":"","ping_status":"","sticky":false,"template":"","format":"standard","meta":{"footnotes":"","_share_on_mastodon":"0"},"categories":[174],"tags":[727,2878,222174,222175,25780,8048,203,2217,222176,222177,222178,228,3044,204,1537,90,89,25783,25781,1393,7901,21301],"class_list":["post-386703","post","type-post","status-publish","format-standard","has-post-thumbnail","category-intrattenimento","tag-case","tag-da","tag-da-possibilita","tag-da-possibilita-festa","tag-diletta","tag-diletta-leotta","tag-entertainment","tag-festa","tag-fortifica","tag-fortifica-da","tag-fortifica-da-possibilita","tag-foto","tag-germania","tag-intrattenimento","tag-it","tag-italia","tag-italy","tag-karius","tag-leotta","tag-paola","tag-possibilita","tag-spazi"],"share_on_mastodon":{"url":"https:\/\/pubeurope.com\/@it\/116194695492210087","error":""},"_links":{"self":[{"href":"https:\/\/www.europesays.com\/it\/wp-json\/wp\/v2\/posts\/386703","targetHints":{"allow":["GET"]}}],"collection":[{"href":"https:\/\/www.europesays.com\/it\/wp-json\/wp\/v2\/posts"}],"about":[{"href":"https:\/\/www.europesays.com\/it\/wp-json\/wp\/v2\/types\/post"}],"author":[{"embeddable":true,"href":"https:\/\/www.europesays.com\/it\/wp-json\/wp\/v2\/users\/3"}],"replies":[{"embeddable":true,"href":"https:\/\/www.europesays.com\/it\/wp-json\/wp\/v2\/comments?post=386703"}],"version-history":[{"count":0,"href":"https:\/\/www.europesays.com\/it\/wp-json\/wp\/v2\/posts\/386703\/revisions"}],"wp:featuredmedia":[{"embeddable":true,"href":"https:\/\/www.europesays.com\/it\/wp-json\/wp\/v2\/media\/386704"}],"wp:attachment":[{"href":"https:\/\/www.europesays.com\/it\/wp-json\/wp\/v2\/media?parent=386703"}],"wp:term":[{"taxonomy":"category","embeddable":true,"href":"https:\/\/www.europesays.com\/it\/wp-json\/wp\/v2\/categories?post=386703"},{"taxonomy":"post_tag","embeddable":true,"href":"https:\/\/www.europesays.com\/it\/wp-json\/wp\/v2\/tags?post=386703"}],"curies":[{"name":"wp","href":"https:\/\/api.w.org\/{rel}","templated":true}]}}